{"id":13577,"date":"2018-03-24T16:54:57","date_gmt":"2018-03-24T19:54:57","guid":{"rendered":"http:\/\/www.ilheusnoticias.net.br\/v1\/?p=13577"},"modified":"2018-03-24T16:54:57","modified_gmt":"2018-03-24T19:54:57","slug":"policia-civil-de-ilheus-cumpre-mandado-de-prisao-contra-mulher-que-matou-empresaria","status":"publish","type":"post","link":"https:\/\/www.ilheusnoticias.net.br\/v1\/2018\/03\/24\/policia-civil-de-ilheus-cumpre-mandado-de-prisao-contra-mulher-que-matou-empresaria\/","title":{"rendered":"Pol\u00edcia Civil de Ilh\u00e9us cumpre mandado de pris\u00e3o contra mulher que matou empres\u00e1ria"},"content":{"rendered":"<h2 class=\"PostHeaderIcon-wrapper\"><\/h2>\n<div class=\"PostContent\">\n<div class=\"_4u-c _1wfr _9hq\">\n<div class=\"_5f0v uiScrollableArea fade contentBefore contentAfter\" tabindex=\"0\">\n<div id=\"js_d\" class=\"uiScrollableAreaWrap scrollable\">\n<div class=\"uiScrollableAreaBody\">\n<div class=\"uiScrollableAreaContent\">\n<div class=\"__i_\">\n<div id=\"js_2\">\n<div>\n<div class=\"_1t_p clearfix\">\n<div class=\"_41ud\">\n<div class=\"clearfix _o46 _3erg _3i_m _nd_ direction_ltr text_align_ltr\">\n<div id=\"js_1y\" class=\"_3058 _ui9 _hh7 _s1- _52mr _43by _3oh-\" data-tooltip-content=\"19:59\" data-hover=\"tooltip\" data-tooltip-position=\"right\">\n<div id=\"attachment_26853\" class=\"wp-caption aligncenter\"><img loading=\"lazy\" class=\"size-full wp-image-26853\" src=\"http:\/\/www.fabiorobertonoticias.com.br\/v1\/wp-content\/uploads\/2018\/03\/29390649_1653008411458576_1766467032_o-e1521846650281.jpg\" alt=\"Mulher matou outra em 2010. \" width=\"555\" height=\"987\" \/><\/p>\n<p class=\"wp-caption-text\">Mulher matou outra em 2010.<\/p>\n<\/div>\n<p class=\"_aok\"><span class=\"_3oh- _58nk\">Policiais Civis lotados no N\u00facleo de Homic\u00eddios da 1\u00aa delegacia de Ilh\u00e9us cumpriram mandado de pris\u00e3o nesta sexta-feira, 23, em desfavor de Nelcy Barreto Silva, 45 anos, natural do munic\u00edpio de Camacan. A mulher responde processo n\u00ba\u00a00004876-19.2010.8.05.0103.<\/span><\/p>\n<p class=\"_aok\"><span class=\"_3oh- _58nk\">Nelcy foi condenada por coparticipa\u00e7\u00e3o no latroc\u00ednio que vitimou a Sra. Iza Novais de Andrade, fato ocorrido no dia 17\/04\/2010 no interior de um restaurante localizado na Rua Joana Ang\u00e9lica, 97, no centro da cidade de Ilh\u00e9us.<\/span><\/p>\n<p class=\"_aok\"><span class=\"_3oh- _58nk\">A conduzida foi apresentada no plant\u00e3o da 7\u00aa Coorpin, ficando \u00e0 disposi\u00e7\u00e3o da autoridade competente para ado\u00e7\u00e3o das medidas cab\u00edveis.\u00a0<\/span><\/p>\n<p class=\"_aok\">Mat\u00e9ria : F\u00e1bio Roberto<\/p>\n<\/div>\n<\/div>\n<\/div>\n<\/div>\n<\/div>\n<\/div>\n<\/div>\n<\/div>\n<\/div>\n<\/div>\n<\/div>\n<\/div>\n<\/div>\n","protected":false},"excerpt":{"rendered":"<p>Mulher matou outra em 2010. Policiais Civis lotados no N\u00facleo de Homic\u00eddios da 1\u00aa delegacia de Ilh\u00e9us cumpriram mandado de pris\u00e3o nesta sexta-feira, 23, em desfavor de Nelcy Barreto Silva, 45 anos, natural do munic\u00edpio de Camacan. A mulher responde processo n\u00ba\u00a00004876-19.2010.8.05.0103. Nelcy foi condenada por coparticipa\u00e7\u00e3o no latroc\u00ednio que vitimou a Sra. Iza Novais [&hellip;]<\/p>\n","protected":false},"author":2,"featured_media":0,"comment_status":"open","ping_status":"open","sticky":false,"template":"","format":"standard","meta":{"_links_to":"","_links_to_target":""},"categories":[7,9,8,1,5],"tags":[],"_links":{"self":[{"href":"https:\/\/www.ilheusnoticias.net.br\/v1\/wp-json\/wp\/v2\/posts\/13577"}],"collection":[{"href":"https:\/\/www.ilheusnoticias.net.br\/v1\/wp-json\/wp\/v2\/posts"}],"about":[{"href":"https:\/\/www.ilheusnoticias.net.br\/v1\/wp-json\/wp\/v2\/types\/post"}],"author":[{"embeddable":true,"href":"https:\/\/www.ilheusnoticias.net.br\/v1\/wp-json\/wp\/v2\/users\/2"}],"replies":[{"embeddable":true,"href":"https:\/\/www.ilheusnoticias.net.br\/v1\/wp-json\/wp\/v2\/comments?post=13577"}],"version-history":[{"count":1,"href":"https:\/\/www.ilheusnoticias.net.br\/v1\/wp-json\/wp\/v2\/posts\/13577\/revisions"}],"predecessor-version":[{"id":13578,"href":"https:\/\/www.ilheusnoticias.net.br\/v1\/wp-json\/wp\/v2\/posts\/13577\/revisions\/13578"}],"wp:attachment":[{"href":"https:\/\/www.ilheusnoticias.net.br\/v1\/wp-json\/wp\/v2\/media?parent=13577"}],"wp:term":[{"taxonomy":"category","embeddable":true,"href":"https:\/\/www.ilheusnoticias.net.br\/v1\/wp-json\/wp\/v2\/categories?post=13577"},{"taxonomy":"post_tag","embeddable":true,"href":"https:\/\/www.ilheusnoticias.net.br\/v1\/wp-json\/wp\/v2\/tags?post=13577"}],"curies":[{"name":"wp","href":"https:\/\/api.w.org\/{rel}","templated":true}]}}