{"id":12926,"date":"2018-02-27T13:13:00","date_gmt":"2018-02-27T16:13:00","guid":{"rendered":"http:\/\/www.ilheusnoticias.net.br\/v1\/?p=12926"},"modified":"2018-02-27T13:13:00","modified_gmt":"2018-02-27T16:13:00","slug":"prefeito-entrega-escola-semente-da-esperanca-totalmente-reformada","status":"publish","type":"post","link":"https:\/\/www.ilheusnoticias.net.br\/v1\/2018\/02\/27\/prefeito-entrega-escola-semente-da-esperanca-totalmente-reformada\/","title":{"rendered":"Prefeito entrega Escola Semente  da Esperan\u00e7a totalmente reformada"},"content":{"rendered":"<p><img loading=\"lazy\" class=\"\" src=\"https:\/\/attachment.outlook.office.net\/owa\/laudiceacarvalho62@hotmail.com\/service.svc\/s\/GetAttachmentThumbnail?id=AQMkADAwATYwMAItY2MANTgtODQxNC0wMAItMDAKAEYAAANqOYr2uMN4Qoz6pFp%2FhFoeBwAsxvM0hWqyT6EfSeQ8%2BPgA8AAAAgEMAAAALMbzNIVqsk%2BhH0nkPPj4APAAAXImplQAAAABEgAQACg%2BROStlG1DvgYZm3QFfic%3D&amp;thumbnailType=2&amp;X-OWA-CANARY=a8Yg_d9Ma02fH8yTNG9e9eBueMH8fdUYxlp23dMs51l8UnBYgew0fItPe_BdmUvnzwMt95k1j2c.&amp;token=eyJ0eXAiOiJKV1QiLCJhbGciOiJSUzI1NiIsIng1dCI6ImVuaDlCSnJWUFU1aWpWMXFqWmpWLWZMMmJjbyJ9.eyJ2ZXIiOiJFeGNoYW5nZS5DYWxsYmFjay5WMSIsImFwcGN0eHNlbmRlciI6Ik93YURvd25sb2FkQDg0ZGY5ZTdmLWU5ZjYtNDBhZi1iNDM1LWFhYWFhYWFhYWFhYSIsImFwcGN0eCI6IntcIm1zZXhjaHByb3RcIjpcIm93YVwiLFwicHJpbWFyeXNpZFwiOlwiUy0xLTI4MjctMzkzMjE2LTM0MjgzNTMwNDRcIixcInB1aWRcIjpcIjE2ODg4NTMyODg2MTY5ODBcIixcIm9pZFwiOlwiMDAwNjAwMDAtY2M1OC04NDE0LTAwMDAtMDAwMDAwMDAwMDAwXCIsXCJzY29wZVwiOlwiT3dhRG93bmxvYWRcIn0iLCJpc3MiOiIwMDAwMDAwMi0wMDAwLTBmZjEtY2UwMC0wMDAwMDAwMDAwMDBAODRkZjllN2YtZTlmNi00MGFmLWI0MzUtYWFhYWFhYWFhYWFhIiwiYXVkIjoiMDAwMDAwMDItMDAwMC0wZmYxLWNlMDAtMDAwMDAwMDAwMDAwL2F0dGFjaG1lbnQub3V0bG9vay5vZmZpY2UubmV0QDg0ZGY5ZTdmLWU5ZjYtNDBhZi1iNDM1LWFhYWFhYWFhYWFhYSIsImV4cCI6MTUxOTc0ODIzNiwibmJmIjoxNTE5NzQ3NjM2fQ.Ri1RXHdO-ZGKCbHX-4e_SD22vctf5-2Yv147WOjPqMbKIc-9ChZ9Znh8pg3haQyJinJ3yZv_fvr4XpQ6z6M8ATeRxB5OC6AbjgXnWH0zF8_NG26011rvEAAsYVR69Qxw2mXZ9JnvVf3G5YbhqfYqVCpZVwUHp9mf0ebmL9Rk9S4lNeQHPUU62_4KEbPY_z_jFnvSDCysEh4a_pYyU_x-HMtkavg-7_3WmFTMqkXZKpuoPrZtsqa6WtK5Vn7QnVxurlBp2oijfjgqUXtDolr8_Pjc7j13SY_phSeyvHRhE38cVPRHfXNt6k4cK07cods3dbp7RQLb1GYRzNgxygn6TQ&amp;owa=outlook.live.com&amp;isc=1\" alt=\"\" width=\"343\" height=\"193\" \/><\/p>\n<p class=\"x_MsoNormal\" align=\"center\">\n<p class=\"x_MsoNormal\">\n<p class=\"x_MsoNormal\">O prefeito de Ilh\u00e9us, M\u00e1rio Alexandre, inaugurou ontem (26) a reforma completa da Escola Semente da Esperan\u00e7a, localizada em Oliven\u00e7a, zona sul do munic\u00edpio. \u201cTemos trabalhado para melhorar os espa\u00e7os em que vivemos. O que estamos presenciando aqui n\u00e3o \u00e9 apenas um pr\u00e9dio recuperado. Vejam voc\u00eas mesmo como est\u00e1 funcionando, por que eu enxergo a satisfa\u00e7\u00e3o no rosto de cada um de voc\u00eas, sejam professores, pais ou alunos\u201d, disse.<\/p>\n<p class=\"x_MsoNormal\">Assim como a Escola Semente da Esperan\u00e7a, outras nove unidades da rede municipal tamb\u00e9m est\u00e3o sendo totalmente reformadas, com recursos pr\u00f3prios da Prefeitura. \u201cEstamos recuperando dez unidades escolares, onde a divis\u00f3ria improvisada de antigamente tornou-se parede de verdade. E construindo a Escola de Pia\u00e7aveira, com um olhar de respeito com a educa\u00e7\u00e3o das nossas crian\u00e7as\u201d, disse M\u00e1rio Alexandre.<\/p>\n<p class=\"x_MsoNormal\"><!--more--><\/p>\n<p class=\"x_MsoNormal\"><b>Heran\u00e7a reprovada<\/b>\u00a0&#8211; O prefeito lembra que um ano atr\u00e1s encontrou uma triste realidade na educa\u00e7\u00e3o. N\u00e3o havia coordena\u00e7\u00e3o de inclus\u00e3o e diversidade, apenas articula\u00e7\u00e3o de anos finais sobre as quest\u00f5es \u00e9tnico-raciais. Na Educa\u00e7\u00e3o de Jovens e Adultos (EJA), n\u00e3o existiam reuni\u00f5es e forma\u00e7\u00f5es. Os setores n\u00e3o tinham intera\u00e7\u00e3o e as decis\u00f5es eram centralizadas. O transporte escolar com irregularidades sinalizadas pela Controladoria Geral da Uni\u00e3o (CGU), tinha uma frota de \u00f4nibus sucateada, documentos dos ve\u00edculos atrasados e pend\u00eancias de pagamento.<\/p>\n<p class=\"x_MsoNormal\">No ano passado, mesmo com a diminui\u00e7\u00e3o populacional registrada por estimativa pelo Instituto Brasileiro de Geografia e Estat\u00edstica (IBGE), o n\u00famero de matriculados na rede ultrapassou a casa dos 20 mil alunos. \u201cPassamos a visitar as escolas, conhecer a realidade de cada uma delas, ampliamos a forma\u00e7\u00e3o dos docentes e n\u00e3o docentes e realizamos a licita\u00e7\u00e3o do transporte escolar regularizando os problemas apontados pela controladoria geral da uni\u00e3o\u201d, lembra.<\/p>\n<p class=\"x_MsoNormal\">\u201cResolvemos a inadimpl\u00eancia e a irregularidade da merenda escolar, inserimos nossas institui\u00e7\u00f5es em programas de escola no campo, a exemplo do Programa Despertar, onde tivemos alunos premiados pela iniciativa educacional. Em parceria com a secretaria estadual de Educa\u00e7\u00e3o, aderimos ao Topa \u2013 Todos pela Alfabetiza\u00e7\u00e3o\u201d, enumera o prefeito de Ilh\u00e9us.<\/p>\n<p class=\"x_MsoNormal\">Neste primeiro momento de 2018, a rede municipal ampliou o n\u00famero de linhas do transporte escolar, recuperou a frota do Programa Caminhos da Escola e criou oito mil novas vagas na rede. \u201cA gente est\u00e1 fazendo. E voc\u00eas v\u00e3o cuidar como aqui fosse a casa de voc\u00eas. A escola deve ser sempre uma extens\u00e3o da nossa casa\u201d, disse aos alunos da Escola Semente da Esperan\u00e7a. O prefeito de Ilh\u00e9us anunciou em Oliven\u00e7a que nos pr\u00f3ximos dias estar\u00e1 em Bras\u00edlia, trabalhando para destravar a constru\u00e7\u00e3o de creches municipais, com recursos\u00a0do Fundo Nacional de Desenvolvimento da Educa\u00e7\u00e3o<em><b>\u00a0(<\/b><\/em>FNDE). Por falta de presta\u00e7\u00e3o do governo anterior, as obras foram paralisadas.<\/p>\n","protected":false},"excerpt":{"rendered":"<p>O prefeito de Ilh\u00e9us, M\u00e1rio Alexandre, inaugurou ontem (26) a reforma completa da Escola Semente da Esperan\u00e7a, localizada em Oliven\u00e7a, zona sul do munic\u00edpio. \u201cTemos trabalhado para melhorar os espa\u00e7os em que vivemos. O que estamos presenciando aqui n\u00e3o \u00e9 apenas um pr\u00e9dio recuperado. Vejam voc\u00eas mesmo como est\u00e1 funcionando, por que eu enxergo a [&hellip;]<\/p>\n","protected":false},"author":2,"featured_media":0,"comment_status":"open","ping_status":"open","sticky":false,"template":"","format":"standard","meta":{"_links_to":"","_links_to_target":""},"categories":[7,9,8,1],"tags":[],"_links":{"self":[{"href":"https:\/\/www.ilheusnoticias.net.br\/v1\/wp-json\/wp\/v2\/posts\/12926"}],"collection":[{"href":"https:\/\/www.ilheusnoticias.net.br\/v1\/wp-json\/wp\/v2\/posts"}],"about":[{"href":"https:\/\/www.ilheusnoticias.net.br\/v1\/wp-json\/wp\/v2\/types\/post"}],"author":[{"embeddable":true,"href":"https:\/\/www.ilheusnoticias.net.br\/v1\/wp-json\/wp\/v2\/users\/2"}],"replies":[{"embeddable":true,"href":"https:\/\/www.ilheusnoticias.net.br\/v1\/wp-json\/wp\/v2\/comments?post=12926"}],"version-history":[{"count":2,"href":"https:\/\/www.ilheusnoticias.net.br\/v1\/wp-json\/wp\/v2\/posts\/12926\/revisions"}],"predecessor-version":[{"id":12928,"href":"https:\/\/www.ilheusnoticias.net.br\/v1\/wp-json\/wp\/v2\/posts\/12926\/revisions\/12928"}],"wp:attachment":[{"href":"https:\/\/www.ilheusnoticias.net.br\/v1\/wp-json\/wp\/v2\/media?parent=12926"}],"wp:term":[{"taxonomy":"category","embeddable":true,"href":"https:\/\/www.ilheusnoticias.net.br\/v1\/wp-json\/wp\/v2\/categories?post=12926"},{"taxonomy":"post_tag","embeddable":true,"href":"https:\/\/www.ilheusnoticias.net.br\/v1\/wp-json\/wp\/v2\/tags?post=12926"}],"curies":[{"name":"wp","href":"https:\/\/api.w.org\/{rel}","templated":true}]}}