{"id":12922,"date":"2018-02-27T13:08:02","date_gmt":"2018-02-27T16:08:02","guid":{"rendered":"http:\/\/www.ilheusnoticias.net.br\/v1\/?p=12922"},"modified":"2018-02-27T13:08:02","modified_gmt":"2018-02-27T16:08:02","slug":"rui-lanca-editais-que-selecionam-acoes-socioambientais-de-povos-indigenas-e-quilombolas","status":"publish","type":"post","link":"https:\/\/www.ilheusnoticias.net.br\/v1\/2018\/02\/27\/rui-lanca-editais-que-selecionam-acoes-socioambientais-de-povos-indigenas-e-quilombolas\/","title":{"rendered":"Rui lan\u00e7a editais que selecionam a\u00e7\u00f5es socioambientais de povos ind\u00edgenas e quilombolas"},"content":{"rendered":"<div><img loading=\"lazy\" class=\"\" src=\"https:\/\/attachment.outlook.office.net\/owa\/laudiceacarvalho62@hotmail.com\/service.svc\/s\/GetAttachmentThumbnail?id=AQMkADAwATYwMAItY2MANTgtODQxNC0wMAItMDAKAEYAAANqOYr2uMN4Qoz6pFp%2FhFoeBwAsxvM0hWqyT6EfSeQ8%2BPgA8AAAAgEMAAAALMbzNIVqsk%2BhH0nkPPj4APAAAXImplgAAAABEgAQAFhSKZkg5oVHprrkY%2FY9cuE%3D&amp;thumbnailType=2&amp;X-OWA-CANARY=BT0tkI1kt02iJOuCK_n6kYDVq977fdUYURCcJEbFLEcTWt88ZIFIay4ACPCcHGUzWrsTGEBE1E0.&amp;token=eyJ0eXAiOiJKV1QiLCJhbGciOiJSUzI1NiIsIng1dCI6ImVuaDlCSnJWUFU1aWpWMXFqWmpWLWZMMmJjbyJ9.eyJ2ZXIiOiJFeGNoYW5nZS5DYWxsYmFjay5WMSIsImFwcGN0eHNlbmRlciI6Ik93YURvd25sb2FkQDg0ZGY5ZTdmLWU5ZjYtNDBhZi1iNDM1LWFhYWFhYWFhYWFhYSIsImFwcGN0eCI6IntcIm1zZXhjaHByb3RcIjpcIm93YVwiLFwicHJpbWFyeXNpZFwiOlwiUy0xLTI4MjctMzkzMjE2LTM0MjgzNTMwNDRcIixcInB1aWRcIjpcIjE2ODg4NTMyODg2MTY5ODBcIixcIm9pZFwiOlwiMDAwNjAwMDAtY2M1OC04NDE0LTAwMDAtMDAwMDAwMDAwMDAwXCIsXCJzY29wZVwiOlwiT3dhRG93bmxvYWRcIn0iLCJpc3MiOiIwMDAwMDAwMi0wMDAwLTBmZjEtY2UwMC0wMDAwMDAwMDAwMDBAODRkZjllN2YtZTlmNi00MGFmLWI0MzUtYWFhYWFhYWFhYWFhIiwiYXVkIjoiMDAwMDAwMDItMDAwMC0wZmYxLWNlMDAtMDAwMDAwMDAwMDAwL2F0dGFjaG1lbnQub3V0bG9vay5vZmZpY2UubmV0QDg0ZGY5ZTdmLWU5ZjYtNDBhZi1iNDM1LWFhYWFhYWFhYWFhYSIsImV4cCI6MTUxOTc0NzkzNCwibmJmIjoxNTE5NzQ3MzM0fQ.k6QONoHE0UFQUPtiQ043-taLCoQHnHlHi9NCgYWsfaQcsbe9LxtYYjZLP8KD0I9kWhLQCON-v9UEDt_rYQq3njvk9MgDuKhKTWKxRrTTF16F5b-QJwYYG5ulX4IiM0o73441WChs9gBaHzvhmS3-JyAWWUHA6dfDE0uFS313mFdU3IgcLic9sdufs9D2n20e2W79E6isSI3M2TBjMtt83RqbPmMjBRdW3-C6z6LOfyn5MJSIyr18TOtR3KJBxGWgKuu6vcqDos8IzluUrgCtYRtcCOXtUfyNiHAl_nnIoL3tt_tyGcWMmTDTFKxW01L7GN3u1g5OfksRc0GOZ823Yg&amp;owa=outlook.live.com&amp;isc=1\" alt=\"\" width=\"263\" height=\"175\" \/><\/div>\n<div>\n<p>Comunidades Quilombolas e Povos Ind\u00edgenas de todo o estado poder\u00e3o inscrever seus projetos socioambientais nos editais do Programa Bahia Produtiva lan\u00e7ados pelo governador Rui Costa, nesta ter\u00e7a-feira (27), no audit\u00f3rio da Secretaria de Infraestrutura do Estado (Seinfra), em Salvador. Cada edital investir\u00e1 R$ 9 milh\u00f5es para prestar apoio t\u00e9cnico e financeiro a subprojetos voltados para a implanta\u00e7\u00e3o e gest\u00e3o de a\u00e7\u00f5es de sustentabilidade ambiental, seguran\u00e7a h\u00eddrica, alimentar e nutricional das fam\u00edlias beneficiadas. Os editais estar\u00e3o dispon\u00edveis para consulta no site da Secretaria de Desenvolvimento Rural (SDR) e da\u00a0<a id=\"LPlnk76320\" class=\"x_OWAAutoLink\" href=\"https:\/\/eur03.safelinks.protection.outlook.com\/?url=http%3A%2F%2Fwww.car.ba.gov.br%2Fprojetos%2Fbahia-produtiva&amp;data=02%7C01%7C%7C847b590557164eef143e08d57dee9e4a%7C84df9e7fe9f640afb435aaaaaaaaaaaa%7C1%7C0%7C636553386214699799&amp;sdata=jZNGM096eSH6v4rbGQ7AHvJXcCqtZulZxM%2FmT9sKaTA%3D&amp;reserved=0\" target=\"_blank\" rel=\"noopener noreferrer\"><b>Companhia de Desenvolvimento e A\u00e7\u00e3o Regional (CAR)<\/b><\/a>\u00a0. As inscri\u00e7\u00f5es come\u00e7am no dia 1\u00ba de mar\u00e7o.<\/div>\n<div>\n\u201c\u00c9 um volume consider\u00e1vel de recursos. Ontem [segunda-feira, dia 26], foram R$ 80 milh\u00f5es. Hoje, s\u00e3o R$ 18 milh\u00f5es. Estamos falando de R$ 98 milh\u00f5es em dois dias em um momento de crise\u201d, afirmou o governador ao destacar a Bahia como o estado que mais investe em agricultura familiar, com recursos pr\u00f3prios, em todo o pa\u00eds.<\/p>\n<p>Segundo o titular da SDR, Jer\u00f4nimo Rodrigues, \u201cesses dois editais s\u00e3o especiais. Eles s\u00e3o espec\u00edficos, n\u00e3o h\u00e1 associa\u00e7\u00f5es n\u00e3o ind\u00edgenas e quilombolas concorrendo. E, neste caso, a forma como eles v\u00e3o cadastrar suas manifesta\u00e7\u00f5es de interesse \u00e9 diferenciada. N\u00e3o precisa elaborar um projeto, eles v\u00e3o apenas citar o tema que eles querem implantar na comunidade\u201d, explicou.<\/p>\n<p>A Sele\u00e7\u00e3o de Subprojetos Socioambientais para Povos Ind\u00edgenas prev\u00ea o financiamento de cerca de 30 iniciativas, com limite m\u00e1ximo de investimento de at\u00e9 R$ 300 mil cada uma. Os recursos ser\u00e3o distribu\u00eddos nas quatro regi\u00f5es do estado com concentra\u00e7\u00e3o de povos Ind\u00edgenas: norte, oeste, sul e extremo sul da Bahia.<\/p>\n<p>A Sele\u00e7\u00e3o de Subprojetos Socioambientais para Comunidades Quilombolas tamb\u00e9m dever\u00e1 financiar 30 propostas com at\u00e9 R$ 300 mil. Neste edital, o p\u00fablico alvo s\u00e3o as 736 Comunidades Remanescentes de Quilombos da Bahia, cadastrados na Secretaria de Promo\u00e7\u00e3o da Igualdade Racial.<\/p>\n<p>O evento reuniu representantes de povos ind\u00edgenas e comunidades quilombolas, al\u00e9m de secret\u00e1rios de governo e parlamentares. Os editais se juntam \u00e0s outras duas Chamadas P\u00fablicas do Bahia Produtiva, lan\u00e7adas na \u00faltima segunda-feira (26), que investir\u00e3o R$ 80 milh\u00f5es na agricultura familiar, totalizando R$ 98 milh\u00f5es aplicados no desenvolvimento do setor.<\/p><\/div>\n<p><!--more--><\/p>\n<p><!--more--><\/p>\n","protected":false},"excerpt":{"rendered":"<p>Comunidades Quilombolas e Povos Ind\u00edgenas de todo o estado poder\u00e3o inscrever seus projetos socioambientais nos editais do Programa Bahia Produtiva lan\u00e7ados pelo governador Rui Costa, nesta ter\u00e7a-feira (27), no audit\u00f3rio da Secretaria de Infraestrutura do Estado (Seinfra), em Salvador. Cada edital investir\u00e1 R$ 9 milh\u00f5es para prestar apoio t\u00e9cnico e financeiro a subprojetos voltados para [&hellip;]<\/p>\n","protected":false},"author":2,"featured_media":0,"comment_status":"open","ping_status":"open","sticky":false,"template":"","format":"standard","meta":{"_links_to":"","_links_to_target":""},"categories":[7,9,8,1],"tags":[],"_links":{"self":[{"href":"https:\/\/www.ilheusnoticias.net.br\/v1\/wp-json\/wp\/v2\/posts\/12922"}],"collection":[{"href":"https:\/\/www.ilheusnoticias.net.br\/v1\/wp-json\/wp\/v2\/posts"}],"about":[{"href":"https:\/\/www.ilheusnoticias.net.br\/v1\/wp-json\/wp\/v2\/types\/post"}],"author":[{"embeddable":true,"href":"https:\/\/www.ilheusnoticias.net.br\/v1\/wp-json\/wp\/v2\/users\/2"}],"replies":[{"embeddable":true,"href":"https:\/\/www.ilheusnoticias.net.br\/v1\/wp-json\/wp\/v2\/comments?post=12922"}],"version-history":[{"count":1,"href":"https:\/\/www.ilheusnoticias.net.br\/v1\/wp-json\/wp\/v2\/posts\/12922\/revisions"}],"predecessor-version":[{"id":12923,"href":"https:\/\/www.ilheusnoticias.net.br\/v1\/wp-json\/wp\/v2\/posts\/12922\/revisions\/12923"}],"wp:attachment":[{"href":"https:\/\/www.ilheusnoticias.net.br\/v1\/wp-json\/wp\/v2\/media?parent=12922"}],"wp:term":[{"taxonomy":"category","embeddable":true,"href":"https:\/\/www.ilheusnoticias.net.br\/v1\/wp-json\/wp\/v2\/categories?post=12922"},{"taxonomy":"post_tag","embeddable":true,"href":"https:\/\/www.ilheusnoticias.net.br\/v1\/wp-json\/wp\/v2\/tags?post=12922"}],"curies":[{"name":"wp","href":"https:\/\/api.w.org\/{rel}","templated":true}]}}