{"id":12915,"date":"2018-02-27T09:01:34","date_gmt":"2018-02-27T12:01:34","guid":{"rendered":"http:\/\/www.ilheusnoticias.net.br\/v1\/?p=12915"},"modified":"2018-02-27T09:01:34","modified_gmt":"2018-02-27T12:01:34","slug":"falta-de-iluminacao-e-seguranca-assustam-estudantes-na-av-itabuna","status":"publish","type":"post","link":"https:\/\/www.ilheusnoticias.net.br\/v1\/2018\/02\/27\/falta-de-iluminacao-e-seguranca-assustam-estudantes-na-av-itabuna\/","title":{"rendered":"Falta de ilumina\u00e7\u00e3o e seguran\u00e7a assustam estudantes na Av. Itabuna"},"content":{"rendered":"<div class=\"entry\" style=\"padding: 0px; margin: 0px; outline: none; list-style: none; border: 0pxnone; box-sizing: border-box; word-wrap: break-word; line-height: 22px; color: rgb(51,51,51); font-family: \" droidsans\",arial,verdana,sans-serif; font-size: 13px; font-style: normal; font-variant-ligatures: font-variant-caps: font-weight: 400; letter-spacing: orphans: 2text-indent: 0px; text-transform: none; white-space: widows: 2; word-spacing: -webkit-text-stroke-width: background-color: rgb(255,255,255); text-decoration-style: initial; text-decoration-color: text-align: left;\">\n<p style=\"padding: 0px; margin: 0px0px20px; outline: none; list-style: none; border: 0pxnone; box-sizing: border-box;\"><img loading=\"lazy\" class=\"alignnone wp-image-330 aligncenter tie-appear\" src=\"http:\/\/novaisnoticias.com\/wp-content\/uploads\/2018\/02\/WhatsApp-Image-2018-02-27-at-07.52.45-300x169.jpeg\" alt=\"\" width=\"426\" height=\"240\" srcset=\"https:\/\/novaisnoticias.com\/wp-content\/uploads\/2018\/02\/WhatsApp-Image-2018-02-27-at-07.52.45-300x169.jpeg 300w, https:\/\/novaisnoticias.com\/wp-content\/uploads\/2018\/02\/WhatsApp-Image-2018-02-27-at-07.52.45-768x432.jpeg 768w, https:\/\/novaisnoticias.com\/wp-content\/uploads\/2018\/02\/WhatsApp-Image-2018-02-27-at-07.52.45-1024x576.jpeg 1024w, https:\/\/novaisnoticias.com\/wp-content\/uploads\/2018\/02\/WhatsApp-Image-2018-02-27-at-07.52.45.jpeg 1280w\" sizes=\"(max-width: 426px) 100vw, 426px\" style=\"padding: 0px; margin: 5px auto; outline: none; list-style: none; border: 0px none; box-sizing: border-box; max-width: 100%; height: auto; vertical-align: middle; clear: both; display: block; opacity: 1; transition: all 0.4s ease-in-out;\" data-temp-aztec-id=\"3a58a485-7eed-400e-857a-03e29e5a9ba2\"><\/p>\n<p style=\"padding: 0px; margin: 0px0px20px; outline: none; list-style: none; border: 0pxnone; box-sizing: border-box; text-align: left;\">Muitos cidad\u00e3os tem reclamado devido a falta de seguran\u00e7a p\u00fablica destinada \u00e0 Avenida Itabuna, que \u00e9 um bairro onde a viol\u00eancia e a onda de assaltos \u00e9 grande.<\/p>\n<p style=\"padding: 0px; margin: 0px0px20px; outline: none; list-style: none; border: 0pxnone; box-sizing: border-box; text-align: left;\">Trabalhadores e estudantes lidam diariamente com as ruas vazias e perigosas dessa localidade \u00e0 noite, quando esperam por tempo prolongado nos pontos de \u00f4nibus para retornarem as suas casas, sem contar os pr\u00f3prios moradores da regi\u00e3o, que s\u00e3o os principais afetados por essa situa\u00e7\u00e3o.<\/p>\n<p style=\"padding: 0px; margin: 0px0px20px; outline: none; list-style: none; border: 0pxnone; box-sizing: border-box; text-align: left;\">Por ilh\u00e9us ser uma cidade onde o transporte p\u00fablico atrasa e muitas vezes n\u00e3o tem hora para passar, com pouca fiscaliza\u00e7\u00e3o, a popula\u00e7\u00e3o acaba sofrendo e temendo ao esperar pelos \u00f4nibus, tornando-se alvos f\u00e1ceis para bandidos, colocando seus pertences e at\u00e9 mesmo suas vidas em risco, no simples ato de esperar para retornar as suas casas.<\/p>\n<p style=\"padding: 0px; margin: 0px0px20px; outline: none; list-style: none; border: 0pxnone; box-sizing: border-box; text-align: left;\">\u00c9 importante que toda a popula\u00e7\u00e3o, n\u00e3o s\u00f3 os que s\u00e3o afetados diretamente pela situa\u00e7\u00e3o, se manifestem e emitam sua opini\u00e3o sobre o caso, dessa forma \u00e9 poss\u00edvel que a prefeitura se atente melhor a situa\u00e7\u00e3o e trabalhe em cima desse problema, no intuito de diminuir sua ocorr\u00eancia.<\/p>\n<\/div>\n<p style=\"padding: 0px; margin: 0px0px20px; outline: none; list-style: none; border: 0pxnone; box-sizing: border-box; text-align: left;\">\n<p>Informa\u00e7\u00f5es Novais Not\u00edcias<\/p>\n","protected":false},"excerpt":{"rendered":"<p>Muitos cidad\u00e3os tem reclamado devido a falta de seguran\u00e7a p\u00fablica destinada \u00e0 Avenida Itabuna, que \u00e9 um bairro onde a viol\u00eancia e a onda de assaltos \u00e9 grande. Trabalhadores e estudantes lidam diariamente com as ruas vazias e perigosas dessa localidade \u00e0 noite, quando esperam por tempo prolongado nos pontos de \u00f4nibus para retornarem as [&hellip;]<\/p>\n","protected":false},"author":2,"featured_media":0,"comment_status":"open","ping_status":"open","sticky":false,"template":"","format":"standard","meta":{"_links_to":"","_links_to_target":""},"categories":[1],"tags":[],"_links":{"self":[{"href":"https:\/\/www.ilheusnoticias.net.br\/v1\/wp-json\/wp\/v2\/posts\/12915"}],"collection":[{"href":"https:\/\/www.ilheusnoticias.net.br\/v1\/wp-json\/wp\/v2\/posts"}],"about":[{"href":"https:\/\/www.ilheusnoticias.net.br\/v1\/wp-json\/wp\/v2\/types\/post"}],"author":[{"embeddable":true,"href":"https:\/\/www.ilheusnoticias.net.br\/v1\/wp-json\/wp\/v2\/users\/2"}],"replies":[{"embeddable":true,"href":"https:\/\/www.ilheusnoticias.net.br\/v1\/wp-json\/wp\/v2\/comments?post=12915"}],"version-history":[{"count":1,"href":"https:\/\/www.ilheusnoticias.net.br\/v1\/wp-json\/wp\/v2\/posts\/12915\/revisions"}],"predecessor-version":[{"id":12916,"href":"https:\/\/www.ilheusnoticias.net.br\/v1\/wp-json\/wp\/v2\/posts\/12915\/revisions\/12916"}],"wp:attachment":[{"href":"https:\/\/www.ilheusnoticias.net.br\/v1\/wp-json\/wp\/v2\/media?parent=12915"}],"wp:term":[{"taxonomy":"category","embeddable":true,"href":"https:\/\/www.ilheusnoticias.net.br\/v1\/wp-json\/wp\/v2\/categories?post=12915"},{"taxonomy":"post_tag","embeddable":true,"href":"https:\/\/www.ilheusnoticias.net.br\/v1\/wp-json\/wp\/v2\/tags?post=12915"}],"curies":[{"name":"wp","href":"https:\/\/api.w.org\/{rel}","templated":true}]}}