{"id":12900,"date":"2018-02-26T13:13:08","date_gmt":"2018-02-26T16:13:08","guid":{"rendered":"http:\/\/www.ilheusnoticias.net.br\/v1\/?p=12900"},"modified":"2018-02-26T13:13:08","modified_gmt":"2018-02-26T16:13:08","slug":"a-quem-cobrar-a-responsabilidade-da-baderna-acontecida-ontem-em-ilheus-deixando-tres-baleados-e-inumeras-brigas","status":"publish","type":"post","link":"https:\/\/www.ilheusnoticias.net.br\/v1\/2018\/02\/26\/a-quem-cobrar-a-responsabilidade-da-baderna-acontecida-ontem-em-ilheus-deixando-tres-baleados-e-inumeras-brigas\/","title":{"rendered":"A quem cobrar a responsabilidade da baderna acontecida ontem  em Ilh\u00e9us deixando tr\u00eas baleados e in\u00fameras brigas?"},"content":{"rendered":"<h2 class=\"PostHeaderIcon-wrapper\"><\/h2>\n<div class=\"PostContent\">\n<div id=\"attachment_74748\" class=\"wp-caption aligncenter\"><a class=\"gallery_colorbox cboxElement\" href=\"http:\/\/www.agravo.blog.br\/wp-content\/uploads\/2018\/02\/IMG-20180225-WA0020.jpg\"><img loading=\"lazy\" class=\" wp-image-74748\" src=\"http:\/\/www.agravo.blog.br\/wp-content\/uploads\/2018\/02\/IMG-20180225-WA0020-1024x576.jpg\" sizes=\"(max-width: 477px) 100vw, 477px\" srcset=\"http:\/\/www.agravo.blog.br\/wp-content\/uploads\/2018\/02\/IMG-20180225-WA0020-1024x576.jpg 1024w, http:\/\/www.agravo.blog.br\/wp-content\/uploads\/2018\/02\/IMG-20180225-WA0020-300x169.jpg 300w, http:\/\/www.agravo.blog.br\/wp-content\/uploads\/2018\/02\/IMG-20180225-WA0020-768x432.jpg 768w, http:\/\/www.agravo.blog.br\/wp-content\/uploads\/2018\/02\/IMG-20180225-WA0020.jpg 1032w\" alt=\"\" width=\"477\" height=\"268\" \/><\/a><\/p>\n<p class=\"wp-caption-text\"><strong>Tr\u00eas pessoas foram baleadas em festa na Avenida. Foto enviada por leitor blog Agravo.\u00a0<\/strong><\/p>\n<\/div>\n<p>Na noite deste domingo (25) por volta das 19 horas, tr\u00eas pessoas, duas moradoras do bairro da Conquista e uma de Oliven\u00e7a, ficaram feridas depois de um tiroteio na Pra\u00e7a Castro Alves, Av. Soares Lopes. No momento do ato violento, acontecia um desfile de um bloco carnavalesco com trio.<\/p>\n<p>Segundo informa\u00e7\u00f5es de prepostos da Prefeitura Municipal de Ilh\u00e9us, a festa n\u00e3o tinha autoriza\u00e7\u00e3o para acontecer. Mas, segundo apuramos , os promotores tinham autoriza\u00e7\u00e3o, tanto que a Sutran, \u00f3rg\u00e3o municipal estava organizando o tr\u00e2nsito. N\u00e3o registramos, portanto a presen\u00e7a a politica, antes dos fatos<\/p>\n<p>Os feridos foram identificados como Breno Roberto Oliveira dos Santos (20 anos) que recebeu 4 tiros no abd\u00f4men, um menor com inciais R.L.S.M que foi baleado na virilha, e Eliane Mariana Dantas Santana (21 anos), baleada no p\u00e9.<\/p>\n<p>As v\u00edtimas foram socorridas pelo SAMU e encaminhadas para uma unidade hospitalar. N\u00e3o h\u00e1 informa\u00e7\u00f5es sobre o estado de sa\u00fade das v\u00edtimas.<\/p>\n<\/div>\n","protected":false},"excerpt":{"rendered":"<p>Tr\u00eas pessoas foram baleadas em festa na Avenida. Foto enviada por leitor blog Agravo.\u00a0 Na noite deste domingo (25) por volta das 19 horas, tr\u00eas pessoas, duas moradoras do bairro da Conquista e uma de Oliven\u00e7a, ficaram feridas depois de um tiroteio na Pra\u00e7a Castro Alves, Av. Soares Lopes. No momento do ato violento, acontecia [&hellip;]<\/p>\n","protected":false},"author":2,"featured_media":0,"comment_status":"open","ping_status":"open","sticky":false,"template":"","format":"standard","meta":{"_links_to":"","_links_to_target":""},"categories":[7,9,8,1,5],"tags":[],"_links":{"self":[{"href":"https:\/\/www.ilheusnoticias.net.br\/v1\/wp-json\/wp\/v2\/posts\/12900"}],"collection":[{"href":"https:\/\/www.ilheusnoticias.net.br\/v1\/wp-json\/wp\/v2\/posts"}],"about":[{"href":"https:\/\/www.ilheusnoticias.net.br\/v1\/wp-json\/wp\/v2\/types\/post"}],"author":[{"embeddable":true,"href":"https:\/\/www.ilheusnoticias.net.br\/v1\/wp-json\/wp\/v2\/users\/2"}],"replies":[{"embeddable":true,"href":"https:\/\/www.ilheusnoticias.net.br\/v1\/wp-json\/wp\/v2\/comments?post=12900"}],"version-history":[{"count":1,"href":"https:\/\/www.ilheusnoticias.net.br\/v1\/wp-json\/wp\/v2\/posts\/12900\/revisions"}],"predecessor-version":[{"id":12901,"href":"https:\/\/www.ilheusnoticias.net.br\/v1\/wp-json\/wp\/v2\/posts\/12900\/revisions\/12901"}],"wp:attachment":[{"href":"https:\/\/www.ilheusnoticias.net.br\/v1\/wp-json\/wp\/v2\/media?parent=12900"}],"wp:term":[{"taxonomy":"category","embeddable":true,"href":"https:\/\/www.ilheusnoticias.net.br\/v1\/wp-json\/wp\/v2\/categories?post=12900"},{"taxonomy":"post_tag","embeddable":true,"href":"https:\/\/www.ilheusnoticias.net.br\/v1\/wp-json\/wp\/v2\/tags?post=12900"}],"curies":[{"name":"wp","href":"https:\/\/api.w.org\/{rel}","templated":true}]}}