{"id":12894,"date":"2018-02-26T13:01:43","date_gmt":"2018-02-26T16:01:43","guid":{"rendered":"http:\/\/www.ilheusnoticias.net.br\/v1\/?p=12894"},"modified":"2018-02-26T13:01:43","modified_gmt":"2018-02-26T16:01:43","slug":"rui-anuncia-investimentos-em-saude-e-educacao-para-dias-davila","status":"publish","type":"post","link":"https:\/\/www.ilheusnoticias.net.br\/v1\/2018\/02\/26\/rui-anuncia-investimentos-em-saude-e-educacao-para-dias-davila\/","title":{"rendered":"Rui anuncia investimentos em sa\u00fade e educa\u00e7\u00e3o para Dias D&#8217;\u00c1vila"},"content":{"rendered":"<p><img loading=\"lazy\" class=\"\" src=\"https:\/\/attachment.outlook.office.net\/owa\/laudiceacarvalho62@hotmail.com\/service.svc\/s\/GetAttachmentThumbnail?id=AQMkADAwATYwMAItY2MANTgtODQxNC0wMAItMDAKAEYAAANqOYr2uMN4Qoz6pFp%2FhFoeBwAsxvM0hWqyT6EfSeQ8%2BPgA8AAAAgEMAAAALMbzNIVqsk%2BhH0nkPPj4APAAAXC4lz0AAAABEgAQAJBlWZK8mWJCubROwQ4ABRM%3D&amp;thumbnailType=2&amp;X-OWA-CANARY=5KcaUOkOJ0S1mYu6CIrinJBymBQyfdUYdRcfdNdZmFewueJ_DFfkGyNyHbV8v2rjPbeDrNrZiBM.&amp;token=eyJ0eXAiOiJKV1QiLCJhbGciOiJSUzI1NiIsIng1dCI6ImVuaDlCSnJWUFU1aWpWMXFqWmpWLWZMMmJjbyJ9.eyJ2ZXIiOiJFeGNoYW5nZS5DYWxsYmFjay5WMSIsImFwcGN0eHNlbmRlciI6Ik93YURvd25sb2FkQDg0ZGY5ZTdmLWU5ZjYtNDBhZi1iNDM1LWFhYWFhYWFhYWFhYSIsImFwcGN0eCI6IntcIm1zZXhjaHByb3RcIjpcIm93YVwiLFwicHJpbWFyeXNpZFwiOlwiUy0xLTI4MjctMzkzMjE2LTM0MjgzNTMwNDRcIixcInB1aWRcIjpcIjE2ODg4NTMyODg2MTY5ODBcIixcIm9pZFwiOlwiMDAwNjAwMDAtY2M1OC04NDE0LTAwMDAtMDAwMDAwMDAwMDAwXCIsXCJzY29wZVwiOlwiT3dhRG93bmxvYWRcIn0iLCJpc3MiOiIwMDAwMDAwMi0wMDAwLTBmZjEtY2UwMC0wMDAwMDAwMDAwMDBAODRkZjllN2YtZTlmNi00MGFmLWI0MzUtYWFhYWFhYWFhYWFhIiwiYXVkIjoiMDAwMDAwMDItMDAwMC0wZmYxLWNlMDAtMDAwMDAwMDAwMDAwL2F0dGFjaG1lbnQub3V0bG9vay5vZmZpY2UubmV0QDg0ZGY5ZTdmLWU5ZjYtNDBhZi1iNDM1LWFhYWFhYWFhYWFhYSIsImV4cCI6MTUxOTY2MTMzOCwibmJmIjoxNTE5NjYwNzM4fQ.gRcMChs8nZ8dsu32Js9YcZrIqA5Tn-J9kKDMHJBwnuB8rmHG7SxcxUjD4sKeT2iBxH6RLEXlRD1hIhTXEE1YKt3QyzQk0HOCWR8nz6ZORmX65u05dpcQhQ11RpiK0WQBGhsvdz3trI9KRsounGKzR1OKmqcp27y7Q8O9_5kAeujVmCo8kMY2fsTFS7sPyl2dQWn5YP7eOxtQByvIXlW7w_2Wyx3vJqYb9mF3ZmkpU69arFZ0wePURVVxV3ZF_bKsz-pohk_5P6eGZPr0ejzo6vPD28koDxEldfOLn8rb_8MeETqzJBzzmE5p3DA6Hy59b_bLwAKmm8EMg7XeaI-jAQ&amp;owa=outlook.live.com&amp;isc=1\" alt=\"\" width=\"342\" height=\"228\" \/><\/p>\n<div align=\"center\"><\/div>\n<p>Na v\u00e9spera do anivers\u00e1rio de 33 anos de emancipa\u00e7\u00e3o pol\u00edtica de Dias D&#8217; \u00c1vila, o governador Rui Costa esteve no munic\u00edpio neste s\u00e1bado (24), quando assinou ordem de servi\u00e7o para constru\u00e7\u00e3o do Centro de Aten\u00e7\u00e3o Psicossocial (CAPS) e de uma Academia de Sa\u00fade. O Governo do Estado investir\u00e1 mais de R$ 1,7 milh\u00e3o na execu\u00e7\u00e3o dos dois projetos.<\/p>\n<p>&#8220;Meus parab\u00e9ns a Dias D&#8217;\u00c1vila. Estamos anunciando v\u00e1rios investimentos, em diversas \u00e1reas, para melhorar a vida do povo. Um deles \u00e9 a f\u00e1brica de insulina, que ser\u00e1 a primeira do Brasil e n\u00f3s vamos colocar aqui em Dias D&#8217;\u00c1vila&#8221;, afirmou o governador.<\/p>\n<p>Rui tamb\u00e9m participou da inaugura\u00e7\u00e3o da Pra\u00e7a Raul Seixas, que representa um investimento de R$ 2,9 milh\u00f5es, com recursos financiados pela Ag\u00eancia de Fomento da Bahia (Desenbahia). No local foram instaladas rampas de acessibilidade, piso t\u00e1til, academia da terceira idade, quadras, entre outros equipamentos que oferecem oportunidade de lazer e mais seguran\u00e7a \u00e0 popula\u00e7\u00e3o.<\/p>\n<p>Na \u00e1rea de educa\u00e7\u00e3o, o governador anunciou licita\u00e7\u00e3o para constru\u00e7\u00e3o de uma escola estadual. A unidade ter\u00e1 12 salas de aula, uma sala multifuncional e quadra coberta. Ser\u00e3o investidos R$ 5,5 milh\u00f5es na obra do col\u00e9gio. Durante a visita, Rui ainda entregou tr\u00eas ambul\u00e2ncias, que beneficiar\u00e3o os moradores de Dias D&#8217; \u00c1vila, Mata de S\u00e3o Jo\u00e3o e Vera Cruz.<\/p>\n<p>A prefeita de Dias D&#8217;\u00c1vila, Jussara M\u00e1rcia, destacou que as entregas deste s\u00e1bado (24) representam &#8220;um momento de muita alegria e satisfa\u00e7\u00e3o nesses 33 anos de emancipa\u00e7\u00e3o pol\u00edtica&#8221;.<\/p>\n","protected":false},"excerpt":{"rendered":"<p>Na v\u00e9spera do anivers\u00e1rio de 33 anos de emancipa\u00e7\u00e3o pol\u00edtica de Dias D&#8217; \u00c1vila, o governador Rui Costa esteve no munic\u00edpio neste s\u00e1bado (24), quando assinou ordem de servi\u00e7o para constru\u00e7\u00e3o do Centro de Aten\u00e7\u00e3o Psicossocial (CAPS) e de uma Academia de Sa\u00fade. O Governo do Estado investir\u00e1 mais de R$ 1,7 milh\u00e3o na execu\u00e7\u00e3o [&hellip;]<\/p>\n","protected":false},"author":2,"featured_media":0,"comment_status":"open","ping_status":"open","sticky":false,"template":"","format":"standard","meta":{"_links_to":"","_links_to_target":""},"categories":[7,9,8,1],"tags":[],"_links":{"self":[{"href":"https:\/\/www.ilheusnoticias.net.br\/v1\/wp-json\/wp\/v2\/posts\/12894"}],"collection":[{"href":"https:\/\/www.ilheusnoticias.net.br\/v1\/wp-json\/wp\/v2\/posts"}],"about":[{"href":"https:\/\/www.ilheusnoticias.net.br\/v1\/wp-json\/wp\/v2\/types\/post"}],"author":[{"embeddable":true,"href":"https:\/\/www.ilheusnoticias.net.br\/v1\/wp-json\/wp\/v2\/users\/2"}],"replies":[{"embeddable":true,"href":"https:\/\/www.ilheusnoticias.net.br\/v1\/wp-json\/wp\/v2\/comments?post=12894"}],"version-history":[{"count":1,"href":"https:\/\/www.ilheusnoticias.net.br\/v1\/wp-json\/wp\/v2\/posts\/12894\/revisions"}],"predecessor-version":[{"id":12895,"href":"https:\/\/www.ilheusnoticias.net.br\/v1\/wp-json\/wp\/v2\/posts\/12894\/revisions\/12895"}],"wp:attachment":[{"href":"https:\/\/www.ilheusnoticias.net.br\/v1\/wp-json\/wp\/v2\/media?parent=12894"}],"wp:term":[{"taxonomy":"category","embeddable":true,"href":"https:\/\/www.ilheusnoticias.net.br\/v1\/wp-json\/wp\/v2\/categories?post=12894"},{"taxonomy":"post_tag","embeddable":true,"href":"https:\/\/www.ilheusnoticias.net.br\/v1\/wp-json\/wp\/v2\/tags?post=12894"}],"curies":[{"name":"wp","href":"https:\/\/api.w.org\/{rel}","templated":true}]}}