{"id":12890,"date":"2018-02-26T12:55:18","date_gmt":"2018-02-26T15:55:18","guid":{"rendered":"http:\/\/www.ilheusnoticias.net.br\/v1\/?p=12890"},"modified":"2018-02-26T12:55:18","modified_gmt":"2018-02-26T15:55:18","slug":"projeto-mais-grafite-leva-colorido-do-tropicalismo-para-novos-tuneis-da-linha-azul","status":"publish","type":"post","link":"https:\/\/www.ilheusnoticias.net.br\/v1\/2018\/02\/26\/projeto-mais-grafite-leva-colorido-do-tropicalismo-para-novos-tuneis-da-linha-azul\/","title":{"rendered":"Projeto Mais Grafite leva colorido do Tropicalismo para novos t\u00faneis da Linha Azul"},"content":{"rendered":"<p class=\"x_MsoNormal\"><a href=\"http:\/\/www.ilheusnoticias.net.br\/v1\/wp-content\/uploads\/2018\/01\/IMG-20180102-WA0065.jpg\" rel=\"attachment wp-att-11513\"><img loading=\"lazy\" class=\"aligncenter size-full wp-image-11513\" src=\"http:\/\/www.ilheusnoticias.net.br\/v1\/wp-content\/uploads\/2018\/01\/IMG-20180102-WA0065.jpg\" alt=\"IMG-20180102-WA0065.jpg\" width=\"512\" height=\"341\" srcset=\"https:\/\/www.ilheusnoticias.net.br\/v1\/wp-content\/uploads\/2018\/01\/IMG-20180102-WA0065.jpg 512w, https:\/\/www.ilheusnoticias.net.br\/v1\/wp-content\/uploads\/2018\/01\/IMG-20180102-WA0065-300x200.jpg 300w\" sizes=\"(max-width: 512px) 100vw, 512px\" \/><\/a><\/p>\n<p class=\"x_MsoNormal\">\n<p class=\"x_MsoNormal\">O Projeto Mais Grafite deu in\u00edcio \u00e0 sua primeira interven\u00e7\u00e3o do ano, com pintura dos acessos dos t\u00faneis que v\u00e3o interligar as avenidas Pinto de Aguiar e Gal Costa, passando pela Avenida Luiz Vianna Filho (Paralela). Desta vez, o tema escolhido foi o Tropicalismo, movimento que \u00e9 um marco em diferentes express\u00f5es art\u00edsticas. Coordenado pela Secretaria de Justi\u00e7a Direitos Humanos e Desenvolvimento Social (SJDHDS), o projeto surgiu com a proposta de dar vida a equipamentos urbanos do Governo do Estado, atrav\u00e9s da arte do grafite. A a\u00e7\u00e3o tamb\u00e9m promove a mobiliza\u00e7\u00e3o de estudantes de \u00e1reas de risco social com a realiza\u00e7\u00e3o oficinas te\u00f3ricas e pr\u00e1ticas.<\/p>\n<p class=\"x_MsoNormal\">\n<p class=\"x_MsoNormal\">O trabalho nos t\u00faneis foi iniciado na quinta-feira (dia 22) pelos artistas do Coletivo Musas e convidados. Fazem parte do coletivo os grafiteiros J\u00falio Costa, Quest\u00e3o Almada, Marcos Prisk e Bigod. A ideia \u00e9 utilizar muitas cores para reproduzir o esp\u00edrito da Tropic\u00e1lia, movimento liderado na \u00e1rea da m\u00fasica por nomes como Caetano Veloso, Gilberto Gil, Gal Costa e Tomz\u00e9.\u00a0\u00a0\u00a0\u00a0A obra estar\u00e1 conclu\u00edda no pr\u00f3ximo s\u00e1bado (dia 03\/03), dia da inaugura\u00e7\u00e3o da liga\u00e7\u00e3o Pinto de Aguiar\/Gal Costa pelo governador Rui Costa.<\/p>\n<p class=\"x_MsoNormal\">\n<p class=\"x_MsoNormal\">Al\u00e9m da pintura dos t\u00faneis, o Mais Grafite deve retomar em mar\u00e7o a realiza\u00e7\u00e3o das oficinas de Grafite em escolas da rede estadual. No ano passado, em parceria com a Secretaria de Educa\u00e7\u00e3o do Estado, foram realizadas um total 14 oficinas, com a participa\u00e7\u00e3o de cerca de mil jovens de escolas situadas na \u00e1rea de atua\u00e7\u00e3o do programa de promo\u00e7\u00e3o da paz social Pacto Pela Vida.<\/p>\n<p class=\"x_MsoNormal\">\n<p class=\"x_MsoNormal\">O in\u00edcio do programa foi marcado pela pintura de um painel no muro do Metr\u00f4, pr\u00f3ximo \u00e0 Esta\u00e7\u00e3o Piraj\u00e1, realizada pelo grafiteiro ilheense Rildo Foge, conhecido nacionalmente. O painel retrata a evolu\u00e7\u00e3o do transporte urbano na capital baiana, com imagens de antigos bondes, do Elevador Lacerda, entre outros equipamentos.<\/p>\n","protected":false},"excerpt":{"rendered":"<p>O Projeto Mais Grafite deu in\u00edcio \u00e0 sua primeira interven\u00e7\u00e3o do ano, com pintura dos acessos dos t\u00faneis que v\u00e3o interligar as avenidas Pinto de Aguiar e Gal Costa, passando pela Avenida Luiz Vianna Filho (Paralela). Desta vez, o tema escolhido foi o Tropicalismo, movimento que \u00e9 um marco em diferentes express\u00f5es art\u00edsticas. Coordenado pela [&hellip;]<\/p>\n","protected":false},"author":2,"featured_media":0,"comment_status":"open","ping_status":"open","sticky":false,"template":"","format":"standard","meta":{"_links_to":"","_links_to_target":""},"categories":[7,9,8,1],"tags":[],"_links":{"self":[{"href":"https:\/\/www.ilheusnoticias.net.br\/v1\/wp-json\/wp\/v2\/posts\/12890"}],"collection":[{"href":"https:\/\/www.ilheusnoticias.net.br\/v1\/wp-json\/wp\/v2\/posts"}],"about":[{"href":"https:\/\/www.ilheusnoticias.net.br\/v1\/wp-json\/wp\/v2\/types\/post"}],"author":[{"embeddable":true,"href":"https:\/\/www.ilheusnoticias.net.br\/v1\/wp-json\/wp\/v2\/users\/2"}],"replies":[{"embeddable":true,"href":"https:\/\/www.ilheusnoticias.net.br\/v1\/wp-json\/wp\/v2\/comments?post=12890"}],"version-history":[{"count":1,"href":"https:\/\/www.ilheusnoticias.net.br\/v1\/wp-json\/wp\/v2\/posts\/12890\/revisions"}],"predecessor-version":[{"id":12891,"href":"https:\/\/www.ilheusnoticias.net.br\/v1\/wp-json\/wp\/v2\/posts\/12890\/revisions\/12891"}],"wp:attachment":[{"href":"https:\/\/www.ilheusnoticias.net.br\/v1\/wp-json\/wp\/v2\/media?parent=12890"}],"wp:term":[{"taxonomy":"category","embeddable":true,"href":"https:\/\/www.ilheusnoticias.net.br\/v1\/wp-json\/wp\/v2\/categories?post=12890"},{"taxonomy":"post_tag","embeddable":true,"href":"https:\/\/www.ilheusnoticias.net.br\/v1\/wp-json\/wp\/v2\/tags?post=12890"}],"curies":[{"name":"wp","href":"https:\/\/api.w.org\/{rel}","templated":true}]}}