{"id":12888,"date":"2018-02-26T12:52:48","date_gmt":"2018-02-26T15:52:48","guid":{"rendered":"http:\/\/www.ilheusnoticias.net.br\/v1\/?p=12888"},"modified":"2018-02-26T12:52:48","modified_gmt":"2018-02-26T15:52:48","slug":"prefeitura-vai-investir-em-acoes-educativas-nas-escolas-para-reduzir-lixo-e-entulho-nas-ruas","status":"publish","type":"post","link":"https:\/\/www.ilheusnoticias.net.br\/v1\/2018\/02\/26\/prefeitura-vai-investir-em-acoes-educativas-nas-escolas-para-reduzir-lixo-e-entulho-nas-ruas\/","title":{"rendered":"Prefeitura vai investir em a\u00e7\u00f5es educativas nas  escolas para reduzir lixo e entulho nas ruas"},"content":{"rendered":"<p><img loading=\"lazy\" class=\"\" src=\"https:\/\/attachment.outlook.office.net\/owa\/laudiceacarvalho62@hotmail.com\/service.svc\/s\/GetAttachmentThumbnail?id=AQMkADAwATYwMAItY2MANTgtODQxNC0wMAItMDAKAEYAAANqOYr2uMN4Qoz6pFp%2FhFoeBwAsxvM0hWqyT6EfSeQ8%2BPgA8AAAAgEMAAAALMbzNIVqsk%2BhH0nkPPj4APAAAXFHTBEAAAABEgAQAMlpW2%2FKNidGgA%2BwIwd7F1w%3D&amp;thumbnailType=2&amp;X-OWA-CANARY=ZSPB_L-sMk-bqxzncJR7DmB0v8EwfdUYFkC9lLhZz6rFZB9BEppTKYEEg9P1MiVYkAwzWwuYqbY.&amp;token=eyJ0eXAiOiJKV1QiLCJhbGciOiJSUzI1NiIsIng1dCI6ImVuaDlCSnJWUFU1aWpWMXFqWmpWLWZMMmJjbyJ9.eyJ2ZXIiOiJFeGNoYW5nZS5DYWxsYmFjay5WMSIsImFwcGN0eHNlbmRlciI6Ik93YURvd25sb2FkQDg0ZGY5ZTdmLWU5ZjYtNDBhZi1iNDM1LWFhYWFhYWFhYWFhYSIsImFwcGN0eCI6IntcIm1zZXhjaHByb3RcIjpcIm93YVwiLFwicHJpbWFyeXNpZFwiOlwiUy0xLTI4MjctMzkzMjE2LTM0MjgzNTMwNDRcIixcInB1aWRcIjpcIjE2ODg4NTMyODg2MTY5ODBcIixcIm9pZFwiOlwiMDAwNjAwMDAtY2M1OC04NDE0LTAwMDAtMDAwMDAwMDAwMDAwXCIsXCJzY29wZVwiOlwiT3dhRG93bmxvYWRcIn0iLCJpc3MiOiIwMDAwMDAwMi0wMDAwLTBmZjEtY2UwMC0wMDAwMDAwMDAwMDBAODRkZjllN2YtZTlmNi00MGFmLWI0MzUtYWFhYWFhYWFhYWFhIiwiYXVkIjoiMDAwMDAwMDItMDAwMC0wZmYxLWNlMDAtMDAwMDAwMDAwMDAwL2F0dGFjaG1lbnQub3V0bG9vay5vZmZpY2UubmV0QDg0ZGY5ZTdmLWU5ZjYtNDBhZi1iNDM1LWFhYWFhYWFhYWFhYSIsImV4cCI6MTUxOTY2MDczNiwibmJmIjoxNTE5NjYwMTM2fQ.I5iAeYq76JYYZQZBkiMcc_ybpTGRlCstGVaGFCEYtKPRrYGzYnUgytF2TPcq0ZF8Y3LXOslzU_sAZRJDeMLHJ3SLHWUlM7ZYJOmYghEy_-VsNcfFNfJYbL4EjYqEnEGcfRFVntq_PANFHyC3QClWRYYLiHyZFsl7JlM8ktPEsvFP2jF4YWiA56cfSk3XrYzJaO0OBKVdfUSnfHQPoI_gt7CVr673YRm-NYQ3fbvdaQuKRZ0dLUdwnOuV4ldCpAtpqXpLuAAYhCI3mCYoq7iEoAjdw4slplnQK-OgpPf-jLuh6JAspTsmf8xx7Ut2YnL29jozgBM7ZqwRLUBUwsqMdg&amp;owa=outlook.live.com&amp;isc=1\" alt=\"\" width=\"425\" height=\"295\" \/><\/p>\n<p class=\"x_MsoNormal\" align=\"center\">\n<p class=\"x_MsoNormal\" align=\"center\">\n<p class=\"x_MsoNormal\">Uma ampla campanha educativa nas escolas, em parceria com a Superintend\u00eancia do Meio Ambiente, conscientizando os jovens de Ilh\u00e9us sobre a import\u00e2ncia da coleta seletiva e de um olhar mais cuidadoso com os espa\u00e7os p\u00fablicos da cidade \u00e9 uma das metas estabelecidas pelo prefeito M\u00e1rio Alexandre para o primeiro semestre deste ano. \u201cCusta muito caro \u00e0 cidade a opera\u00e7\u00e3o de limpeza, em especial no que diz respeito ao combate permanente \u00e0s lixeiras viciadas\u201d, assegura. Levantamento da secretaria municipal de Servi\u00e7os Urbanos (Secsurb) aponta para a retirada de 4.800 toneladas de entulho das ruas da cidade somente no ano passado.<\/p>\n<p class=\"x_MsoNormal\"><!--more--><\/p>\n<p class=\"x_MsoNormal\">O prefeito de Ilh\u00e9us assegura que vai ampliar a coleta conteinerizada, principalmente com caixas estacion\u00e1rias compactadoras, em diversos bairros da cidade, trazendo uma maior rapidez na coleta, ficando o lixo menos tempo exposto nas ruas. \u201cVamos estabelecer parcerias com os respons\u00e1veis diretos e indiretos de res\u00edduos especiais tais como pneus, pilhas e baterias, de modo a promover a coleta e destina\u00e7\u00e3o adequada destes materiais\u201d, afirma.<\/p>\n<p class=\"x_MsoNormal\"><b>Mais rigidez na fiscaliza\u00e7\u00e3o<\/b>\u00a0&#8211; Uma fiscaliza\u00e7\u00e3o mais r\u00edgida em pontos de lixo irregulares tamb\u00e9m vai acontecer ao longo do ano. A prefeitura vai afixar placas de sinaliza\u00e7\u00e3o proibitivas para inibir o descarte de lixo.<\/p>\n<p class=\"x_MsoNormal\">A\u00e7\u00f5es como a coleta de res\u00edduos infecto contagiantes (lixo hospitalar), feita com caminh\u00e3o ba\u00fa lacrado, em todos os postos de sa\u00fade do munic\u00edpio, continua sendo incinerada em Belo Horizonte, atendendo \u00e0 legisla\u00e7\u00e3o ambiental. O prefeito lembra tamb\u00e9m da a\u00e7\u00e3o regular de lavagem e desinfe\u00e7\u00e3o das centrais de abastecimento do Malhado e da Urbis e da Feirinha do Guanabara.<\/p>\n<p class=\"x_MsoNormal\">Para o prefeito M\u00e1rio Alexandre, torna-se fundamental readequar o Aterro Sanit\u00e1rio de Itariri, em conv\u00eanio com a\u00a0Companhia de Desenvolvimento Urbano do Estado da Bahia\u00a0(Conder) e promover a abertura de uma nova c\u00e9lula. \u201cVamos incentivar a cria\u00e7\u00e3o de cooperativas ou outras formas de associa\u00e7\u00e3o de catadores constitu\u00eddas por pessoas f\u00edsicas de baixa renda\u201d, assegura o prefeito de\u00a0Ilh\u00e9us.<\/p>\n","protected":false},"excerpt":{"rendered":"<p>Uma ampla campanha educativa nas escolas, em parceria com a Superintend\u00eancia do Meio Ambiente, conscientizando os jovens de Ilh\u00e9us sobre a import\u00e2ncia da coleta seletiva e de um olhar mais cuidadoso com os espa\u00e7os p\u00fablicos da cidade \u00e9 uma das metas estabelecidas pelo prefeito M\u00e1rio Alexandre para o primeiro semestre deste ano. \u201cCusta muito caro [&hellip;]<\/p>\n","protected":false},"author":2,"featured_media":0,"comment_status":"open","ping_status":"open","sticky":false,"template":"","format":"standard","meta":{"_links_to":"","_links_to_target":""},"categories":[7,9,8,1],"tags":[],"_links":{"self":[{"href":"https:\/\/www.ilheusnoticias.net.br\/v1\/wp-json\/wp\/v2\/posts\/12888"}],"collection":[{"href":"https:\/\/www.ilheusnoticias.net.br\/v1\/wp-json\/wp\/v2\/posts"}],"about":[{"href":"https:\/\/www.ilheusnoticias.net.br\/v1\/wp-json\/wp\/v2\/types\/post"}],"author":[{"embeddable":true,"href":"https:\/\/www.ilheusnoticias.net.br\/v1\/wp-json\/wp\/v2\/users\/2"}],"replies":[{"embeddable":true,"href":"https:\/\/www.ilheusnoticias.net.br\/v1\/wp-json\/wp\/v2\/comments?post=12888"}],"version-history":[{"count":1,"href":"https:\/\/www.ilheusnoticias.net.br\/v1\/wp-json\/wp\/v2\/posts\/12888\/revisions"}],"predecessor-version":[{"id":12889,"href":"https:\/\/www.ilheusnoticias.net.br\/v1\/wp-json\/wp\/v2\/posts\/12888\/revisions\/12889"}],"wp:attachment":[{"href":"https:\/\/www.ilheusnoticias.net.br\/v1\/wp-json\/wp\/v2\/media?parent=12888"}],"wp:term":[{"taxonomy":"category","embeddable":true,"href":"https:\/\/www.ilheusnoticias.net.br\/v1\/wp-json\/wp\/v2\/categories?post=12888"},{"taxonomy":"post_tag","embeddable":true,"href":"https:\/\/www.ilheusnoticias.net.br\/v1\/wp-json\/wp\/v2\/tags?post=12888"}],"curies":[{"name":"wp","href":"https:\/\/api.w.org\/{rel}","templated":true}]}}