{"id":12880,"date":"2018-02-24T07:45:51","date_gmt":"2018-02-24T10:45:51","guid":{"rendered":"http:\/\/www.ilheusnoticias.net.br\/v1\/?p=12880"},"modified":"2018-02-24T07:47:09","modified_gmt":"2018-02-24T10:47:09","slug":"vem-ai-o-1-festival-de-pipa-do-bairro-hernani-sa","status":"publish","type":"post","link":"https:\/\/www.ilheusnoticias.net.br\/v1\/2018\/02\/24\/vem-ai-o-1-festival-de-pipa-do-bairro-hernani-sa\/","title":{"rendered":"Vem ai o 1\u00b0 Festival de Pipa do Bairro Hernani S\u00e1"},"content":{"rendered":"<p><img loading=\"lazy\" class=\"aligncenter wp-image-12879 size-full\" src=\"http:\/\/www.ilheusnoticias.net.br\/v1\/wp-content\/uploads\/2018\/02\/1d8f50e347d3f71cf5be31a78ff17132.0.jpg\" alt=\"\" width=\"428\" height=\"640\" data-temp-aztec-id=\"cebc56b9-8567-416f-9f69-8b5ef95e43df\" srcset=\"https:\/\/www.ilheusnoticias.net.br\/v1\/wp-content\/uploads\/2018\/02\/1d8f50e347d3f71cf5be31a78ff17132.0.jpg 428w, https:\/\/www.ilheusnoticias.net.br\/v1\/wp-content\/uploads\/2018\/02\/1d8f50e347d3f71cf5be31a78ff17132.0-201x300.jpg 201w\" sizes=\"(max-width: 428px) 100vw, 428px\" \/><\/p>\n<p>Jovens do bairro Hernani S\u00e1 ( Urbis) resolveram se reunir para realizar um grande Festival de Pipa, no Dia 25\/02 ( Domingo) as 13hrs.<\/p>\n<p>Buscando a intera\u00e7\u00e3o e a harmonia entre os participantes escolheram o espa\u00e7o do Caminho 34 ao Lado da Vila Naval e ali ser\u00e1 realizado um grande evento com a participa\u00e7\u00e3o de todos os moradores.<\/p>\n<p>O evento come\u00e7ar\u00e1 as 13hrs, n\u00e3o tem taxa de inscri\u00e7\u00e3o e Regras, voc\u00ea que tem a sua Pipa e \u00e9 do Bairro Hernani S\u00e1 e quer participar \u00e9 s\u00f3 esta l\u00e1 amanh\u00e3 a partir das 13hrs.<\/p>\n","protected":false},"excerpt":{"rendered":"<p>Jovens do bairro Hernani S\u00e1 ( Urbis) resolveram se reunir para realizar um grande Festival de Pipa, no Dia 25\/02 ( Domingo) as 13hrs. Buscando a intera\u00e7\u00e3o e a harmonia entre os participantes escolheram o espa\u00e7o do Caminho 34 ao Lado da Vila Naval e ali ser\u00e1 realizado um grande evento com a participa\u00e7\u00e3o de [&hellip;]<\/p>\n","protected":false},"author":2,"featured_media":0,"comment_status":"open","ping_status":"open","sticky":false,"template":"","format":"standard","meta":{"_links_to":"","_links_to_target":""},"categories":[1],"tags":[],"_links":{"self":[{"href":"https:\/\/www.ilheusnoticias.net.br\/v1\/wp-json\/wp\/v2\/posts\/12880"}],"collection":[{"href":"https:\/\/www.ilheusnoticias.net.br\/v1\/wp-json\/wp\/v2\/posts"}],"about":[{"href":"https:\/\/www.ilheusnoticias.net.br\/v1\/wp-json\/wp\/v2\/types\/post"}],"author":[{"embeddable":true,"href":"https:\/\/www.ilheusnoticias.net.br\/v1\/wp-json\/wp\/v2\/users\/2"}],"replies":[{"embeddable":true,"href":"https:\/\/www.ilheusnoticias.net.br\/v1\/wp-json\/wp\/v2\/comments?post=12880"}],"version-history":[{"count":2,"href":"https:\/\/www.ilheusnoticias.net.br\/v1\/wp-json\/wp\/v2\/posts\/12880\/revisions"}],"predecessor-version":[{"id":12882,"href":"https:\/\/www.ilheusnoticias.net.br\/v1\/wp-json\/wp\/v2\/posts\/12880\/revisions\/12882"}],"wp:attachment":[{"href":"https:\/\/www.ilheusnoticias.net.br\/v1\/wp-json\/wp\/v2\/media?parent=12880"}],"wp:term":[{"taxonomy":"category","embeddable":true,"href":"https:\/\/www.ilheusnoticias.net.br\/v1\/wp-json\/wp\/v2\/categories?post=12880"},{"taxonomy":"post_tag","embeddable":true,"href":"https:\/\/www.ilheusnoticias.net.br\/v1\/wp-json\/wp\/v2\/tags?post=12880"}],"curies":[{"name":"wp","href":"https:\/\/api.w.org\/{rel}","templated":true}]}}