{"id":12877,"date":"2018-02-23T19:22:01","date_gmt":"2018-02-23T22:22:01","guid":{"rendered":"http:\/\/www.ilheusnoticias.net.br\/v1\/?p=12877"},"modified":"2018-02-23T19:22:01","modified_gmt":"2018-02-23T22:22:01","slug":"presidente-do-trf4-defende-execucao-da-pena-apos-condenacao-em-segunda-instancia","status":"publish","type":"post","link":"https:\/\/www.ilheusnoticias.net.br\/v1\/2018\/02\/23\/presidente-do-trf4-defende-execucao-da-pena-apos-condenacao-em-segunda-instancia\/","title":{"rendered":"Presidente do TRF4 defende execu\u00e7\u00e3o da pena ap\u00f3s condena\u00e7\u00e3o em segunda inst\u00e2ncia"},"content":{"rendered":"<div id=\"content-header\">\n<h1 class=\"title\"><\/h1>\n<\/div>\n<div id=\"content-area\">\n<div class=\"region region-content\">\n<div id=\"block-system-main\" class=\"block block-system block-odd clearfix\">\n<div class=\"content\">\n<article id=\"node-1109856\" class=\"node node-noticia node-odd\">\n<header>\n<div class=\"node-info\"><strong>Elaine Patricia Cruz \u2013 Rep\u00f3rter da Ag\u00eancia Brasil<\/strong><\/div>\n<\/header>\n<div class=\"content\">\n<p>Presidente do Tribunal Regional Federal da 4\u00aa Regi\u00e3o (TRF4), onde tramitam os processos da Lava Jato na segunda inst\u00e2ncia, o desembargador Carlos Eduardo Thompson Flores, defendeu hoje (23) a manuten\u00e7\u00e3o da pris\u00e3o ap\u00f3s condena\u00e7\u00e3o em segunda inst\u00e2ncia. Ap\u00f3s palestrar na tarde de hoje na C\u00e2mara Americana de Com\u00e9rcio (Amcham) e sem citar um caso espec\u00edfico, o presidente do tribunal destacou que \u201csua posi\u00e7\u00e3o [sobre a pris\u00e3o em segunda inst\u00e2ncia] n\u00e3o \u00e9 em rela\u00e7\u00e3o ao ex-presidente Lula, mas ao tema\u201d.<\/p>\n<p>\u201cEu acho que o ideal para a efetividade da Justi\u00e7a \u00e9 que se mantenha a posi\u00e7\u00e3o do Supremo [Tribunal Federal], que foi deliberada h\u00e1 pouco mais de um ano no sentido que est\u00e1 vigorando hoje, de que h\u00e1 a possibilidade da execu\u00e7\u00e3o provis\u00f3ria da pena a partir das decis\u00f5es de segunda inst\u00e2ncia. Por sinal, acho que essa \u00e9 a posi\u00e7\u00e3o da maioria dos tribunais\u201d, disse ele. A manuten\u00e7\u00e3o do entendimento sobre a pris\u00e3o em segunda inst\u00e2ncia pode levar o ex-presidente Luiz In\u00e1cio Lula da Silva \u00e0 pris\u00e3o, j\u00e1 que, em janeiro deste ano, o tribunal manteve a decis\u00e3o de primeira inst\u00e2ncia em condenar Lula por corrup\u00e7\u00e3o passiva e lavagem de dinheiro no caso que envolve o triplex no Guaruj\u00e1.<\/p>\n<div class=\"know_more\">\n<h3>Saiba Mais<\/h3>\n<\/div>\n<\/div>\n<\/article>\n<\/div>\n<\/div>\n<\/div>\n<\/div>\n<p><!--more--><\/p>\n<div id=\"content-area\">\n<div class=\"region region-content\">\n<div id=\"block-system-main\" class=\"block block-system block-odd clearfix\">\n<div class=\"content\">\n<article id=\"node-1109856\" class=\"node node-noticia node-odd\">\n<div class=\"content\">\n<p>Questionado se o recurso da defesa do ex-presidente Lula ser\u00e1 julgado de forma r\u00e1pida pelo tribunal, o desembargador se esquivou e disse que n\u00e3o pode falar sobre um caso espec\u00edfico. Mas afirmou que os processos costumam ser julgados de forma r\u00e1pida pelo tribunal. \u201cA taxa de congestionamento [no TRF-4] \u00e9 menor do que em outros tribunais\u201d, falou ele.<\/p>\n<p><strong>Aux\u00edlio-moradia<\/strong><\/p>\n<p>A jornalistas, o presidente do Tribunal disse que a discuss\u00e3o sobre fim do pagamento de aux\u00edlio-moradia \u201c\u00e9 desconfort\u00e1vel\u201d para os ju\u00edzes. \u201cN\u00e3o vamos negar que isso est\u00e1 desconfort\u00e1vel para a magistratura. Mas o que o Supremo decidir, ter\u00e1 que ser acatado\u201d, falou ele. O desembargador confessou que recebe o aux\u00edlio-moradia, embora tenha im\u00f3vel pr\u00f3prio.<\/p>\n<p>A legalidade sobre o pagamento do aux\u00edlio-moradia pode ser decidida pelo Supremo Tribunal Federal no pr\u00f3ximo m\u00eas. A presidente do STF, ministra C\u00e1rmen L\u00facia, marcou para 22 de mar\u00e7o o julgamento que vai decidir se os ju\u00edzes t\u00eam direito ou n\u00e3o ao benef\u00edcio. Um dia antes desse julgamento, um grupo de ju\u00edzes federais informou que far\u00e1 um protesto para defender o pagamento do benef\u00edcio.<\/p>\n<\/div>\n<\/article>\n<\/div>\n<\/div>\n<\/div>\n<\/div>\n","protected":false},"excerpt":{"rendered":"<p>Elaine Patricia Cruz \u2013 Rep\u00f3rter da Ag\u00eancia Brasil Presidente do Tribunal Regional Federal da 4\u00aa Regi\u00e3o (TRF4), onde tramitam os processos da Lava Jato na segunda inst\u00e2ncia, o desembargador Carlos Eduardo Thompson Flores, defendeu hoje (23) a manuten\u00e7\u00e3o da pris\u00e3o ap\u00f3s condena\u00e7\u00e3o em segunda inst\u00e2ncia. Ap\u00f3s palestrar na tarde de hoje na C\u00e2mara Americana de [&hellip;]<\/p>\n","protected":false},"author":2,"featured_media":0,"comment_status":"open","ping_status":"open","sticky":false,"template":"","format":"standard","meta":{"_links_to":"","_links_to_target":""},"categories":[7,9,8,1],"tags":[],"_links":{"self":[{"href":"https:\/\/www.ilheusnoticias.net.br\/v1\/wp-json\/wp\/v2\/posts\/12877"}],"collection":[{"href":"https:\/\/www.ilheusnoticias.net.br\/v1\/wp-json\/wp\/v2\/posts"}],"about":[{"href":"https:\/\/www.ilheusnoticias.net.br\/v1\/wp-json\/wp\/v2\/types\/post"}],"author":[{"embeddable":true,"href":"https:\/\/www.ilheusnoticias.net.br\/v1\/wp-json\/wp\/v2\/users\/2"}],"replies":[{"embeddable":true,"href":"https:\/\/www.ilheusnoticias.net.br\/v1\/wp-json\/wp\/v2\/comments?post=12877"}],"version-history":[{"count":1,"href":"https:\/\/www.ilheusnoticias.net.br\/v1\/wp-json\/wp\/v2\/posts\/12877\/revisions"}],"predecessor-version":[{"id":12878,"href":"https:\/\/www.ilheusnoticias.net.br\/v1\/wp-json\/wp\/v2\/posts\/12877\/revisions\/12878"}],"wp:attachment":[{"href":"https:\/\/www.ilheusnoticias.net.br\/v1\/wp-json\/wp\/v2\/media?parent=12877"}],"wp:term":[{"taxonomy":"category","embeddable":true,"href":"https:\/\/www.ilheusnoticias.net.br\/v1\/wp-json\/wp\/v2\/categories?post=12877"},{"taxonomy":"post_tag","embeddable":true,"href":"https:\/\/www.ilheusnoticias.net.br\/v1\/wp-json\/wp\/v2\/tags?post=12877"}],"curies":[{"name":"wp","href":"https:\/\/api.w.org\/{rel}","templated":true}]}}