{"id":12865,"date":"2018-02-23T13:11:59","date_gmt":"2018-02-23T16:11:59","guid":{"rendered":"http:\/\/www.ilheusnoticias.net.br\/v1\/?p=12865"},"modified":"2018-02-23T13:11:59","modified_gmt":"2018-02-23T16:11:59","slug":"vistorias-do-residencial-rio-cachoeira-comecam-na-proxima-segunda-dia-26","status":"publish","type":"post","link":"https:\/\/www.ilheusnoticias.net.br\/v1\/2018\/02\/23\/vistorias-do-residencial-rio-cachoeira-comecam-na-proxima-segunda-dia-26\/","title":{"rendered":"Vistorias do Residencial Rio Cachoeira come\u00e7am na pr\u00f3xima segunda, dia 26"},"content":{"rendered":"<p class=\"MsoNormal\" style=\"color: rgb(33,33,33); font-style: normal; font-variant-ligatures: normal; font-variant-caps: normal; font-weight: 400; letter-spacing: normal; orphans: 2; text-indent: 0px; text-transform: none; white-space: normal; widows: 2; word-spacing: 0px; -webkit-text-stroke-width: 0px; text-decoration-style: initial; text-decoration-color: initialmargin: 0cm0cm8pt; line-height: 15.6933px; font-size: 11pt; font-family: Calibri,sans-serif; text-align: left;\"><span style=\"font-size: 12pt; line-height: 17.12px; font-family: Tahoma,sans-serif;\">As vistorias do conjunto habitacional Rio Cachoeira, do programa Minha Casa Minha Vida, do governo federal ser\u00e3o iniciadas nesta segunda-feira, 26, e seguem nos dias 27 e 28, sempre<span> <\/span>das 8 \u00e0s 12h e das 13 \u00e0s 17h, no local do empreendimento, situado no quil\u00f4metro 4 da rodovia Ilh\u00e9us-Itabuna (BR-415) ao lado do Hospital Regional Costa do Cacau. Os benefici\u00e1rios devem levar documentos comprobat\u00f3rios e de identifica\u00e7\u00e3o. Todas as informa\u00e7\u00f5es<span> <\/span>oficiais sobre as etapas ser\u00e3o publicadas no site oficial da prefeitura e na p\u00e1gina do facebook.<\/span><\/p>\n<p class=\"MsoNormal\" style=\"color: rgb(33,33,33); font-style: normal; font-variant-ligatures: normal; font-variant-caps: normal; font-weight: 400; letter-spacing: normal; orphans: 2; text-indent: 0px; text-transform: none; white-space: normal; widows: 2; word-spacing: 0px; -webkit-text-stroke-width: 0px; text-decoration-style: initial; text-decoration-color: initialmargin: 0cm0cm8pt; line-height: 15.6933px; font-size: 11pt; font-family: Calibri,sans-serif; text-align: left;\"><span style=\"font-size: 12pt; line-height: 17.12px; font-family: Tahoma,sans-serif;\">Na segunda-feira, devem comparecer os contemplados nas quadras 01; 02 e 03. Na ter\u00e7a-feira (27) ser\u00e3o os contemplados nas quadras 04; 05; 06.<span> <span> <\/span>E no \u00faltimo dia, quarta-feira (28) ser\u00e3o os contemplados nas quadras 07, 08 e 09. A lista completa com nomes e datas pode ser conferida no endere\u00e7o eletr\u00f4nico (<a href=\"http:\/\/www.ilheus.ba.gov.br\/\" style=\"color: rgb(0, 114, 198);\">www.ilheus.ba.gov.br\/<\/a>). Todas aas informa\u00e7\u00f5es oficiais sobre as etapas ser\u00e3o publicadas no site oficial da prefeitura e na p\u00e1gina do facebook.<\/span><\/span><span>E no \u00faltimo dia, quarta-feira (28) ser\u00e3o os contemplados nas quadras 07, 08 e 09. A lista completa com nomes e datas pode ser conferida no endere\u00e7o eletr\u00f4nico (<a href=\"http:\/\/www.ilheus.ba.gov.br\/\" style=\"color: rgb(0, 114, 198);\">www.ilheus.ba.gov.br\/<\/a>). Todas aas informa\u00e7\u00f5es oficiais sobre as etapas ser\u00e3o publicadas no site oficial da prefeitura e na p\u00e1gina do facebook.<\/span><\/p>\n<p class=\"MsoNormal\" style=\"color: rgb(33,33,33); font-style: normal; font-variant-ligatures: normal; font-variant-caps: normal; font-weight: 400; letter-spacing: normal; orphans: 2; text-indent: 0px; text-transform: none; white-space: normal; widows: 2; word-spacing: 0px; -webkit-text-stroke-width: 0px; text-decoration-style: initial; text-decoration-color: initialmargin: 0cm0cm8pt; line-height: 15.6933px; font-size: 11pt; font-family: Calibri,sans-serif; text-align: left;\"><span style=\"font-size: 12pt; line-height: 17.12px; font-family: Tahoma,sans-serif;\">O coordenador de habita\u00e7\u00e3o da secretaria de Desenvolvimento Social de Ilh\u00e9us, Welder Santos, destaca que os contemplados devem ficar atentos \u00e0s datas publicadas. \u201c\u00c9 importante que<span> <\/span>todos estejam atentos para acompanhar as vistorias e ver se o seu apartamento est\u00e1 dentro dos padr\u00f5es. Os benefici\u00e1rios tamb\u00e9m t\u00eam que atentar para as datas de assinatura de contrato e, por fim, o recebimento da chave da sua moradia que ser\u00e3o divulgadas no<span> <\/span>site oficial da prefeitura\u201d, informa.<\/span><\/p>\n","protected":false},"excerpt":{"rendered":"<p>As vistorias do conjunto habitacional Rio Cachoeira, do programa Minha Casa Minha Vida, do governo federal ser\u00e3o iniciadas nesta segunda-feira, 26, e seguem nos dias 27 e 28, sempre das 8 \u00e0s 12h e das 13 \u00e0s 17h, no local do empreendimento, situado no quil\u00f4metro 4 da rodovia Ilh\u00e9us-Itabuna (BR-415) ao lado do Hospital Regional [&hellip;]<\/p>\n","protected":false},"author":2,"featured_media":0,"comment_status":"open","ping_status":"open","sticky":false,"template":"","format":"standard","meta":{"_links_to":"","_links_to_target":""},"categories":[1],"tags":[],"_links":{"self":[{"href":"https:\/\/www.ilheusnoticias.net.br\/v1\/wp-json\/wp\/v2\/posts\/12865"}],"collection":[{"href":"https:\/\/www.ilheusnoticias.net.br\/v1\/wp-json\/wp\/v2\/posts"}],"about":[{"href":"https:\/\/www.ilheusnoticias.net.br\/v1\/wp-json\/wp\/v2\/types\/post"}],"author":[{"embeddable":true,"href":"https:\/\/www.ilheusnoticias.net.br\/v1\/wp-json\/wp\/v2\/users\/2"}],"replies":[{"embeddable":true,"href":"https:\/\/www.ilheusnoticias.net.br\/v1\/wp-json\/wp\/v2\/comments?post=12865"}],"version-history":[{"count":1,"href":"https:\/\/www.ilheusnoticias.net.br\/v1\/wp-json\/wp\/v2\/posts\/12865\/revisions"}],"predecessor-version":[{"id":12866,"href":"https:\/\/www.ilheusnoticias.net.br\/v1\/wp-json\/wp\/v2\/posts\/12865\/revisions\/12866"}],"wp:attachment":[{"href":"https:\/\/www.ilheusnoticias.net.br\/v1\/wp-json\/wp\/v2\/media?parent=12865"}],"wp:term":[{"taxonomy":"category","embeddable":true,"href":"https:\/\/www.ilheusnoticias.net.br\/v1\/wp-json\/wp\/v2\/categories?post=12865"},{"taxonomy":"post_tag","embeddable":true,"href":"https:\/\/www.ilheusnoticias.net.br\/v1\/wp-json\/wp\/v2\/tags?post=12865"}],"curies":[{"name":"wp","href":"https:\/\/api.w.org\/{rel}","templated":true}]}}