{"id":12863,"date":"2018-02-23T10:52:14","date_gmt":"2018-02-23T13:52:14","guid":{"rendered":"http:\/\/www.ilheusnoticias.net.br\/v1\/?p=12863"},"modified":"2018-02-23T10:52:14","modified_gmt":"2018-02-23T13:52:14","slug":"estadio-mario-pessoa-e-confirmado-como-casa-do-tigre-na-segundona","status":"publish","type":"post","link":"https:\/\/www.ilheusnoticias.net.br\/v1\/2018\/02\/23\/estadio-mario-pessoa-e-confirmado-como-casa-do-tigre-na-segundona\/","title":{"rendered":"Est\u00e1dio M\u00e1rio Pessoa \u00e9 confirmado  como \u201ccasa\u201d do Tigre na segundona"},"content":{"rendered":"<p class=\"MsoNormal\" style=\"color: rgb(33,33,33); font-style: normal; font-variant-ligatures: normal; font-variant-caps: normal; font-weight: 400; letter-spacing: normal; orphans: 2; text-indent: 0px; text-transform: none; white-space: normal; widows: 2; word-spacing: 0px; -webkit-text-stroke-width: 0px; text-decoration-style: initial; text-decoration-color: initialmargin: 0cm0cm8pt; line-height: 15.6933px; font-size: 11pt; font-family: Calibri,sans-serif; text-align: left;\"><span style=\"font-size: 12pt; line-height: 17.12px; font-family: Tahoma,sans-serif; color: black;\">O Est\u00e1dio Municipal Dr. M\u00e1rio Pessoa, em Ilh\u00e9us, vai estar liberado para abrigar os jogos do Colo Colo na disputa da segunda divis\u00e3o do futebol profissional baiano deste<span> <\/span>ano. Todos os laudos exigidos pela Federa\u00e7\u00e3o Bahiana de Futebol (FBF) para a libera\u00e7\u00e3o do espa\u00e7o, j\u00e1 est\u00e3o em Salvador. Estes laudos asseguram as condi\u00e7\u00f5es do est\u00e1dio para a competi\u00e7\u00e3o. De acordo com a tabela previamente divulgada pela FBF, o Colo Colo estreia<span> <\/span>na competi\u00e7\u00e3o em casa, enfrentando o Gal\u00edcia, dia 4 de mar\u00e7o, \u00e0s 15 horas.<\/span><\/p>\n<p class=\"MsoNormal\" style=\"color: rgb(33,33,33); font-style: normal; font-variant-ligatures: normal; font-variant-caps: normal; font-weight: 400; letter-spacing: normal; orphans: 2; text-indent: 0px; text-transform: none; white-space: normal; widows: 2; word-spacing: 0px; -webkit-text-stroke-width: 0px; text-decoration-style: initial; text-decoration-color: initialmargin: 0cm0cm8pt; line-height: 15.6933px; font-size: 11pt; font-family: Calibri,sans-serif; text-align: left;\"><span style=\"font-size: 12pt; line-height: 17.12px; font-family: Tahoma,sans-serif; color: black;\">O diretor de Esportes da Secretaria Municipal de Turismo e Esportes (Setur), Danilo Rabat, explica que servidores da Prefeitura ainda trabalham no est\u00e1dio ultimando ospreparativos para a estreia. \u201cS\u00e3o pequenos detalhes que n\u00e3o comprometem mais as avalia\u00e7\u00f5es contidas nos laudos do Corpo de Bombeiros, em especial\u201d, informa. Para viabilizar o est\u00e1dio municipal como palco dos jogos do representante ilheense na competi\u00e7\u00e3o estadual,<span> <\/span><b><b>uma for\u00e7a-tarefa composta pela Setur, Secretarias Municipais de Infraestrutura (Seinfra) e de Servi\u00e7os Urbanos (Secsurb), atuou nas exig\u00eancias impostas pela FBF.<\/b><\/b><span><b><\/b><\/span><\/span><\/p>\n<p class=\"MsoNormal\" style=\"color: rgb(33,33,33); font-style: normal; font-variant-ligatures: normal; font-variant-caps: normal; font-weight: 400; letter-spacing: normal; orphans: 2; text-indent: 0px; text-transform: none; white-space: normal; widows: 2; word-spacing: 0px; -webkit-text-stroke-width: 0px; text-decoration-style: initial; text-decoration-color: initialmargin: 0cm0cm8pt; line-height: 15.6933px; font-size: 11pt; font-family: Calibri,sans-serif; text-align: left;\"><span style=\"font-size: 12pt; line-height: 17.12px; font-family: Tahoma,sans-serif; color: black;\"><b>Comprometimento<\/b><\/span><span style=\"font-size: 12pt; line-height: 17.12px; font-family: Tahoma,sans-serif; color: black;\"><span> <\/span>&#8211; Do interior de S\u00e3o Paulo, o empres\u00e1rio o empres\u00e1rio<span> <\/span>Weliton Nascimento, presidente da Arezza\/Adilis, gestora do clube, elogiou o empenho da administra\u00e7\u00e3o municipal para cumprir as exig\u00eancias de seguran\u00e7a para o torcedor. \u201cDa nossa parte, a torcida de Ilh\u00e9us pode ter certeza de que estamos prontos para fazerum grande jogo\u201d disse.<\/span><\/p>\n<p class=\"MsoNormal\" style=\"color: rgb(33,33,33); font-style: normal; font-variant-ligatures: normal; font-variant-caps: normal; font-weight: 400; letter-spacing: normal; orphans: 2; text-indent: 0px; text-transform: none; white-space: normal; widows: 2; word-spacing: 0px; -webkit-text-stroke-width: 0px; text-decoration-style: initial; text-decoration-color: initialmargin: 0cm0cm8pt; line-height: 15.6933px; font-size: 11pt; font-family: Calibri,sans-serif; text-align: left;\"><span style=\"font-size: 12pt; line-height: 17.12px; font-family: Tahoma,sans-serif; color: black;\">Al\u00e9m de Colo Colo e Gal\u00edcia disputar\u00e3o a \u201csegundona\u201d Conquista, Atl\u00e9tico de Alagoinhas, PFC Cajazeiras e Teixeira de Freitas. O campe\u00e3o sobre para a elite do futebol<span> <\/span>baiano em 2019.<\/span><\/p>\n<p class=\"MsoNormal\" style=\"color: rgb(33,33,33); font-style: normal; font-variant-ligatures: normal; font-variant-caps: normal; font-weight: 400; letter-spacing: normal; orphans: 2; text-indent: 0px; text-transform: none; white-space: normal; widows: 2; word-spacing: 0px; -webkit-text-stroke-width: 0px; text-decoration-style: initial; text-decoration-color: initialmargin: 0cm0cm8pt; line-height: 15.6933px; font-size: 11pt; font-family: Calibri,sans-serif; text-align: left;\"><span style=\"font-size: 12pt; line-height: 17.12px; font-family: Tahoma,sans-serif; color: black;\">Abaixo, confira todos os jogos do Colo Colo na primeira fase da competi\u00e7\u00e3o<\/span><\/p>\n<p style=\"color: rgb(33,33,33); font-size: 12pt; font-style: normal; font-variant-ligatures: normal; font-variant-caps: normal; font-weight: 400; letter-spacing: normal; orphans: 2; text-indent: 0px; text-transform: none; white-space: normal; widows: 2; word-spacing: 0px; -webkit-text-stroke-width: 0px; text-decoration-style: initial; text-decoration-color: initial; margin: 0cm0cm7.5ptbackground: white; font-family:\" timesnewromanserif=\"timesnewromanserif\" _=\"text-align:_\" _24px=\"_24px\" left=\"left\"><span style=\"font-family: Tahoma,sans-serif; color: rgb(68,68,68);\">1\u00aa Rodada<\/span><\/p>\n<p style=\"color: rgb(33,33,33); font-size: 12pt; font-style: normal; font-variant-ligatures: normal; font-variant-caps: normal; font-weight: 400; letter-spacing: normal; orphans: 2; text-indent: 0px; text-transform: none; white-space: normal; widows: 2; word-spacing: 0px; -webkit-text-stroke-width: 0px; text-decoration-style: initial; text-decoration-color: initial; margin: 0cm0cm7.5ptbackground: white; font-family:\" timesnewromanserif=\"timesnewromanserif\" _=\"text-align:_\" _24px=\"_24px\" left=\"left\"><span style=\"font-family: Tahoma,sans-serif; color: rgb(68,68,68);\"><b>04\/03\/18 Domingo: 15h &#8211; Colo Colo x Gal\u00edcia \u2013 M\u00e1rio Pessoa (Ilh\u00e9us)<\/b><\/span><\/p>\n<p style=\"color: rgb(33,33,33); font-size: 12pt; font-style: normal; font-variant-ligatures: normal; font-variant-caps: normal; font-weight: 400; letter-spacing: normal; orphans: 2; text-indent: 0px; text-transform: none; white-space: normal; widows: 2; word-spacing: 0px; -webkit-text-stroke-width: 0px; text-decoration-style: initial; text-decoration-color: initial; margin: 0cm0cm7.5ptbackground: white; font-family:\" timesnewromanserif=\"timesnewromanserif\" _=\"text-align:_\" _24px=\"_24px\" left=\"left\"><span style=\"font-family: Tahoma,sans-serif; color: rgb(68,68,68);\">2\u00aa Rodada<\/span><\/p>\n<p style=\"color: rgb(33,33,33); font-size: 12pt; font-style: normal; font-variant-ligatures: normal; font-variant-caps: normal; font-weight: 400; letter-spacing: normal; orphans: 2; text-indent: 0px; text-transform: none; white-space: normal; widows: 2; word-spacing: 0px; -webkit-text-stroke-width: 0px; text-decoration-style: initial; text-decoration-color: initial; margin: 0cm0cm7.5ptbackground: white; font-family:\" timesnewromanserif=\"timesnewromanserif\" _=\"text-align:_\" _24px=\"_24px\" left=\"left\"><span style=\"font-family: Tahoma,sans-serif; color: rgb(68,68,68);\"><b>10\/03\/18 S\u00e1bado: 18h &#8211; Atl\u00e9tico x Colo Colo \u2013 Ant\u00f4nio Carneiro (Alagoinhas)<\/b><\/span><\/p>\n<p style=\"color: rgb(33,33,33); font-size: 12pt; font-style: normal; font-variant-ligatures: normal; font-variant-caps: normal; font-weight: 400; letter-spacing: normal; orphans: 2; text-indent: 0px; text-transform: none; white-space: normal; widows: 2; word-spacing: 0px; -webkit-text-stroke-width: 0px; text-decoration-style: initial; text-decoration-color: initial; margin: 0cm0cm7.5ptbackground: white; font-family:\" timesnewromanserif=\"timesnewromanserif\" _=\"text-align:_\" _24px=\"_24px\" left=\"left\"><span style=\"font-family: Tahoma,sans-serif; color: rgb(68,68,68);\">3\u00aa Rodada<\/span><\/p>\n<p style=\"color: rgb(33,33,33); font-size: 12pt; font-style: normal; font-variant-ligatures: normal; font-variant-caps: normal; font-weight: 400; letter-spacing: normal; orphans: 2; text-indent: 0px; text-transform: none; white-space: normal; widows: 2; word-spacing: 0px; -webkit-text-stroke-width: 0px; text-decoration-style: initial; text-decoration-color: initial; margin: 0cm0cm7.5ptbackground: white; font-family:\" timesnewromanserif=\"timesnewromanserif\" _=\"text-align:_\" _24px=\"_24px\" left=\"left\"><span style=\"font-family: Tahoma,sans-serif; color: rgb(68,68,68);\"><b>17\/03\/18 S\u00e1bado: &#8211; 10h &#8211; PFC Cajazeiras x Colo Colo \u2013 Roberto Santos (Salvador)<\/b><\/span><\/p>\n<p style=\"color: rgb(33,33,33); font-size: 12pt; font-style: normal; font-variant-ligatures: normal; font-variant-caps: normal; font-weight: 400; letter-spacing: normal; orphans: 2; text-indent: 0px; text-transform: none; white-space: normal; widows: 2; word-spacing: 0px; -webkit-text-stroke-width: 0px; text-decoration-style: initial; text-decoration-color: initial; margin: 0cm0cm7.5ptbackground: white; font-family:\" timesnewromanserif=\"timesnewromanserif\" _=\"text-align:_\" _24px=\"_24px\" left=\"left\"><span style=\"font-family: Tahoma,sans-serif; color: rgb(68,68,68);\">4\u00aa Rodada<\/span><\/p>\n<p style=\"color: rgb(33,33,33); font-size: 12pt; font-style: normal; font-variant-ligatures: normal; font-variant-caps: normal; font-weight: 400; letter-spacing: normal; orphans: 2; text-indent: 0px; text-transform: none; white-space: normal; widows: 2; word-spacing: 0px; -webkit-text-stroke-width: 0px; text-decoration-style: initial; text-decoration-color: initial; margin: 0cm0cm7.5ptbackground: white; font-family:\" timesnewromanserif=\"timesnewromanserif\" _=\"text-align:_\" _24px=\"_24px\" left=\"left\"><span style=\"font-family: Tahoma,sans-serif; color: rgb(68,68,68);\"><b><b>25\/03\/18 Domingo: 15h &#8211; Colo Colo x Conquista M\u00e1rio Pessoa (Ilh\u00e9us)<\/b><\/b><span><b><\/b><\/span><\/span><b><\/b><\/p>\n<p style=\"color: rgb(33,33,33); font-size: 12pt; font-style: normal; font-variant-ligatures: normal; font-variant-caps: normal; font-weight: 400; letter-spacing: normal; orphans: 2; text-indent: 0px; text-transform: none; white-space: normal; widows: 2; word-spacing: 0px; -webkit-text-stroke-width: 0px; text-decoration-style: initial; text-decoration-color: initial; margin: 0cm0cm7.5ptbackground: white; font-family:\" timesnewromanserif=\"timesnewromanserif\" _=\"text-align:_\" _24px=\"_24px\" left=\"left\"><span style=\"font-family: Tahoma,sans-serif; color: rgb(68,68,68);\"><b>5\u00aa Rodada<\/b><\/span><b><\/b><\/p>\n<p style=\"color: rgb(33,33,33); font-size: 12pt; font-style: normal; font-variant-ligatures: normal; font-variant-caps: normal; font-weight: 400; letter-spacing: normal; orphans: 2; text-indent: 0px; text-transform: none; white-space: normal; widows: 2; word-spacing: 0px; -webkit-text-stroke-width: 0px; text-decoration-style: initial; text-decoration-color: initial; margin: 0cm0cm7.5ptbackground: white; font-family:\" timesnewromanserif=\"timesnewromanserif\" _=\"text-align:_\" _24px=\"_24px\" left=\"left\"><span style=\"font-family: Tahoma,sans-serif; color: rgb(68,68,68);\"><b><b>01\/04\/18 Domingo: 15h &#8211; Colo Colo x T. de Freitas \u2013 M\u00e1rio Pessoa (Ilh\u00e9us)<\/b><\/b><\/span><b><\/b><\/p>\n<p style=\"color: rgb(33,33,33); font-size: 12pt; font-style: normal; font-variant-ligatures: normal; font-variant-caps: normal; font-weight: 400; letter-spacing: normal; orphans: 2; text-indent: 0px; text-transform: none; white-space: normal; widows: 2; word-spacing: 0px; -webkit-text-stroke-width: 0px; text-decoration-style: initial; text-decoration-color: initial; margin: 0cm0cm7.5ptbackground: white; font-family:\" timesnewromanserif=\"timesnewromanserif\" _=\"text-align:_\" _24px=\"_24px\" left=\"left\"><span style=\"font-family: Tahoma,sans-serif; color: rgb(68,68,68);\"><b><b>TABELA DOS JOGOS DE VOLTA<\/b><\/b><\/span><span style=\"font-family: Tahoma,sans-serif; color: rgb(68,68,68);\"><b><\/b><\/span><b><\/b><\/p>\n<p style=\"color: rgb(33,33,33); font-size: 12pt; font-style: normal; font-variant-ligatures: normal; font-variant-caps: normal; font-weight: 400; letter-spacing: normal; orphans: 2; text-indent: 0px; text-transform: none; white-space: normal; widows: 2; word-spacing: 0px; -webkit-text-stroke-width: 0px; text-decoration-style: initial; text-decoration-color: initial; margin: 0cm0cm7.5ptbackground: white; font-family:\" timesnewromanserif=\"timesnewromanserif\" _=\"text-align:_\" _24px=\"_24px\" left=\"left\"><span style=\"font-family: Tahoma,sans-serif; color: rgb(68,68,68);\"><b>6\u00aa Rodada<\/b><\/span><b><\/b><\/p>\n<p style=\"color: rgb(33,33,33); font-size: 12pt; font-style: normal; font-variant-ligatures: normal; font-variant-caps: normal; font-weight: 400; letter-spacing: normal; orphans: 2; text-indent: 0px; text-transform: none; white-space: normal; widows: 2; word-spacing: 0px; -webkit-text-stroke-width: 0px; text-decoration-style: initial; text-decoration-color: initial; margin: 0cm0cm7.5ptbackground: white; font-family:\" timesnewromanserif=\"timesnewromanserif\" _=\"text-align:_\" _24px=\"_24px\" left=\"left\"><span style=\"font-family: Tahoma,sans-serif; color: rgb(68,68,68);\"><b><b><b>08\/04\/18 Domingo:<\/b><\/b><\/b><span><b><b><b> <\/b><\/b><\/b><\/span><span><b><\/b><\/span><b><b>16h &#8211; T. de Freitas x Colo Colo \u2013 Ant\u00f4nio Rodrigues Santana (T. de Freitas)<\/b><\/b><\/span><span style=\"font-family: Tahoma,sans-serif; color: rgb(68,68,68);\"><b><\/b><\/span><b><\/b><\/p>\n<p style=\"color: rgb(33,33,33); font-size: 12pt; font-style: normal; font-variant-ligatures: normal; font-variant-caps: normal; font-weight: 400; letter-spacing: normal; orphans: 2; text-indent: 0px; text-transform: none; white-space: normal; widows: 2; word-spacing: 0px; -webkit-text-stroke-width: 0px; text-decoration-style: initial; text-decoration-color: initial; margin: 0cm0cm7.5ptbackground: white; font-family:\" timesnewromanserif=\"timesnewromanserif\" _=\"text-align:_\" _24px=\"_24px\" left=\"left\"><span style=\"font-family: Tahoma,sans-serif; color: rgb(68,68,68);\"><b>7\u00aa Rodada<\/b><\/span><b><\/b><\/p>\n<p style=\"color: rgb(33,33,33); font-size: 12pt; font-style: normal; font-variant-ligatures: normal; font-variant-caps: normal; font-weight: 400; letter-spacing: normal; orphans: 2; text-indent: 0px; text-transform: none; white-space: normal; widows: 2; word-spacing: 0px; -webkit-text-stroke-width: 0px; text-decoration-style: initial; text-decoration-color: initial; margin: 0cm0cm7.5ptbackground: white; font-family:\" timesnewromanserif=\"timesnewromanserif\" _=\"text-align:_\" _24px=\"_24px\" left=\"left\"><span style=\"font-family: Tahoma,sans-serif; color: rgb(68,68,68);\"><b><b>15\/04\/18 Domingo: 16h &#8211; Conquista x Colo Colo \u2013 Lomanto J\u00fanior (Vit\u00f3ria da Conquista)<\/b><\/b><\/span><span style=\"font-family: Tahoma,sans-serif; color: rgb(68,68,68);\"><b><\/b><\/span><b><\/b><\/p>\n<p style=\"color: rgb(33,33,33); font-size: 12pt; font-style: normal; font-variant-ligatures: normal; font-variant-caps: normal; font-weight: 400; letter-spacing: normal; orphans: 2; text-indent: 0px; text-transform: none; white-space: normal; widows: 2; word-spacing: 0px; -webkit-text-stroke-width: 0px; text-decoration-style: initial; text-decoration-color: initial; margin: 0cm0cm7.5ptbackground: white; font-family:\" timesnewromanserif=\"timesnewromanserif\" _=\"text-align:_\" _24px=\"_24px\" left=\"left\"><span style=\"font-family: Tahoma,sans-serif; color: rgb(68,68,68);\"><b>8\u00aa Rodada<\/b><\/span><b><\/b><\/p>\n<p style=\"color: rgb(33,33,33); font-size: 12pt; font-style: normal; font-variant-ligatures: normal; font-variant-caps: normal; font-weight: 400; letter-spacing: normal; orphans: 2; text-indent: 0px; text-transform: none; white-space: normal; widows: 2; word-spacing: 0px; -webkit-text-stroke-width: 0px; text-decoration-style: initial; text-decoration-color: initial; margin: 0cm0cm7.5ptbackground: white; font-family:\" timesnewromanserif=\"timesnewromanserif\" _=\"text-align:_\" _24px=\"_24px\" left=\"left\"><span style=\"font-family: Tahoma,sans-serif; color: rgb(68,68,68);\"><b><b><b>22\/04\/18 Domingo:<\/b><\/b><\/b><span><b><b><b><b> <\/b><\/b><\/b><\/b><\/span><span><b><\/b><\/span><b>15h &#8211; Colo Colo x PFC Cajazeiras \u2013 M\u00e1rio Pessoa (Ilh\u00e9us)<\/b><\/span><\/p>\n<p style=\"color: rgb(33,33,33); font-size: 12pt; font-style: normal; font-variant-ligatures: normal; font-variant-caps: normal; font-weight: 400; letter-spacing: normal; orphans: 2; text-indent: 0px; text-transform: none; white-space: normal; widows: 2; word-spacing: 0px; -webkit-text-stroke-width: 0px; text-decoration-style: initial; text-decoration-color: initial; margin: 0cm0cm7.5ptbackground: white; font-family:\" timesnewromanserif=\"timesnewromanserif\" _=\"text-align:_\" _24px=\"_24px\" left=\"left\"><span style=\"font-family: Tahoma,sans-serif; color: rgb(68,68,68);\">9\u00aa Rodada<\/span><\/p>\n<p style=\"color: rgb(33,33,33); font-size: 12pt; font-style: normal; font-variant-ligatures: normal; font-variant-caps: normal; font-weight: 400; letter-spacing: normal; orphans: 2; text-indent: 0px; text-transform: none; white-space: normal; widows: 2; word-spacing: 0px; -webkit-text-stroke-width: 0px; text-decoration-style: initial; text-decoration-color: initial; margin: 0cm0cm7.5ptbackground: white; font-family:\" timesnewromanserif=\"timesnewromanserif\" _=\"text-align:_\" _24px=\"_24px\" left=\"left\"><span style=\"font-family: Tahoma,sans-serif; color: rgb(68,68,68);\"><b>29\/04\/18 Domingo: 15h &#8211; Colo Colo x Atl\u00e9tico \u2013 M\u00e1rio Pessoa (Ilh\u00e9us)<\/b><\/span><\/p>\n<p style=\"color: rgb(33,33,33); font-size: 12pt; font-style: normal; font-variant-ligatures: normal; font-variant-caps: normal; font-weight: 400; letter-spacing: normal; orphans: 2; text-indent: 0px; text-transform: none; white-space: normal; widows: 2; word-spacing: 0px; -webkit-text-stroke-width: 0px; text-decoration-style: initial; text-decoration-color: initial; margin: 0cm0cm7.5ptbackground: white; font-family:\" timesnewromanserif=\"timesnewromanserif\" _=\"text-align:_\" _24px=\"_24px\" left=\"left\"><span style=\"font-family: Tahoma,sans-serif; color: rgb(68,68,68);\">10\u00aa Rodada<\/span><\/p>\n<p style=\"color: rgb(33,33,33); font-size: 12pt; font-style: normal; font-variant-ligatures: normal; font-variant-caps: normal; font-weight: 400; letter-spacing: normal; orphans: 2; text-indent: 0px; text-transform: none; white-space: normal; widows: 2; word-spacing: 0px; -webkit-text-stroke-width: 0px; text-decoration-style: initial; text-decoration-color: initial; margin: 0cm0cm7.5ptbackground: white; font-family:\" timesnewromanserif=\"timesnewromanserif\" _=\"text-align:_\" _24px=\"_24px\" left=\"left\"><span style=\"font-family: Tahoma,sans-serif; color: rgb(68,68,68);\"><b>05\/05\/18 S\u00e1bado: 17h &#8211; Gal\u00edcia x Colo Colo \u2013 Roberto Santos (Salvador)<\/b><\/span><\/p>\n","protected":false},"excerpt":{"rendered":"<p>O Est\u00e1dio Municipal Dr. M\u00e1rio Pessoa, em Ilh\u00e9us, vai estar liberado para abrigar os jogos do Colo Colo na disputa da segunda divis\u00e3o do futebol profissional baiano deste ano. Todos os laudos exigidos pela Federa\u00e7\u00e3o Bahiana de Futebol (FBF) para a libera\u00e7\u00e3o do espa\u00e7o, j\u00e1 est\u00e3o em Salvador. Estes laudos asseguram as condi\u00e7\u00f5es do est\u00e1dio [&hellip;]<\/p>\n","protected":false},"author":2,"featured_media":0,"comment_status":"open","ping_status":"open","sticky":false,"template":"","format":"standard","meta":{"_links_to":"","_links_to_target":""},"categories":[1],"tags":[],"_links":{"self":[{"href":"https:\/\/www.ilheusnoticias.net.br\/v1\/wp-json\/wp\/v2\/posts\/12863"}],"collection":[{"href":"https:\/\/www.ilheusnoticias.net.br\/v1\/wp-json\/wp\/v2\/posts"}],"about":[{"href":"https:\/\/www.ilheusnoticias.net.br\/v1\/wp-json\/wp\/v2\/types\/post"}],"author":[{"embeddable":true,"href":"https:\/\/www.ilheusnoticias.net.br\/v1\/wp-json\/wp\/v2\/users\/2"}],"replies":[{"embeddable":true,"href":"https:\/\/www.ilheusnoticias.net.br\/v1\/wp-json\/wp\/v2\/comments?post=12863"}],"version-history":[{"count":1,"href":"https:\/\/www.ilheusnoticias.net.br\/v1\/wp-json\/wp\/v2\/posts\/12863\/revisions"}],"predecessor-version":[{"id":12864,"href":"https:\/\/www.ilheusnoticias.net.br\/v1\/wp-json\/wp\/v2\/posts\/12863\/revisions\/12864"}],"wp:attachment":[{"href":"https:\/\/www.ilheusnoticias.net.br\/v1\/wp-json\/wp\/v2\/media?parent=12863"}],"wp:term":[{"taxonomy":"category","embeddable":true,"href":"https:\/\/www.ilheusnoticias.net.br\/v1\/wp-json\/wp\/v2\/categories?post=12863"},{"taxonomy":"post_tag","embeddable":true,"href":"https:\/\/www.ilheusnoticias.net.br\/v1\/wp-json\/wp\/v2\/tags?post=12863"}],"curies":[{"name":"wp","href":"https:\/\/api.w.org\/{rel}","templated":true}]}}