{"id":12859,"date":"2018-02-23T10:18:27","date_gmt":"2018-02-23T13:18:27","guid":{"rendered":"http:\/\/www.ilheusnoticias.net.br\/v1\/?p=12859"},"modified":"2018-02-23T10:18:27","modified_gmt":"2018-02-23T13:18:27","slug":"mario-alexandre-encaminha-pl-a-camara-de-vereadores-para-barrar-aumento-previsto-para-o-iptu-2018","status":"publish","type":"post","link":"https:\/\/www.ilheusnoticias.net.br\/v1\/2018\/02\/23\/mario-alexandre-encaminha-pl-a-camara-de-vereadores-para-barrar-aumento-previsto-para-o-iptu-2018\/","title":{"rendered":"M\u00e1rio Alexandre encaminha PL a C\u00e2mara de Vereadores para barrar aumento previsto para o IPTU 2018"},"content":{"rendered":"<p class=\"MsoNormal\" style=\"color: rgb(33,33,33); font-style: normal; font-variant-ligatures: normal; font-variant-caps: normal; font-weight: 400; letter-spacing: normal; orphans: 2; text-indent: 0px; text-transform: none; white-space: normal; widows: 2; word-spacing: 0px; -webkit-text-stroke-width: 0px; text-decoration-style: initial; text-decoration-color: initialmargin: 0cm0cm8pt; line-height: 15.6933px; font-size: 11pt; font-family: Calibri,sans-serif; text-align: left;\"><span style=\"font-size: 12pt; line-height: 17.12px; font-family: Tahoma,sans-serif;\">Em 2014, a Prefeitura de Ilh\u00e9us promoveu uma pol\u00eamica Reforma Tribut\u00e1ria prevendo um reajuste escalonado do Imposto Predial e Territorial Urbano (IPTU) at\u00e9 2018. A corre\u00e7\u00e3o ocorreu<span> <\/span>durante a gest\u00e3o anterior. Este ano, a Planta Gen\u00e9rica de Valores (PGV) que fixou os Valores Unit\u00e1rios Padr\u00e3o de Terrenos (VUPt) e de Constru\u00e7\u00f5es (VUPc) para efeito de avalia\u00e7\u00e3o de unidade imobili\u00e1ria chegaria \u00e0 sua \u00faltima corre\u00e7\u00e3o real, de acordo com as<span style=\"color: rgb(51,51,51); background: white;\"><span>altera\u00e7\u00f5es ocorridas na Lei Municipal n\u00ba<a href=\"tel:+5537242014\" style=\"color: rgb(0, 114, 198);\">3.724\/2014.<\/a><span> <\/span>No entanto, o atual prefeito<\/span><\/span> encaminhou nesta quinta-feira (22) um Projeto de Lei para a C\u00e2mara Municipal, estabelecendo que o valor m\u00e1ximo a ser cobrado no IPTU 2018 n\u00e3o poder\u00e1 ser superior ao de 2017. Em resumo: o valor do IPTU n\u00e3o ser\u00e1 aumentado.<\/span><\/p>\n<p class=\"MsoNormal\" style=\"color: rgb(33,33,33); font-style: normal; font-variant-ligatures: normal; font-variant-caps: normal; font-weight: 400; letter-spacing: normal; orphans: 2; text-indent: 0px; text-transform: none; white-space: normal; widows: 2; word-spacing: 0px; -webkit-text-stroke-width: 0px; text-decoration-style: initial; text-decoration-color: initialmargin: 0cm0cm8pt; line-height: 15.6933px; font-size: 11pt; font-family: Calibri,sans-serif; text-align: left;\"><span style=\"font-size: 12pt; line-height: 17.12px; font-family: Tahoma,sans-serif;\">Ao instituir \u00e0 \u00e9poca a nova Planta Gen\u00e9rica de Valores bem como os par\u00e2metros para fins de c\u00e1lculo do valor devido \u00e0 t\u00edtulo de IPTU no Munic\u00edpio de Ilh\u00e9us, a administra\u00e7\u00e3o municipal<span> <\/span>promoveu uma corre\u00e7\u00e3o nos valores dos im\u00f3veis, sob a alega\u00e7\u00e3o de que os mesmos h\u00e1 muitos anos se encontravam defasados, em total desconformidade com os valores reais, praticados no mercado, o que, ante a in\u00e9rcia do Poder P\u00fablico ao longo de anos, revelava<span> <\/span>ren\u00fancia de receita consider\u00e1vel que poderia ser aplicada nos servi\u00e7os p\u00fablicos prestados pelo Munic\u00edpio.<span><b><\/b><\/span><\/span><\/p>\n<p class=\"MsoNormal\" style=\"color: rgb(33,33,33); font-style: normal; font-variant-ligatures: normal; font-variant-caps: normal; font-weight: 400; letter-spacing: normal; orphans: 2; text-indent: 0px; text-transform: none; white-space: normal; widows: 2; word-spacing: 0px; -webkit-text-stroke-width: 0px; text-decoration-style: initial; text-decoration-color: initialmargin: 0cm0cm8pt; line-height: 15.6933px; font-size: 11pt; font-family: Calibri,sans-serif; text-align: left;\"><span style=\"font-size: 12pt; line-height: 17.12px; font-family: Tahoma,sans-serif;\">A pr\u00f3pria Lei previu alguns \u201cbalizadores\u201d a fim de evitar o aumento abrupto e instant\u00e2neo do valor pago \u00e0 t\u00edtulo de IPTU pelos contribuintes, com vistas ao princ\u00edpio da veda\u00e7\u00e3o a<span> <\/span>surpresa, ao princ\u00edpio da confian\u00e7a e da seguran\u00e7a jur\u00eddica. Por exemplo: o exerc\u00edcio de 2015, poderia ser at\u00e9 02 (duas) vezes o valor devido no exerc\u00edcio de 2014; no exerc\u00edcio de 2016, a 2,50 (duas virgula cinquenta) vezes do valor devido no exerc\u00edcio de<span> <\/span>2014; sempre numa escala ascendente de valores com limite no exerc\u00edcio deste ano.<\/span><\/p>\n<p class=\"MsoNormal\" style=\"color: rgb(33,33,33); font-style: normal; font-variant-ligatures: normal; font-variant-caps: normal; font-weight: 400; letter-spacing: normal; orphans: 2; text-indent: 0px; text-transform: none; white-space: normal; widows: 2; word-spacing: 0px; -webkit-text-stroke-width: 0px; text-decoration-style: initial; text-decoration-color: initialmargin: 0cm0cm8pt; line-height: 15.6933px; font-size: 11pt; font-family: Calibri,sans-serif; text-align: left;\"><span style=\"font-size: 12pt; line-height: 17.12px; font-family: Tahoma,sans-serif;\">No Projeto de Lei agora encaminhado \u00e0 C\u00e2mara o prefeito fixa como limite m\u00e1ximo para cobran\u00e7a do IPTU a regra de que o valor cobrado n\u00e3o poder\u00e1 ser superior a 3 (tr\u00eas) vezes do valor<span> <\/span>devido no exerc\u00edcio de 2014. \u201cTal medida reverte-se de extrema necessidade considerando a grave crise financeira que o pa\u00eds tem enfrentado. A n\u00e3o manuten\u00e7\u00e3o do referido limite importar\u00e1 no aumento consider\u00e1vel a ser cobrado do contribuinte, chegando a dobrar<span> <\/span>em alguns casos, tomando-se como par\u00e2metro o valor cobrado em 2017\u201d, assegura a Procuradoria Jur\u00eddica do Munic\u00edpio. \u201cAssim, com o presente Projeto de Lei, o Prefeito Municipal visa reduzir os impactos da crise financeira no bolso do cidad\u00e3o ilheense, al\u00e9m<span> <\/span>de fomentar o com\u00e9rcio e demais atividades econ\u00f4micas\u201d, completa o documento que ser\u00e1 analisado e votado pelos vereadores, nas pr\u00f3ximas sess\u00f5es ordin\u00e1rias da C\u00e2mara.<\/span><\/p>\n<p><span style=\"font-size: 12pt; line-height: 17.12px; font-family: Tahoma,sans-serif;\"><span> <\/span><\/span><\/p>\n","protected":false},"excerpt":{"rendered":"<p>Em 2014, a Prefeitura de Ilh\u00e9us promoveu uma pol\u00eamica Reforma Tribut\u00e1ria prevendo um reajuste escalonado do Imposto Predial e Territorial Urbano (IPTU) at\u00e9 2018. A corre\u00e7\u00e3o ocorreu durante a gest\u00e3o anterior. Este ano, a Planta Gen\u00e9rica de Valores (PGV) que fixou os Valores Unit\u00e1rios Padr\u00e3o de Terrenos (VUPt) e de Constru\u00e7\u00f5es (VUPc) para efeito de [&hellip;]<\/p>\n","protected":false},"author":2,"featured_media":0,"comment_status":"open","ping_status":"open","sticky":false,"template":"","format":"standard","meta":{"_links_to":"","_links_to_target":""},"categories":[1],"tags":[],"_links":{"self":[{"href":"https:\/\/www.ilheusnoticias.net.br\/v1\/wp-json\/wp\/v2\/posts\/12859"}],"collection":[{"href":"https:\/\/www.ilheusnoticias.net.br\/v1\/wp-json\/wp\/v2\/posts"}],"about":[{"href":"https:\/\/www.ilheusnoticias.net.br\/v1\/wp-json\/wp\/v2\/types\/post"}],"author":[{"embeddable":true,"href":"https:\/\/www.ilheusnoticias.net.br\/v1\/wp-json\/wp\/v2\/users\/2"}],"replies":[{"embeddable":true,"href":"https:\/\/www.ilheusnoticias.net.br\/v1\/wp-json\/wp\/v2\/comments?post=12859"}],"version-history":[{"count":1,"href":"https:\/\/www.ilheusnoticias.net.br\/v1\/wp-json\/wp\/v2\/posts\/12859\/revisions"}],"predecessor-version":[{"id":12860,"href":"https:\/\/www.ilheusnoticias.net.br\/v1\/wp-json\/wp\/v2\/posts\/12859\/revisions\/12860"}],"wp:attachment":[{"href":"https:\/\/www.ilheusnoticias.net.br\/v1\/wp-json\/wp\/v2\/media?parent=12859"}],"wp:term":[{"taxonomy":"category","embeddable":true,"href":"https:\/\/www.ilheusnoticias.net.br\/v1\/wp-json\/wp\/v2\/categories?post=12859"},{"taxonomy":"post_tag","embeddable":true,"href":"https:\/\/www.ilheusnoticias.net.br\/v1\/wp-json\/wp\/v2\/tags?post=12859"}],"curies":[{"name":"wp","href":"https:\/\/api.w.org\/{rel}","templated":true}]}}