{"id":12854,"date":"2018-02-23T09:36:35","date_gmt":"2018-02-23T12:36:35","guid":{"rendered":"http:\/\/www.ilheusnoticias.net.br\/v1\/?p=12854"},"modified":"2018-02-23T09:39:40","modified_gmt":"2018-02-23T12:39:40","slug":"kaique-souza-prestigia-lancamento-do-projeto-programa-esporte-e-lazer-da-cidade-pelc-na-aceai-no-bairro-nossa-senhora-da-vitoria","status":"publish","type":"post","link":"https:\/\/www.ilheusnoticias.net.br\/v1\/2018\/02\/23\/kaique-souza-prestigia-lancamento-do-projeto-programa-esporte-e-lazer-da-cidade-pelc-na-aceai-no-bairro-nossa-senhora-da-vitoria\/","title":{"rendered":"Kaique Souza prestigia Lan\u00e7amento do Projeto Programa Esporte e Lazer da Cidade ( PELC) na ACEAI no bairro Nossa Senhora d\u00e1 Vit\u00f3ria"},"content":{"rendered":"<div id=\"attachment_12851\" style=\"width: 310px\" class=\"wp-caption aligncenter\"><img aria-describedby=\"caption-attachment-12851\" loading=\"lazy\" class=\"wp-image-12851 size-medium\" src=\"http:\/\/www.ilheusnoticias.net.br\/v1\/wp-content\/uploads\/2018\/02\/IMG-20180223-WA0037-300x169.jpg\" alt=\"\" width=\"300\" height=\"169\" srcset=\"https:\/\/www.ilheusnoticias.net.br\/v1\/wp-content\/uploads\/2018\/02\/IMG-20180223-WA0037-300x169.jpg 300w, https:\/\/www.ilheusnoticias.net.br\/v1\/wp-content\/uploads\/2018\/02\/IMG-20180223-WA0037-1024x576.jpg 1024w, https:\/\/www.ilheusnoticias.net.br\/v1\/wp-content\/uploads\/2018\/02\/IMG-20180223-WA0037.jpg 1280w\" sizes=\"(max-width: 300px) 100vw, 300px\" \/><p id=\"caption-attachment-12851\" class=\"wp-caption-text\">Na Foto: Diretor da Aceai Pedro, Coordenadora Juliana e Kaique Souza<\/p><\/div>\n<p style=\"margin: 0px0px10px; font-family: Latofont-size: 13px; color: #666666; font-style: normal; font-variant-ligatures: normal; font-variant-caps: normal; font-weight: 400; letter-spacing: normal; orphans: 2; text-indent: 0px; text-transform: none; white-space: normal; widows: 2; word-spacing: 0px; -webkit-text-stroke-width: 0px; background-color: #f3f8f1; text-decoration-style: initial; text-decoration-color: initial; text-align: left;\">O Programa se desenvolve a partir da implanta\u00e7\u00e3o de n\u00facleos de esporte recreativo e de lazer, sejam eles localizados em regi\u00f5es urbanas ou rurais, em comunidades e povos tradicionais ou povos ind\u00edgenas. \u00c9 no n\u00facleo, considerado centro de conviv\u00eancia social, que as manifesta\u00e7\u00f5es esportivas e de lazer s\u00e3o planejadas e desenvolvidas. As pra\u00e7as, as quadras, os sal\u00f5es paroquiais, os gin\u00e1sios esportivos, os campos de futebol e os clubes sociais s\u00e3o exemplos de espa\u00e7os destinados aos n\u00facleos. Nesses, as atividades de lazer, de esporte, culturais, art\u00edsticas e intelectuais acontecem baseadas no princ\u00edpio da gest\u00e3o participativa e democr\u00e1tica.<\/p>\n<p>&#8221; Um projeto Excelente que vem acrescentar na Comunidade, al\u00e9m de agregar valores e atender a todas as idades de 8 a 100 anos, Fico feliz pois somos desportistas e lutamos dia ap\u00f3s dia e acreditamos que o Esporte constr\u00f3i grandes cidad\u00e3os, al\u00e9m de proporcionar bem-estar&#8221; Disse Kaique Souza.<\/p>\n<p><img loading=\"lazy\" class=\"aligncenter wp-image-12852 size-medium\" src=\"http:\/\/www.ilheusnoticias.net.br\/v1\/wp-content\/uploads\/2018\/02\/IMG-20180223-WA0035-300x169.jpg\" alt=\"\" width=\"300\" height=\"169\" srcset=\"https:\/\/www.ilheusnoticias.net.br\/v1\/wp-content\/uploads\/2018\/02\/IMG-20180223-WA0035-300x169.jpg 300w, https:\/\/www.ilheusnoticias.net.br\/v1\/wp-content\/uploads\/2018\/02\/IMG-20180223-WA0035-1024x576.jpg 1024w, https:\/\/www.ilheusnoticias.net.br\/v1\/wp-content\/uploads\/2018\/02\/IMG-20180223-WA0035.jpg 1280w\" sizes=\"(max-width: 300px) 100vw, 300px\" \/><\/p>\n<h3 style=\"margin: 10px0px;\">Eixos centrais do PELC<\/h3>\n<p style=\"margin: 0px0px10px40px; font-family: Latofont-size: 13px; color: #666666; font-style: normal; font-variant-ligatures: normal; font-variant-caps: normal; font-weight: 400; letter-spacing: normal; orphans: 2; text-indent: 0px; text-transform: none; white-space: normal; widows: 2; word-spacing: 0px; -webkit-text-stroke-width: 0px; background-color: #f3f8f1; text-decoration-style: initial; text-decoration-color: initial; text-align: left;\">1 &#8211; Implanta\u00e7\u00e3o e Desenvolvimento de N\u00facleos de Esporte Recreativo e de Lazer, nas diversas regi\u00f5es do Brasil, com o objetivo de garantir o direito ao acesso de qualidade a pol\u00edticas p\u00fablicas de lazer e de esporte, em sua dimens\u00e3o recreativa, para as diversas faixas et\u00e1rias, garantindo a inclus\u00e3o de pessoas com defici\u00eancia.<\/p>\n<p style=\"margin: 0px0px10px40px; font-family: Latofont-size: 13px; color: #666666; font-style: normal; font-variant-ligatures: normal; font-variant-caps: normal; font-weight: 400; letter-spacing: normal; orphans: 2; text-indent: 0px; text-transform: none; white-space: normal; widows: 2; word-spacing: 0px; -webkit-text-stroke-width: 0px; background-color: #f3f8f1; text-decoration-style: initial; text-decoration-color: initial; text-align: left;\">2 &#8211; Forma\u00e7\u00e3o Continuada \u2013 a\u00e7\u00e3o educativa continuada de gestores, agentes sociais, lideran\u00e7as comunit\u00e1rias, pesquisadores, legisladores e demais parceiros atuantes na esfera p\u00fablica com vistas \u00e0 forma\u00e7\u00e3o e \u00e0 implementa\u00e7\u00e3o de pol\u00edticas de lazer e de inclus\u00e3o social e cultural.<\/p>\n<p><img loading=\"lazy\" class=\"aligncenter wp-image-12853 size-medium\" src=\"http:\/\/www.ilheusnoticias.net.br\/v1\/wp-content\/uploads\/2018\/02\/IMG-20180223-WA0033-169x300.jpg\" alt=\"\" width=\"169\" height=\"300\" srcset=\"https:\/\/www.ilheusnoticias.net.br\/v1\/wp-content\/uploads\/2018\/02\/IMG-20180223-WA0033-169x300.jpg 169w, https:\/\/www.ilheusnoticias.net.br\/v1\/wp-content\/uploads\/2018\/02\/IMG-20180223-WA0033-576x1024.jpg 576w, https:\/\/www.ilheusnoticias.net.br\/v1\/wp-content\/uploads\/2018\/02\/IMG-20180223-WA0033.jpg 720w\" sizes=\"(max-width: 169px) 100vw, 169px\" \/><\/p>\n<h3 style=\"margin: 10px0px;\">P\u00fablico-Alvo<\/h3>\n<p style=\"margin: 0px0px10px40px; font-family: Latofont-size: 13px; color: #666666; font-style: normal; font-variant-ligatures: normal; font-variant-caps: normal; font-weight: 400; letter-spacing: normal; orphans: 2; text-indent: 0px; text-transform: none; white-space: normal; widows: 2; word-spacing: 0px; -webkit-text-stroke-width: 0px; background-color: #f3f8f1; text-decoration-style: initial; text-decoration-color: initial; text-align: left;\">O programa tem como p\u00fablico-alvo crian\u00e7as, adolescentes, jovens, adultos, idosos e pessoas com defici\u00eancia.<\/p>\n<p style=\"margin: 0px0px10px40px; font-family: Latofont-size: 13px; color: #666666; font-style: normal; font-variant-ligatures: normal; font-variant-caps: normal; font-weight: 400; letter-spacing: normal; orphans: 2; text-indent: 0px; text-transform: none; white-space: normal; widows: 2; word-spacing: 0px; -webkit-text-stroke-width: 0px; background-color: #f3f8f1; text-decoration-style: initial; text-decoration-color: initial; text-align: left;\">400 atendimentos por n\u00facleo.<\/p>\n<h3 style=\"margin: 10px0px;\"><\/h3>\n","protected":false},"excerpt":{"rendered":"<p>O Programa se desenvolve a partir da implanta\u00e7\u00e3o de n\u00facleos de esporte recreativo e de lazer, sejam eles localizados em regi\u00f5es urbanas ou rurais, em comunidades e povos tradicionais ou povos ind\u00edgenas. \u00c9 no n\u00facleo, considerado centro de conviv\u00eancia social, que as manifesta\u00e7\u00f5es esportivas e de lazer s\u00e3o planejadas e desenvolvidas. As pra\u00e7as, as quadras, [&hellip;]<\/p>\n","protected":false},"author":2,"featured_media":0,"comment_status":"open","ping_status":"open","sticky":false,"template":"","format":"standard","meta":{"_links_to":"","_links_to_target":""},"categories":[1],"tags":[],"_links":{"self":[{"href":"https:\/\/www.ilheusnoticias.net.br\/v1\/wp-json\/wp\/v2\/posts\/12854"}],"collection":[{"href":"https:\/\/www.ilheusnoticias.net.br\/v1\/wp-json\/wp\/v2\/posts"}],"about":[{"href":"https:\/\/www.ilheusnoticias.net.br\/v1\/wp-json\/wp\/v2\/types\/post"}],"author":[{"embeddable":true,"href":"https:\/\/www.ilheusnoticias.net.br\/v1\/wp-json\/wp\/v2\/users\/2"}],"replies":[{"embeddable":true,"href":"https:\/\/www.ilheusnoticias.net.br\/v1\/wp-json\/wp\/v2\/comments?post=12854"}],"version-history":[{"count":3,"href":"https:\/\/www.ilheusnoticias.net.br\/v1\/wp-json\/wp\/v2\/posts\/12854\/revisions"}],"predecessor-version":[{"id":12858,"href":"https:\/\/www.ilheusnoticias.net.br\/v1\/wp-json\/wp\/v2\/posts\/12854\/revisions\/12858"}],"wp:attachment":[{"href":"https:\/\/www.ilheusnoticias.net.br\/v1\/wp-json\/wp\/v2\/media?parent=12854"}],"wp:term":[{"taxonomy":"category","embeddable":true,"href":"https:\/\/www.ilheusnoticias.net.br\/v1\/wp-json\/wp\/v2\/categories?post=12854"},{"taxonomy":"post_tag","embeddable":true,"href":"https:\/\/www.ilheusnoticias.net.br\/v1\/wp-json\/wp\/v2\/tags?post=12854"}],"curies":[{"name":"wp","href":"https:\/\/api.w.org\/{rel}","templated":true}]}}