{"id":12835,"date":"2018-02-22T16:28:42","date_gmt":"2018-02-22T19:28:42","guid":{"rendered":"http:\/\/www.ilheusnoticias.net.br\/v1\/?p=12835"},"modified":"2018-02-22T16:28:42","modified_gmt":"2018-02-22T19:28:42","slug":"atendimento-pediatrico-no-hospital-de-ilheus-acontece-apos-assinatura-de-convenio","status":"publish","type":"post","link":"https:\/\/www.ilheusnoticias.net.br\/v1\/2018\/02\/22\/atendimento-pediatrico-no-hospital-de-ilheus-acontece-apos-assinatura-de-convenio\/","title":{"rendered":"Atendimento pedi\u00e1trico no Hospital de  Ilh\u00e9us acontece ap\u00f3s assinatura de conv\u00eanio"},"content":{"rendered":"<p><img loading=\"lazy\" class=\"\" src=\"https:\/\/attachment.outlook.office.net\/owa\/laudiceacarvalho62@hotmail.com\/service.svc\/s\/GetAttachmentThumbnail?id=AQMkADAwATYwMAItY2MANTgtODQxNC0wMAItMDAKAEYAAANqOYr2uMN4Qoz6pFp%2FhFoeBwAsxvM0hWqyT6EfSeQ8%2BPgA8AAAAgEMAAAALMbzNIVqsk%2BhH0nkPPj4APAAAW8HZi8AAAABEgAQALB%2BWZWsqmNDhI8m21Ghfhw%3D&amp;thumbnailType=2&amp;X-OWA-CANARY=2cUAdaXRj0WfsduJ1NmXGTC9204qetUYFIyQQg9Y1bHoLsLv5nw_4lKBf-pelTDzbrhmtrYBWz8.&amp;token=eyJ0eXAiOiJKV1QiLCJhbGciOiJSUzI1NiIsIng1dCI6ImVuaDlCSnJWUFU1aWpWMXFqWmpWLWZMMmJjbyJ9.eyJ2ZXIiOiJFeGNoYW5nZS5DYWxsYmFjay5WMSIsImFwcGN0eHNlbmRlciI6Ik93YURvd25sb2FkQDg0ZGY5ZTdmLWU5ZjYtNDBhZi1iNDM1LWFhYWFhYWFhYWFhYSIsImFwcGN0eCI6IntcIm1zZXhjaHByb3RcIjpcIm93YVwiLFwicHJpbWFyeXNpZFwiOlwiUy0xLTI4MjctMzkzMjE2LTM0MjgzNTMwNDRcIixcInB1aWRcIjpcIjE2ODg4NTMyODg2MTY5ODBcIixcIm9pZFwiOlwiMDAwNjAwMDAtY2M1OC04NDE0LTAwMDAtMDAwMDAwMDAwMDAwXCIsXCJzY29wZVwiOlwiT3dhRG93bmxvYWRcIn0iLCJpc3MiOiIwMDAwMDAwMi0wMDAwLTBmZjEtY2UwMC0wMDAwMDAwMDAwMDBAODRkZjllN2YtZTlmNi00MGFmLWI0MzUtYWFhYWFhYWFhYWFhIiwiYXVkIjoiMDAwMDAwMDItMDAwMC0wZmYxLWNlMDAtMDAwMDAwMDAwMDAwL2F0dGFjaG1lbnQub3V0bG9vay5vZmZpY2UubmV0QDg0ZGY5ZTdmLWU5ZjYtNDBhZi1iNDM1LWFhYWFhYWFhYWFhYSIsImV4cCI6MTUxOTMyODE5NiwibmJmIjoxNTE5MzI3NTk2fQ.E99kKIs7g21aJ8l4s_Q6Y8VY3PJoRekE8Uoq_y0_inhZ6KYJ26HpsP5zv7HYy0XG68k9rH5FT5cm9WjKIJ7kJbNAxDrP_ynxxpwh3HtNPWkS2NwVbEB15wD6T4gQQzkZjmJsFhPG9KmKS-Cgbw2RkTiH7t-FONZ4utuRqyuZPZMYDXA0GjfsugJ_1GZQAmChnuWGSrAPSVjSFWFy1kxWV3h_0gCcOZJnhY2tn5I707ekuahiV5FvQDqtQh5rq5S1s1AMnqD32yUVyvssU1jI5ND-Ze_AoYMeqL02zL4YzIj34YdokwEteNHjrkGYLLIIY5JCzA2kv1ab4HQrfssXHA&amp;owa=outlook.live.com&amp;isc=1\" alt=\"\" width=\"429\" height=\"276\" \/><\/p>\n<div><\/div>\n<div>\n<p class=\"x_MsoNormal\" align=\"center\">\n<p>A Secretaria Municipal de Sa\u00fade informa que o atendimento pedi\u00e1trico pelo Sistema \u00danico de Sa\u00fade (SUS) no Hospital de Ilh\u00e9us, ainda depende de tr\u00e2mites burocr\u00e1ticos que j\u00e1 est\u00e3o sendo solucionados.\u00a0De acordo com o diretor da Unidade, Jorge Viana, o contrato ser\u00e1 assinado nos pr\u00f3ximos dias e a unidade passar\u00e1 a ofertar consultas ambulatoriais e de urg\u00eancia, al\u00e9m de interna\u00e7\u00e3o em enfermarias.<\/p>\n<p>O investimento anual em custeio ser\u00e1 da ordem de R$5,2 milh\u00f5es de reais.\u00a0Para o secret\u00e1rio estadual da Sa\u00fade Fa\u0301bio Vilas Boas esse contrato garantir\u00e1 seguran\u00e7a e qualidade no atendimento pedi\u00e1trico durante o per\u00edodo em que o hospital regional Luiz Viana estiver sendo reformado para tornar-se uma unidade materno-infantil de alta complexidade.<\/p>\n<\/div>\n","protected":false},"excerpt":{"rendered":"<p>A Secretaria Municipal de Sa\u00fade informa que o atendimento pedi\u00e1trico pelo Sistema \u00danico de Sa\u00fade (SUS) no Hospital de Ilh\u00e9us, ainda depende de tr\u00e2mites burocr\u00e1ticos que j\u00e1 est\u00e3o sendo solucionados.\u00a0De acordo com o diretor da Unidade, Jorge Viana, o contrato ser\u00e1 assinado nos pr\u00f3ximos dias e a unidade passar\u00e1 a ofertar consultas ambulatoriais e de [&hellip;]<\/p>\n","protected":false},"author":2,"featured_media":0,"comment_status":"open","ping_status":"open","sticky":false,"template":"","format":"standard","meta":{"_links_to":"","_links_to_target":""},"categories":[7,9,8,1],"tags":[],"_links":{"self":[{"href":"https:\/\/www.ilheusnoticias.net.br\/v1\/wp-json\/wp\/v2\/posts\/12835"}],"collection":[{"href":"https:\/\/www.ilheusnoticias.net.br\/v1\/wp-json\/wp\/v2\/posts"}],"about":[{"href":"https:\/\/www.ilheusnoticias.net.br\/v1\/wp-json\/wp\/v2\/types\/post"}],"author":[{"embeddable":true,"href":"https:\/\/www.ilheusnoticias.net.br\/v1\/wp-json\/wp\/v2\/users\/2"}],"replies":[{"embeddable":true,"href":"https:\/\/www.ilheusnoticias.net.br\/v1\/wp-json\/wp\/v2\/comments?post=12835"}],"version-history":[{"count":1,"href":"https:\/\/www.ilheusnoticias.net.br\/v1\/wp-json\/wp\/v2\/posts\/12835\/revisions"}],"predecessor-version":[{"id":12836,"href":"https:\/\/www.ilheusnoticias.net.br\/v1\/wp-json\/wp\/v2\/posts\/12835\/revisions\/12836"}],"wp:attachment":[{"href":"https:\/\/www.ilheusnoticias.net.br\/v1\/wp-json\/wp\/v2\/media?parent=12835"}],"wp:term":[{"taxonomy":"category","embeddable":true,"href":"https:\/\/www.ilheusnoticias.net.br\/v1\/wp-json\/wp\/v2\/categories?post=12835"},{"taxonomy":"post_tag","embeddable":true,"href":"https:\/\/www.ilheusnoticias.net.br\/v1\/wp-json\/wp\/v2\/tags?post=12835"}],"curies":[{"name":"wp","href":"https:\/\/api.w.org\/{rel}","templated":true}]}}