{"id":12833,"date":"2018-02-22T16:27:02","date_gmt":"2018-02-22T19:27:02","guid":{"rendered":"http:\/\/www.ilheusnoticias.net.br\/v1\/?p=12833"},"modified":"2018-02-22T16:27:02","modified_gmt":"2018-02-22T19:27:02","slug":"camara-sedia-audiencia-publica-para-prestacao-de-contas-da-prefeitura-de-ilheus","status":"publish","type":"post","link":"https:\/\/www.ilheusnoticias.net.br\/v1\/2018\/02\/22\/camara-sedia-audiencia-publica-para-prestacao-de-contas-da-prefeitura-de-ilheus\/","title":{"rendered":"C\u00e2mara sedia audi\u00eancia p\u00fablica para presta\u00e7\u00e3o de contas da Prefeitura de Ilh\u00e9us"},"content":{"rendered":"<p><img loading=\"lazy\" class=\"\" src=\"https:\/\/attachment.outlook.office.net\/owa\/laudiceacarvalho62@hotmail.com\/service.svc\/s\/GetAttachmentThumbnail?id=AQMkADAwATYwMAItY2MANTgtODQxNC0wMAItMDAKAEYAAANqOYr2uMN4Qoz6pFp%2FhFoeBwAsxvM0hWqyT6EfSeQ8%2BPgA8AAAAgEMAAAALMbzNIVqsk%2BhH0nkPPj4APAAAW8HZjEAAAABEgAQAHLgJ2xTCEFBALuy43KmYDVz&amp;thumbnailType=2&amp;X-OWA-CANARY=aF5o7gvvYUCnKQa7jYCV8oB1BRgqetUYF0MUDH19qeDeTliIlXNHe_aRNSW-7TpCXQz2XBzRo0A.&amp;token=eyJ0eXAiOiJKV1QiLCJhbGciOiJSUzI1NiIsIng1dCI6ImVuaDlCSnJWUFU1aWpWMXFqWmpWLWZMMmJjbyJ9.eyJ2ZXIiOiJFeGNoYW5nZS5DYWxsYmFjay5WMSIsImFwcGN0eHNlbmRlciI6Ik93YURvd25sb2FkQDg0ZGY5ZTdmLWU5ZjYtNDBhZi1iNDM1LWFhYWFhYWFhYWFhYSIsImFwcGN0eCI6IntcIm1zZXhjaHByb3RcIjpcIm93YVwiLFwicHJpbWFyeXNpZFwiOlwiUy0xLTI4MjctMzkzMjE2LTM0MjgzNTMwNDRcIixcInB1aWRcIjpcIjE2ODg4NTMyODg2MTY5ODBcIixcIm9pZFwiOlwiMDAwNjAwMDAtY2M1OC04NDE0LTAwMDAtMDAwMDAwMDAwMDAwXCIsXCJzY29wZVwiOlwiT3dhRG93bmxvYWRcIn0iLCJpc3MiOiIwMDAwMDAwMi0wMDAwLTBmZjEtY2UwMC0wMDAwMDAwMDAwMDBAODRkZjllN2YtZTlmNi00MGFmLWI0MzUtYWFhYWFhYWFhYWFhIiwiYXVkIjoiMDAwMDAwMDItMDAwMC0wZmYxLWNlMDAtMDAwMDAwMDAwMDAwL2F0dGFjaG1lbnQub3V0bG9vay5vZmZpY2UubmV0QDg0ZGY5ZTdmLWU5ZjYtNDBhZi1iNDM1LWFhYWFhYWFhYWFhYSIsImV4cCI6MTUxOTMyNzg5NywibmJmIjoxNTE5MzI3Mjk3fQ.Qzg90PUPdYsUApBP-mQb5XxMvTg_3707vReBS08nZZ2PeSsFsqxk-U0X199EgJHajcOsF6-55KmBYsjknABan59WuQUwGU5-TKnW3Yg_6Jz2IufGx-xSpL7ZPP9G3qEvfoSQJmkWz_rsPwKNXz6s_dW2xSVkaqaHSXb_Ny1qPR2lA3UpaBRjE6Cm8tthkfUDXlfEzqcXZCAOxO6LF44oDkwlFd6LPOTvKkXs51HYtxrwjlDxAEUh-EMr9HIZhppdyTd1guUpUqRllqWM7j2Vc1SmAY6BmQDBm_cOa_BQ7yMotPSbJTsnAcGHNeqa5IFMVLZjIxDVBOyMny1ANWPKqA&amp;owa=outlook.live.com&amp;isc=1\" alt=\"\" width=\"395\" height=\"263\" \/><\/p>\n<p>&nbsp;<\/p>\n<p>Na pr\u00f3xima quarta-feira (28), a C\u00e2mara de Vereadores sediar\u00e1 uma audi\u00eancia p\u00fablica que tem como finalidade a demonstra\u00e7\u00e3o e avalia\u00e7\u00e3o das metas fiscais referentes ao 3\u00ba quadrimestre do exerc\u00edcio de 2017 do Executivo municipal. A audi\u00eancia ter\u00e1 in\u00edcio \u00e0s 14h no plen\u00e1rio Gilberto Fialho.<\/p>\n<p>A presta\u00e7\u00e3o de contas \u00e9 um dever constitucional imposto a todos que utilizam, arrecadam, guardam, gerenciam ou administram bens e valores p\u00fablicos.\u00a0\u00c9 obriga\u00e7\u00e3o da Administra\u00e7\u00e3o P\u00fablica conduzir-se pelos princ\u00edpios da legalidade, impessoalidade, moralidade, publicidade e efici\u00eancia. Atrav\u00e9s da audi\u00eancia e do debate com a sociedade civil organizada, o princ\u00edpio da publicidade, que determina que a administra\u00e7\u00e3o deve tornar p\u00fablico todos os seus atos; \u00e9 aplicado.<\/p>\n<p>A a\u00e7\u00e3o ser\u00e1 acompanhada pela Comiss\u00e3o de Finan\u00e7as, Or\u00e7amento, Obras e Servi\u00e7os P\u00fablicos da C\u00e2mara de Ilh\u00e9us. O objetivo de realizar audi\u00eancias como esta \u00e9 garantir a transpar\u00eancia da administra\u00e7\u00e3o. A presta\u00e7\u00e3o de contas \u00e9 um dos caminhos da amplia\u00e7\u00e3o da cidadania, fortalecendo as rela\u00e7\u00f5es entre cidad\u00e3os e governantes.<\/p>\n","protected":false},"excerpt":{"rendered":"<p>&nbsp; Na pr\u00f3xima quarta-feira (28), a C\u00e2mara de Vereadores sediar\u00e1 uma audi\u00eancia p\u00fablica que tem como finalidade a demonstra\u00e7\u00e3o e avalia\u00e7\u00e3o das metas fiscais referentes ao 3\u00ba quadrimestre do exerc\u00edcio de 2017 do Executivo municipal. A audi\u00eancia ter\u00e1 in\u00edcio \u00e0s 14h no plen\u00e1rio Gilberto Fialho. A presta\u00e7\u00e3o de contas \u00e9 um dever constitucional imposto a [&hellip;]<\/p>\n","protected":false},"author":2,"featured_media":0,"comment_status":"open","ping_status":"open","sticky":false,"template":"","format":"standard","meta":{"_links_to":"","_links_to_target":""},"categories":[7,9,8,1],"tags":[],"_links":{"self":[{"href":"https:\/\/www.ilheusnoticias.net.br\/v1\/wp-json\/wp\/v2\/posts\/12833"}],"collection":[{"href":"https:\/\/www.ilheusnoticias.net.br\/v1\/wp-json\/wp\/v2\/posts"}],"about":[{"href":"https:\/\/www.ilheusnoticias.net.br\/v1\/wp-json\/wp\/v2\/types\/post"}],"author":[{"embeddable":true,"href":"https:\/\/www.ilheusnoticias.net.br\/v1\/wp-json\/wp\/v2\/users\/2"}],"replies":[{"embeddable":true,"href":"https:\/\/www.ilheusnoticias.net.br\/v1\/wp-json\/wp\/v2\/comments?post=12833"}],"version-history":[{"count":1,"href":"https:\/\/www.ilheusnoticias.net.br\/v1\/wp-json\/wp\/v2\/posts\/12833\/revisions"}],"predecessor-version":[{"id":12834,"href":"https:\/\/www.ilheusnoticias.net.br\/v1\/wp-json\/wp\/v2\/posts\/12833\/revisions\/12834"}],"wp:attachment":[{"href":"https:\/\/www.ilheusnoticias.net.br\/v1\/wp-json\/wp\/v2\/media?parent=12833"}],"wp:term":[{"taxonomy":"category","embeddable":true,"href":"https:\/\/www.ilheusnoticias.net.br\/v1\/wp-json\/wp\/v2\/categories?post=12833"},{"taxonomy":"post_tag","embeddable":true,"href":"https:\/\/www.ilheusnoticias.net.br\/v1\/wp-json\/wp\/v2\/tags?post=12833"}],"curies":[{"name":"wp","href":"https:\/\/api.w.org\/{rel}","templated":true}]}}