{"id":12821,"date":"2018-02-21T18:43:50","date_gmt":"2018-02-21T21:43:50","guid":{"rendered":"http:\/\/www.ilheusnoticias.net.br\/v1\/?p=12821"},"modified":"2018-02-22T10:02:12","modified_gmt":"2018-02-22T13:02:12","slug":"stj-torna-ex-ministro-mario-negromonte-reu-na-lava-jato","status":"publish","type":"post","link":"https:\/\/www.ilheusnoticias.net.br\/v1\/2018\/02\/21\/stj-torna-ex-ministro-mario-negromonte-reu-na-lava-jato\/","title":{"rendered":"STJ torna ex-ministro Mario Negromonte r\u00e9u na Lava Jato"},"content":{"rendered":"<div id=\"content-header\"><\/div>\n<div id=\"content-area\">\n<div class=\"region region-content\">\n<div id=\"block-system-main\" class=\"block block-system block-odd clearfix\">\n<div class=\"content\">\n<article id=\"node-1109556\" class=\"node node-noticia node-odd\">\n<header><\/header>\n<div class=\"content\">\n<figure class=\"default\"><img src=\"https:\/\/scontent.fvdc1-1.fna.fbcdn.net\/v\/t34.0-12\/28381396_1654583394634603_2024013683_n.jpg?oh=4ab6bfcfaccb2dbfea04eb80cd087b0e&amp;oe=5A911B02\" alt=\"\" \/><figcaption>Ex-ministro M\u00e1rio Negromonte<span class=\"author\">Antonio Cruz\/Ag\u00eancia Brasil<\/span> <\/figcaption><\/figure>\n<p>A Corte Especial do Superior Tribunal de Justi\u00e7a (STJ) decidiu hoje (21), por unanimidade, aceitar den\u00fancia contra o ex-ministro das Cidades M\u00e1rio Negromonte (PP-BA). Dessa forma, ele passa \u00e0 condi\u00e7\u00e3o de r\u00e9u na Opera\u00e7\u00e3o Lava Jato.<\/p>\n<p>Na den\u00fancia, apresentada pelo Minist\u00e9rio P\u00fablico Federal (MPF) em outubro do ano passado, Negromonte \u00e9 acusado de receber R$ 25 milh\u00f5es em propina para beneficiar empresas do setor de rastreamento de ve\u00edculos.<\/p>\n<p>A acusa\u00e7\u00e3o teve como ponto de partida a dela\u00e7\u00e3o premiada do doleiro Alberto Yousseff e foi encaminhada ao STJ por Negromonte ocupar o cargo de conselheiro do Tribunal de Contas dos Munic\u00edpios da Bahia. A Corte Especial, colegiado do STJ respons\u00e1vel por julgar casos do tipo, decidiu tamb\u00e9m afast\u00e1-lo da fun\u00e7\u00e3o at\u00e9 que esteja conclu\u00edda a fase de instru\u00e7\u00e3o penal do processo.<\/p>\n<p>A\u00a0<strong>Ag\u00eancia Brasil<\/strong>\u00a0procurou a defesa de Negromonte para comentar a decis\u00e3o, mas ainda n\u00e3o conseguiu contato.<\/p>\n<\/div>\n<\/article>\n<\/div>\n<\/div>\n<\/div>\n<\/div>\n","protected":false},"excerpt":{"rendered":"<p>Ex-ministro M\u00e1rio NegromonteAntonio Cruz\/Ag\u00eancia Brasil A Corte Especial do Superior Tribunal de Justi\u00e7a (STJ) decidiu hoje (21), por unanimidade, aceitar den\u00fancia contra o ex-ministro das Cidades M\u00e1rio Negromonte (PP-BA). Dessa forma, ele passa \u00e0 condi\u00e7\u00e3o de r\u00e9u na Opera\u00e7\u00e3o Lava Jato. Na den\u00fancia, apresentada pelo Minist\u00e9rio P\u00fablico Federal (MPF) em outubro do ano passado, Negromonte [&hellip;]<\/p>\n","protected":false},"author":2,"featured_media":0,"comment_status":"open","ping_status":"open","sticky":false,"template":"","format":"standard","meta":{"_links_to":"","_links_to_target":""},"categories":[7,9,8,1],"tags":[],"_links":{"self":[{"href":"https:\/\/www.ilheusnoticias.net.br\/v1\/wp-json\/wp\/v2\/posts\/12821"}],"collection":[{"href":"https:\/\/www.ilheusnoticias.net.br\/v1\/wp-json\/wp\/v2\/posts"}],"about":[{"href":"https:\/\/www.ilheusnoticias.net.br\/v1\/wp-json\/wp\/v2\/types\/post"}],"author":[{"embeddable":true,"href":"https:\/\/www.ilheusnoticias.net.br\/v1\/wp-json\/wp\/v2\/users\/2"}],"replies":[{"embeddable":true,"href":"https:\/\/www.ilheusnoticias.net.br\/v1\/wp-json\/wp\/v2\/comments?post=12821"}],"version-history":[{"count":2,"href":"https:\/\/www.ilheusnoticias.net.br\/v1\/wp-json\/wp\/v2\/posts\/12821\/revisions"}],"predecessor-version":[{"id":12824,"href":"https:\/\/www.ilheusnoticias.net.br\/v1\/wp-json\/wp\/v2\/posts\/12821\/revisions\/12824"}],"wp:attachment":[{"href":"https:\/\/www.ilheusnoticias.net.br\/v1\/wp-json\/wp\/v2\/media?parent=12821"}],"wp:term":[{"taxonomy":"category","embeddable":true,"href":"https:\/\/www.ilheusnoticias.net.br\/v1\/wp-json\/wp\/v2\/categories?post=12821"},{"taxonomy":"post_tag","embeddable":true,"href":"https:\/\/www.ilheusnoticias.net.br\/v1\/wp-json\/wp\/v2\/tags?post=12821"}],"curies":[{"name":"wp","href":"https:\/\/api.w.org\/{rel}","templated":true}]}}