{"id":12813,"date":"2018-02-21T18:38:36","date_gmt":"2018-02-21T21:38:36","guid":{"rendered":"http:\/\/www.ilheusnoticias.net.br\/v1\/?p=12813"},"modified":"2018-02-21T18:38:36","modified_gmt":"2018-02-21T21:38:36","slug":"daniel-diau-anuncia-volta-a-calcinha-preta","status":"publish","type":"post","link":"https:\/\/www.ilheusnoticias.net.br\/v1\/2018\/02\/21\/daniel-diau-anuncia-volta-a-calcinha-preta\/","title":{"rendered":"Daniel Diau anuncia volta \u00e0 Calcinha Preta"},"content":{"rendered":"<h3 class=\"post-title entry-title\">\u00a0<img src=\"https:\/\/cache-assets.flogao.com.br\/photos\/full\/37047637.jpg\" alt=\"Resultado de imagem para foto Daniel Diau - Calcinha preta\" \/><\/h3>\n<div id=\"post-body-675098136769665303\" class=\"post-body entry-content\">\n<div>O cantor Daniel Diau anunciou na ter\u00e7a-feira (20) o seu retorno aos vocais da banda de forr\u00f3 Calcinha Preta. O an\u00fancio foi feito atrav\u00e9s de um v\u00eddeo divulgado em sua conta no Instagram. \u201d J\u00e1 estou de volta \u00e0 banda Calcinha Preta. Os bons filhos \u00e0 suia casa retornam\u201d, disse no v\u00eddeo divulgado.<\/div>\n<div><\/div>\n<div>O cantor deixou a banda em 2000, ap\u00f3s ter entrado em 1998 e feito parte dos momentos mais marcantes do grupo. Ainda em 2000, Diau voltou \u00e0 banda e ficou at\u00e9 2002 Em 2003, voltou novamente e ficou at\u00e9 2008, quando se lan\u00e7ou na carreira gospel. No ano de 2016, o artista se reuniu com Silv\u00e2nia Aquino e Paulinha Abelha para o projeto \u201cGigantes do Brasil\u201d, mas o grupo durou apenas um ano.<\/div>\n<\/div>\n","protected":false},"excerpt":{"rendered":"<p>\u00a0 O cantor Daniel Diau anunciou na ter\u00e7a-feira (20) o seu retorno aos vocais da banda de forr\u00f3 Calcinha Preta. O an\u00fancio foi feito atrav\u00e9s de um v\u00eddeo divulgado em sua conta no Instagram. \u201d J\u00e1 estou de volta \u00e0 banda Calcinha Preta. Os bons filhos \u00e0 suia casa retornam\u201d, disse no v\u00eddeo divulgado. O [&hellip;]<\/p>\n","protected":false},"author":2,"featured_media":0,"comment_status":"open","ping_status":"open","sticky":false,"template":"","format":"standard","meta":{"_links_to":"","_links_to_target":""},"categories":[7,9,8,1],"tags":[],"_links":{"self":[{"href":"https:\/\/www.ilheusnoticias.net.br\/v1\/wp-json\/wp\/v2\/posts\/12813"}],"collection":[{"href":"https:\/\/www.ilheusnoticias.net.br\/v1\/wp-json\/wp\/v2\/posts"}],"about":[{"href":"https:\/\/www.ilheusnoticias.net.br\/v1\/wp-json\/wp\/v2\/types\/post"}],"author":[{"embeddable":true,"href":"https:\/\/www.ilheusnoticias.net.br\/v1\/wp-json\/wp\/v2\/users\/2"}],"replies":[{"embeddable":true,"href":"https:\/\/www.ilheusnoticias.net.br\/v1\/wp-json\/wp\/v2\/comments?post=12813"}],"version-history":[{"count":1,"href":"https:\/\/www.ilheusnoticias.net.br\/v1\/wp-json\/wp\/v2\/posts\/12813\/revisions"}],"predecessor-version":[{"id":12814,"href":"https:\/\/www.ilheusnoticias.net.br\/v1\/wp-json\/wp\/v2\/posts\/12813\/revisions\/12814"}],"wp:attachment":[{"href":"https:\/\/www.ilheusnoticias.net.br\/v1\/wp-json\/wp\/v2\/media?parent=12813"}],"wp:term":[{"taxonomy":"category","embeddable":true,"href":"https:\/\/www.ilheusnoticias.net.br\/v1\/wp-json\/wp\/v2\/categories?post=12813"},{"taxonomy":"post_tag","embeddable":true,"href":"https:\/\/www.ilheusnoticias.net.br\/v1\/wp-json\/wp\/v2\/tags?post=12813"}],"curies":[{"name":"wp","href":"https:\/\/api.w.org\/{rel}","templated":true}]}}