{"id":12809,"date":"2018-02-21T18:33:14","date_gmt":"2018-02-21T21:33:14","guid":{"rendered":"http:\/\/www.ilheusnoticias.net.br\/v1\/?p=12809"},"modified":"2018-02-21T18:33:14","modified_gmt":"2018-02-21T21:33:14","slug":"em-dom-macedo-costa-rui-autoriza-obras-de-agua-e-entrega-ambulancias","status":"publish","type":"post","link":"https:\/\/www.ilheusnoticias.net.br\/v1\/2018\/02\/21\/em-dom-macedo-costa-rui-autoriza-obras-de-agua-e-entrega-ambulancias\/","title":{"rendered":"Em Dom Macedo Costa, Rui autoriza obras de \u00e1gua e entrega ambul\u00e2ncias"},"content":{"rendered":"<p><a href=\"http:\/\/www.ilheusnoticias.net.br\/v1\/wp-content\/uploads\/2018\/01\/IMG-20180102-WA0065.jpg\" rel=\"attachment wp-att-11513\"><img loading=\"lazy\" class=\"aligncenter size-full wp-image-11513\" src=\"http:\/\/www.ilheusnoticias.net.br\/v1\/wp-content\/uploads\/2018\/01\/IMG-20180102-WA0065.jpg\" alt=\"IMG-20180102-WA0065.jpg\" width=\"512\" height=\"341\" srcset=\"https:\/\/www.ilheusnoticias.net.br\/v1\/wp-content\/uploads\/2018\/01\/IMG-20180102-WA0065.jpg 512w, https:\/\/www.ilheusnoticias.net.br\/v1\/wp-content\/uploads\/2018\/01\/IMG-20180102-WA0065-300x200.jpg 300w\" sizes=\"(max-width: 512px) 100vw, 512px\" \/><\/a><\/p>\n<p>Ap\u00f3s cumprir agenda de trabalho no in\u00edcio da manh\u00e3 em Salvador, o governador Rui Costa segue, nesta quinta-feira (22), para o munic\u00edpio de Dom Macedo Costa, onde, a partir das 10h, faz entregas e autoriza novas obras.<\/p>\n<p>Na sede municipal, na Pra\u00e7a C\u00f4nego Jos\u00e9 Louren\u00e7o, Rui assina ordem de servi\u00e7o para execu\u00e7\u00e3o de obras de extens\u00e3o de rede para abastecimento de \u00e1gua de 13 localidades da zona rural, al\u00e9m de autorizar a duplica\u00e7\u00e3o da adutora de \u00e1gua tratada entre Santo Ant\u00f4nio de Jesus e Dom Macedo Costa. O investimento total nos servi\u00e7os de abastecimento de \u00e1gua da regi\u00e3o totaliza mais de R$ 1,9 milh\u00e3o, oriundos do recursos do Fundo de Erradica\u00e7\u00e3o e Combate \u00e0 Pobreza \u2013 Funcep.<\/p>\n<p>No local, o governador ainda entrega quatro ambul\u00e2ncias para os munic\u00edpios de Laje, Varzedo, Santo Amaro e Saubara; e 398 certificados do Cadastro Ambiental Rural (CAR) aos produtores rurais da regi\u00e3o.<\/p>\n","protected":false},"excerpt":{"rendered":"<p>Ap\u00f3s cumprir agenda de trabalho no in\u00edcio da manh\u00e3 em Salvador, o governador Rui Costa segue, nesta quinta-feira (22), para o munic\u00edpio de Dom Macedo Costa, onde, a partir das 10h, faz entregas e autoriza novas obras. Na sede municipal, na Pra\u00e7a C\u00f4nego Jos\u00e9 Louren\u00e7o, Rui assina ordem de servi\u00e7o para execu\u00e7\u00e3o de obras de [&hellip;]<\/p>\n","protected":false},"author":2,"featured_media":0,"comment_status":"open","ping_status":"open","sticky":false,"template":"","format":"standard","meta":{"_links_to":"","_links_to_target":""},"categories":[7,9,8,1],"tags":[],"_links":{"self":[{"href":"https:\/\/www.ilheusnoticias.net.br\/v1\/wp-json\/wp\/v2\/posts\/12809"}],"collection":[{"href":"https:\/\/www.ilheusnoticias.net.br\/v1\/wp-json\/wp\/v2\/posts"}],"about":[{"href":"https:\/\/www.ilheusnoticias.net.br\/v1\/wp-json\/wp\/v2\/types\/post"}],"author":[{"embeddable":true,"href":"https:\/\/www.ilheusnoticias.net.br\/v1\/wp-json\/wp\/v2\/users\/2"}],"replies":[{"embeddable":true,"href":"https:\/\/www.ilheusnoticias.net.br\/v1\/wp-json\/wp\/v2\/comments?post=12809"}],"version-history":[{"count":1,"href":"https:\/\/www.ilheusnoticias.net.br\/v1\/wp-json\/wp\/v2\/posts\/12809\/revisions"}],"predecessor-version":[{"id":12810,"href":"https:\/\/www.ilheusnoticias.net.br\/v1\/wp-json\/wp\/v2\/posts\/12809\/revisions\/12810"}],"wp:attachment":[{"href":"https:\/\/www.ilheusnoticias.net.br\/v1\/wp-json\/wp\/v2\/media?parent=12809"}],"wp:term":[{"taxonomy":"category","embeddable":true,"href":"https:\/\/www.ilheusnoticias.net.br\/v1\/wp-json\/wp\/v2\/categories?post=12809"},{"taxonomy":"post_tag","embeddable":true,"href":"https:\/\/www.ilheusnoticias.net.br\/v1\/wp-json\/wp\/v2\/tags?post=12809"}],"curies":[{"name":"wp","href":"https:\/\/api.w.org\/{rel}","templated":true}]}}