{"id":12807,"date":"2018-02-21T18:31:54","date_gmt":"2018-02-21T21:31:54","guid":{"rendered":"http:\/\/www.ilheusnoticias.net.br\/v1\/?p=12807"},"modified":"2018-02-21T18:31:54","modified_gmt":"2018-02-21T21:31:54","slug":"experiencias-estudantis-marcam-aula-inaugural-da-rede-de-ensino-do-estado","status":"publish","type":"post","link":"https:\/\/www.ilheusnoticias.net.br\/v1\/2018\/02\/21\/experiencias-estudantis-marcam-aula-inaugural-da-rede-de-ensino-do-estado\/","title":{"rendered":"Experi\u00eancias estudantis marcam aula inaugural da rede de ensino do Estado"},"content":{"rendered":"<p><img src=\"https:\/\/attachment.outlook.office.net\/owa\/laudiceacarvalho62@hotmail.com\/service.svc\/s\/GetAttachmentThumbnail?id=AQMkADAwATYwMAItY2MANTgtODQxNC0wMAItMDAKAEYAAANqOYr2uMN4Qoz6pFp%2FhFoeBwAsxvM0hWqyT6EfSeQ8%2BPgA8AAAAgEMAAAALMbzNIVqsk%2BhH0nkPPj4APAAAW58tpoAAAABEgAQACWfv9JPsBBDnyFSWe6zJdY%3D&amp;thumbnailType=2&amp;X-OWA-CANARY=Zs6uY3YTa0yrb41m3YEunlAef0tyedUYrIpVqxKHDRD0AduwyRj3zdbx_Q_TdouGSvajVNu41Rw.&amp;token=eyJ0eXAiOiJKV1QiLCJhbGciOiJSUzI1NiIsIng1dCI6ImVuaDlCSnJWUFU1aWpWMXFqWmpWLWZMMmJjbyJ9.eyJ2ZXIiOiJFeGNoYW5nZS5DYWxsYmFjay5WMSIsImFwcGN0eHNlbmRlciI6Ik93YURvd25sb2FkQDg0ZGY5ZTdmLWU5ZjYtNDBhZi1iNDM1LWFhYWFhYWFhYWFhYSIsImFwcGN0eCI6IntcIm1zZXhjaHByb3RcIjpcIm93YVwiLFwicHJpbWFyeXNpZFwiOlwiUy0xLTI4MjctMzkzMjE2LTM0MjgzNTMwNDRcIixcInB1aWRcIjpcIjE2ODg4NTMyODg2MTY5ODBcIixcIm9pZFwiOlwiMDAwNjAwMDAtY2M1OC04NDE0LTAwMDAtMDAwMDAwMDAwMDAwXCIsXCJzY29wZVwiOlwiT3dhRG93bmxvYWRcIn0iLCJpc3MiOiIwMDAwMDAwMi0wMDAwLTBmZjEtY2UwMC0wMDAwMDAwMDAwMDBAODRkZjllN2YtZTlmNi00MGFmLWI0MzUtYWFhYWFhYWFhYWFhIiwiYXVkIjoiMDAwMDAwMDItMDAwMC0wZmYxLWNlMDAtMDAwMDAwMDAwMDAwL2F0dGFjaG1lbnQub3V0bG9vay5vZmZpY2UubmV0QDg0ZGY5ZTdmLWU5ZjYtNDBhZi1iNDM1LWFhYWFhYWFhYWFhYSIsImV4cCI6MTUxOTI0OTAwNCwibmJmIjoxNTE5MjQ4NDA0fQ.vWrpheXOTR02mprECDpzv1lxkwIqgGmpMPv-UXyY7lsOHeibJPPXNM-AqYr9eQpyBD3gEFFdbmOGthEqmmR8RCjZyN_PNtWWsZjVcnUgPOVOAUHqS1d1R1Z7tTLlBfRvoaWiuzGJc5GRnCHvDpKXSybxVx_CZVx30148IVHdZaRr31hSIx40YLcaotkXf0wOW8oqa2aqLKVu5x0VvAd6ySdV0lhqUFZv4E4bMLxg0JI9rr7RmIVzpPsGIYZM4Wye4dsT8uPMqN5hitJ0XHcnFOuIRhiiWqI20LtYsT05NL-nvO1QHhzQEKOIlXH_j1ZDUytxxD-LTRvd85DTBuDoEA&amp;owa=outlook.live.com&amp;isc=1\" alt=\"\" \/><\/p>\n<p>&nbsp;<\/p>\n<div id=\"x_Signature\">\n<div id=\"x_divtagdefaultwrapper\">\n<div>\n<div>M\u00fasica, artes, cultura, ci\u00eancia, tecnologia e um pouco de cada atividade realizada pelos alunos da rede estadual de ensino no ano anterior, marcou o Programa de Abertura do Ano Letivo, realizado pela Secretaria da Educa\u00e7\u00e3o do Estado,\u00a0nesta quarta-feira (21), no audit\u00f3rio do Centro Educacional Carneiro Ribeiro &#8211;\u00a0Escola Parque, no\u00a0bairro da Caixa D\u2019\u00c1gua, em Salvador. Com a diretriz \u2018Contextualizada nos Territ\u00f3rios de Identidade, Conectada com o S\u00e9culo XXI\u2019, o evento teve a presen\u00e7a do secret\u00e1rio Walter Pinheiro.<\/p>\n<p>\u201c\u00c9 um dia muito especial em toda a rede, n\u00e3o s\u00f3 pelas boas-vindas, como pelas boas not\u00edcias. A rede come\u00e7a a experimentar algumas pr\u00e1ticas pedag\u00f3gicas que foram colhidas ao longo de 2017 em um di\u00e1logo com gestores, professores, o debate envolvendo a nova base curricular e a pr\u00f3pria reestrutura\u00e7\u00e3o do m\u00e9todo pedag\u00f3gico, a chegada dos novos coordenadores, o concurso que agora se inicia no dia 25 de fevereiro, a chegada da internet nas escolas, a transforma\u00e7\u00e3o do ponto de vista da forma\u00e7\u00e3o continuada para os nossos professores\u201d, disse Pinheiro, entre outras pr\u00e1ticas da gest\u00e3o.<\/p><\/div>\n<div>\nA aula homenageou alguns estudantes que se destacaram no ano passado e tamb\u00e9m a dupla Dod\u00f4 e Osmar, inventores do trio el\u00e9trico e da guitarra baiana. Os Irm\u00e3os Macedo, Armandinho, Aroldo e Andr\u00e9 se apresentaram para os estudantes, pais, professores e coordenadores. \u201cA gente fica muito honrado em estar participando. A educa\u00e7\u00e3o \u00e9 tudo. Eu me lembro que, na \u00e9poca da gente, n\u00e3o tinha m\u00fasica nas escolas, e hoje tem. Isso \u00e9 muito bom para a forma\u00e7\u00e3o de uma gera\u00e7\u00e3o que vem\u201d, afirmou Aroldo.<\/p>\n<p>As aulas na rede estadual come\u00e7aram na segunda-feira\u00a0(19) em 1.251 unidades escolares. Em 2018, j\u00e1 foram matriculados mais de 807 mil alunos, nos 417 munic\u00edpios baianos.<\/p><\/div>\n<\/div>\n<\/div>\n<\/div>\n<p><!--more--><\/p>\n","protected":false},"excerpt":{"rendered":"<p>&nbsp; M\u00fasica, artes, cultura, ci\u00eancia, tecnologia e um pouco de cada atividade realizada pelos alunos da rede estadual de ensino no ano anterior, marcou o Programa de Abertura do Ano Letivo, realizado pela Secretaria da Educa\u00e7\u00e3o do Estado,\u00a0nesta quarta-feira (21), no audit\u00f3rio do Centro Educacional Carneiro Ribeiro &#8211;\u00a0Escola Parque, no\u00a0bairro da Caixa D\u2019\u00c1gua, em Salvador. [&hellip;]<\/p>\n","protected":false},"author":2,"featured_media":0,"comment_status":"open","ping_status":"open","sticky":false,"template":"","format":"standard","meta":{"_links_to":"","_links_to_target":""},"categories":[7,9,8,1],"tags":[],"_links":{"self":[{"href":"https:\/\/www.ilheusnoticias.net.br\/v1\/wp-json\/wp\/v2\/posts\/12807"}],"collection":[{"href":"https:\/\/www.ilheusnoticias.net.br\/v1\/wp-json\/wp\/v2\/posts"}],"about":[{"href":"https:\/\/www.ilheusnoticias.net.br\/v1\/wp-json\/wp\/v2\/types\/post"}],"author":[{"embeddable":true,"href":"https:\/\/www.ilheusnoticias.net.br\/v1\/wp-json\/wp\/v2\/users\/2"}],"replies":[{"embeddable":true,"href":"https:\/\/www.ilheusnoticias.net.br\/v1\/wp-json\/wp\/v2\/comments?post=12807"}],"version-history":[{"count":1,"href":"https:\/\/www.ilheusnoticias.net.br\/v1\/wp-json\/wp\/v2\/posts\/12807\/revisions"}],"predecessor-version":[{"id":12808,"href":"https:\/\/www.ilheusnoticias.net.br\/v1\/wp-json\/wp\/v2\/posts\/12807\/revisions\/12808"}],"wp:attachment":[{"href":"https:\/\/www.ilheusnoticias.net.br\/v1\/wp-json\/wp\/v2\/media?parent=12807"}],"wp:term":[{"taxonomy":"category","embeddable":true,"href":"https:\/\/www.ilheusnoticias.net.br\/v1\/wp-json\/wp\/v2\/categories?post=12807"},{"taxonomy":"post_tag","embeddable":true,"href":"https:\/\/www.ilheusnoticias.net.br\/v1\/wp-json\/wp\/v2\/tags?post=12807"}],"curies":[{"name":"wp","href":"https:\/\/api.w.org\/{rel}","templated":true}]}}