{"id":12805,"date":"2018-02-21T18:29:46","date_gmt":"2018-02-21T21:29:46","guid":{"rendered":"http:\/\/www.ilheusnoticias.net.br\/v1\/?p=12805"},"modified":"2018-02-21T18:29:46","modified_gmt":"2018-02-21T21:29:46","slug":"secretaria-de-saude-faz-mutirao-de-proteses-dentarias-no-santo-antonio","status":"publish","type":"post","link":"https:\/\/www.ilheusnoticias.net.br\/v1\/2018\/02\/21\/secretaria-de-saude-faz-mutirao-de-proteses-dentarias-no-santo-antonio\/","title":{"rendered":"Secretaria de Sa\u00fade faz mutir\u00e3o de  pr\u00f3teses dent\u00e1rias no Santo Ant\u00f4nio"},"content":{"rendered":"<p class=\"x_gmail-xmsonormal\" align=\"center\">\n<p class=\"x_gmail-xmsonormal\">\u00a0<img loading=\"lazy\" class=\"\" src=\"https:\/\/attachment.outlook.office.net\/owa\/laudiceacarvalho62@hotmail.com\/service.svc\/s\/GetAttachmentThumbnail?id=AQMkADAwATYwMAItY2MANTgtODQxNC0wMAItMDAKAEYAAANqOYr2uMN4Qoz6pFp%2FhFoeBwAsxvM0hWqyT6EfSeQ8%2BPgA8AAAAgEMAAAALMbzNIVqsk%2BhH0nkPPj4APAAAW58tqAAAAABEgAQALXhZ8PHuspCrwYuflXS4eQ%3D&amp;thumbnailType=2&amp;X-OWA-CANARY=5XWxPsfSFEqrEASOMLY5DkBZ1wByedUYYLgFUsUCBxHjD7wFPXa6qW9vfgdSiX0s1Oacjx64kY4.&amp;token=eyJ0eXAiOiJKV1QiLCJhbGciOiJSUzI1NiIsIng1dCI6ImVuaDlCSnJWUFU1aWpWMXFqWmpWLWZMMmJjbyJ9.eyJ2ZXIiOiJFeGNoYW5nZS5DYWxsYmFjay5WMSIsImFwcGN0eHNlbmRlciI6Ik93YURvd25sb2FkQDg0ZGY5ZTdmLWU5ZjYtNDBhZi1iNDM1LWFhYWFhYWFhYWFhYSIsImFwcGN0eCI6IntcIm1zZXhjaHByb3RcIjpcIm93YVwiLFwicHJpbWFyeXNpZFwiOlwiUy0xLTI4MjctMzkzMjE2LTM0MjgzNTMwNDRcIixcInB1aWRcIjpcIjE2ODg4NTMyODg2MTY5ODBcIixcIm9pZFwiOlwiMDAwNjAwMDAtY2M1OC04NDE0LTAwMDAtMDAwMDAwMDAwMDAwXCIsXCJzY29wZVwiOlwiT3dhRG93bmxvYWRcIn0iLCJpc3MiOiIwMDAwMDAwMi0wMDAwLTBmZjEtY2UwMC0wMDAwMDAwMDAwMDBAODRkZjllN2YtZTlmNi00MGFmLWI0MzUtYWFhYWFhYWFhYWFhIiwiYXVkIjoiMDAwMDAwMDItMDAwMC0wZmYxLWNlMDAtMDAwMDAwMDAwMDAwL2F0dGFjaG1lbnQub3V0bG9vay5vZmZpY2UubmV0QDg0ZGY5ZTdmLWU5ZjYtNDBhZi1iNDM1LWFhYWFhYWFhYWFhYSIsImV4cCI6MTUxOTI0OTAwNCwibmJmIjoxNTE5MjQ4NDA0fQ.vWrpheXOTR02mprECDpzv1lxkwIqgGmpMPv-UXyY7lsOHeibJPPXNM-AqYr9eQpyBD3gEFFdbmOGthEqmmR8RCjZyN_PNtWWsZjVcnUgPOVOAUHqS1d1R1Z7tTLlBfRvoaWiuzGJc5GRnCHvDpKXSybxVx_CZVx30148IVHdZaRr31hSIx40YLcaotkXf0wOW8oqa2aqLKVu5x0VvAd6ySdV0lhqUFZv4E4bMLxg0JI9rr7RmIVzpPsGIYZM4Wye4dsT8uPMqN5hitJ0XHcnFOuIRhiiWqI20LtYsT05NL-nvO1QHhzQEKOIlXH_j1ZDUytxxD-LTRvd85DTBuDoEA&amp;owa=outlook.live.com&amp;isc=1\" alt=\"\" width=\"453\" height=\"255\" \/><\/p>\n<p class=\"x_gmail-xmsonormal\">A secretaria de Sa\u00fade (Sesau) do munic\u00edpio de Ilh\u00e9us realizou um mutir\u00e3o para o fornecimento de pr\u00f3teses dent\u00e1rias a cidad\u00e3os e cidad\u00e3s no distrito rural de Santo Ant\u00f4nio. A iniciativa \u00e9 um projeto piloto, coordenado pelo setor de Sa\u00fade Bucal, por solicita\u00e7\u00e3o do prefeito M\u00e1rio Alexandre, que ser\u00e1 levado a outras localidades do interior.<\/p>\n<p class=\"x_gmail-xmsonormal\">De acordo com a secret\u00e1ria de Sa\u00fade, Eliz\u00e2ngela Oliveira, a coordena\u00e7\u00e3o de sa\u00fade bucal fez o levantamento do quantitativo de pessoas, atrav\u00e9s de demanda espont\u00e2nea, que precisavam de pr\u00f3teses dent\u00e1rias e planejou a realiza\u00e7\u00e3o do mutir\u00e3o. Na oportunidade, o total de 40 pacientes foi atendido.<\/p>\n<p class=\"x_gmail-xmsonormal\">Eliz\u00e2ngela informou que, nesse caso, ser\u00e3o produzidas quase 80 pr\u00f3teses dent\u00e1rias, j\u00e1 que cada paciente necessita de um par de pr\u00f3tese. \u201cFoi uma experi\u00eancia muito interessante a disponibiliza\u00e7\u00e3o desse servi\u00e7o para as pessoas que est\u00e3o na zona rural. Agora, vamos produzir as pr\u00f3teses e entrega-las aos pacientes. Depois realizar mais mutir\u00f5es\u201d, garantiu a secret\u00e1ria de Sa\u00fade.<\/p>\n<p class=\"x_gmail-xmsonormal\">\n","protected":false},"excerpt":{"rendered":"<p>\u00a0 A secretaria de Sa\u00fade (Sesau) do munic\u00edpio de Ilh\u00e9us realizou um mutir\u00e3o para o fornecimento de pr\u00f3teses dent\u00e1rias a cidad\u00e3os e cidad\u00e3s no distrito rural de Santo Ant\u00f4nio. A iniciativa \u00e9 um projeto piloto, coordenado pelo setor de Sa\u00fade Bucal, por solicita\u00e7\u00e3o do prefeito M\u00e1rio Alexandre, que ser\u00e1 levado a outras localidades do interior. [&hellip;]<\/p>\n","protected":false},"author":2,"featured_media":0,"comment_status":"open","ping_status":"open","sticky":false,"template":"","format":"standard","meta":{"_links_to":"","_links_to_target":""},"categories":[7,9,8,1],"tags":[],"_links":{"self":[{"href":"https:\/\/www.ilheusnoticias.net.br\/v1\/wp-json\/wp\/v2\/posts\/12805"}],"collection":[{"href":"https:\/\/www.ilheusnoticias.net.br\/v1\/wp-json\/wp\/v2\/posts"}],"about":[{"href":"https:\/\/www.ilheusnoticias.net.br\/v1\/wp-json\/wp\/v2\/types\/post"}],"author":[{"embeddable":true,"href":"https:\/\/www.ilheusnoticias.net.br\/v1\/wp-json\/wp\/v2\/users\/2"}],"replies":[{"embeddable":true,"href":"https:\/\/www.ilheusnoticias.net.br\/v1\/wp-json\/wp\/v2\/comments?post=12805"}],"version-history":[{"count":1,"href":"https:\/\/www.ilheusnoticias.net.br\/v1\/wp-json\/wp\/v2\/posts\/12805\/revisions"}],"predecessor-version":[{"id":12806,"href":"https:\/\/www.ilheusnoticias.net.br\/v1\/wp-json\/wp\/v2\/posts\/12805\/revisions\/12806"}],"wp:attachment":[{"href":"https:\/\/www.ilheusnoticias.net.br\/v1\/wp-json\/wp\/v2\/media?parent=12805"}],"wp:term":[{"taxonomy":"category","embeddable":true,"href":"https:\/\/www.ilheusnoticias.net.br\/v1\/wp-json\/wp\/v2\/categories?post=12805"},{"taxonomy":"post_tag","embeddable":true,"href":"https:\/\/www.ilheusnoticias.net.br\/v1\/wp-json\/wp\/v2\/tags?post=12805"}],"curies":[{"name":"wp","href":"https:\/\/api.w.org\/{rel}","templated":true}]}}