{"id":12803,"date":"2018-02-21T18:25:44","date_gmt":"2018-02-21T21:25:44","guid":{"rendered":"http:\/\/www.ilheusnoticias.net.br\/v1\/?p=12803"},"modified":"2018-02-21T18:25:44","modified_gmt":"2018-02-21T21:25:44","slug":"realizada-audiencia-publica-para-licenciamento-ambiental-em-ilheus","status":"publish","type":"post","link":"https:\/\/www.ilheusnoticias.net.br\/v1\/2018\/02\/21\/realizada-audiencia-publica-para-licenciamento-ambiental-em-ilheus\/","title":{"rendered":"REALIZADA AUDI\u00caNCIA P\u00daBLICA  PARA LICENCIAMENTO AMBIENTAL EM ILH\u00c9US"},"content":{"rendered":"<p><img loading=\"lazy\" class=\"\" src=\"https:\/\/attachment.outlook.office.net\/owa\/laudiceacarvalho62@hotmail.com\/service.svc\/s\/GetAttachmentThumbnail?id=AQMkADAwATYwMAItY2MANTgtODQxNC0wMAItMDAKAEYAAANqOYr2uMN4Qoz6pFp%2FhFoeBwAsxvM0hWqyT6EfSeQ8%2BPgA8AAAAgEMAAAALMbzNIVqsk%2BhH0nkPPj4APAAAW58tqUAAAABEgAQAPDaevx9yJRLrTY0bf2Cp7g%3D&amp;thumbnailType=2&amp;X-OWA-CANARY=1wvnIfRua0G3P-Evw02PXzAYTWpxedUYxgOTWIcIIYZMkQtmtYmuoalMkRrs4FtuXRBbjNIRogc.&amp;token=eyJ0eXAiOiJKV1QiLCJhbGciOiJSUzI1NiIsIng1dCI6ImVuaDlCSnJWUFU1aWpWMXFqWmpWLWZMMmJjbyJ9.eyJ2ZXIiOiJFeGNoYW5nZS5DYWxsYmFjay5WMSIsImFwcGN0eHNlbmRlciI6Ik93YURvd25sb2FkQDg0ZGY5ZTdmLWU5ZjYtNDBhZi1iNDM1LWFhYWFhYWFhYWFhYSIsImFwcGN0eCI6IntcIm1zZXhjaHByb3RcIjpcIm93YVwiLFwicHJpbWFyeXNpZFwiOlwiUy0xLTI4MjctMzkzMjE2LTM0MjgzNTMwNDRcIixcInB1aWRcIjpcIjE2ODg4NTMyODg2MTY5ODBcIixcIm9pZFwiOlwiMDAwNjAwMDAtY2M1OC04NDE0LTAwMDAtMDAwMDAwMDAwMDAwXCIsXCJzY29wZVwiOlwiT3dhRG93bmxvYWRcIn0iLCJpc3MiOiIwMDAwMDAwMi0wMDAwLTBmZjEtY2UwMC0wMDAwMDAwMDAwMDBAODRkZjllN2YtZTlmNi00MGFmLWI0MzUtYWFhYWFhYWFhYWFhIiwiYXVkIjoiMDAwMDAwMDItMDAwMC0wZmYxLWNlMDAtMDAwMDAwMDAwMDAwL2F0dGFjaG1lbnQub3V0bG9vay5vZmZpY2UubmV0QDg0ZGY5ZTdmLWU5ZjYtNDBhZi1iNDM1LWFhYWFhYWFhYWFhYSIsImV4cCI6MTUxOTI0ODcwNCwibmJmIjoxNTE5MjQ4MTA0fQ.RNe7EN0rcwRpC_qUW9xo2a6q15YX3bUiEFIiems2zIkQAMwbQOnX2S4TrzSv0sBOJQgqFDHNINtB0nEjQtckXXBV6ouuakzVGsB_E5IYNsEAQ5zz2hx0YRS5U9Gq_SvIgLE8jfdvo7l1PnhlHTZ9xCb6ib3sHIA3LL46fAreW8cFa3I4c1E_x5cWd7pgQlQoQaADafkbdR9_eyzgeRbylFV0EcDsCeXUX8BtNif4qPIu6xfIjibDNtFF4qPHc5bKXhR7qmbsCWaR6zMjQqDcxDxcul1vjLoRlJ-Vw_0gPJsF4XGESEBX4HtaQSjpwG0D0pjh-f7xcdirSLgLmcdJ9Q&amp;owa=outlook.live.com&amp;isc=1\" alt=\"\" width=\"416\" height=\"293\" \/><\/p>\n<p>A Secretaria de Planejamento e Desenvolvimento Sustent\u00e1vel realizou audi\u00eancia p\u00fablica para apresenta\u00e7\u00e3o e discuss\u00e3o do relat\u00f3rio contendo o resultado do estudo de impactos ambientais proposto pela empresa Ribrita Pedreira, para a extra\u00e7\u00e3o e beneficiamento de pedras e agregados na constru\u00e7\u00e3o civil, em Ilh\u00e9us. A reuni\u00e3o aconteceu na tarde desta ter\u00e7a-feira (20), no audit\u00f3rio do Centro Administrativo, situado no bairro da Conquista, com a presen\u00e7a de gestores da prefeitura e do empreendimento, representantes do Conselho de Meio Ambiente e pessoas interessadas.<\/p>\n<p class=\"x_MsoNormal\">\u00a0De acordo com o vice-prefeito e secret\u00e1rio de Planejamento e Desenvolvimento Sustent\u00e1vel do munic\u00edpio, Jos\u00e9 Nazal, a audi\u00eancia p\u00fablica foi para expor \u00e0 popula\u00e7\u00e3o e ouvi-la, de modo a proporcionar o di\u00e1logo em torno dos cuidados ambientais e sociais que dever\u00e3o ser adotados para a implanta\u00e7\u00e3o e opera\u00e7\u00e3o da atividade, antes, durante e depois desta discuss\u00e3o, informando ainda que fica aberto o prazo de dez dias para que qualquer pessoa possa arguir ou oferecer sugest\u00f5es, que devem ser apresentadas formalmente na Superintend\u00eancia de Meio Ambiente.<\/p>\n<p class=\"x_MsoNormal\">\n<p class=\"x_MsoNormal\"><!--more--><\/p>\n<p class=\"x_MsoNormal\">\n<p class=\"x_MsoNormal\">Durante a audi\u00eancia p\u00fablica, Jos\u00e9 Nazal lembrou que para construir ou operar qualquer empreendimento no territ\u00f3rio de Ilh\u00e9us que possa afetar o meio ambiente, o empreendedor deve se submeter a processo de licenciamento ambiental, dando entrada documental espec\u00edfico na sede da Secretaria de Planejamento e Desenvolvimento Sustent\u00e1vel, situada no bairro Cidade Nova, centro, para futuras an\u00e1lises de t\u00e9cnicos especializados.<\/p>\n<p class=\"x_MsoNormal\">\n<p class=\"x_MsoNormal\">O empreendimento para a explora\u00e7\u00e3o de min\u00e9rios est\u00e1 situado nos limites da bacia do rio Almada, pr\u00f3ximo \u00e0 bacia do Rio Cachoeira, no bairro Salobrinho (fazenda Estrela Bom Jesus I), numa \u00e1rea que dista cerca de cinco quil\u00f4metros da margem da rodovia Jorge Amado (BR-415). Conforme documentos apresentados por gestores da empresa, \u201co requerimento miner\u00e1rio est\u00e1 pr\u00f3ximo da \u00c1rea de Prote\u00e7\u00e3o Ambiental (APA) da Lagoa e Rio Almada, por\u00e9m, a propriedade e por consequ\u00eancia, todas as opera\u00e7\u00f5es est\u00e3o fora dos limites da APA\u201d.<\/p>\n<p class=\"x_MsoNormal\">\n<p class=\"x_MsoNormal\">Na audi\u00eancia p\u00fablica foi questionado como ser\u00e1 feita compensa\u00e7\u00e3o da vegeta\u00e7\u00e3o, o impacto sobre a rodovia BA-648, impacto de vizinhan\u00e7a no entorno da lavra. Al\u00e9m da \u00e1rea de preserva\u00e7\u00e3o permanente e reserva legal que tamb\u00e9m deve ser adensada com indiv\u00edduos nativos para servir de corredor para a fauna.<\/p>\n<p class=\"x_MsoNormal\">\n<p class=\"x_MsoNormal\">\n","protected":false},"excerpt":{"rendered":"<p>A Secretaria de Planejamento e Desenvolvimento Sustent\u00e1vel realizou audi\u00eancia p\u00fablica para apresenta\u00e7\u00e3o e discuss\u00e3o do relat\u00f3rio contendo o resultado do estudo de impactos ambientais proposto pela empresa Ribrita Pedreira, para a extra\u00e7\u00e3o e beneficiamento de pedras e agregados na constru\u00e7\u00e3o civil, em Ilh\u00e9us. A reuni\u00e3o aconteceu na tarde desta ter\u00e7a-feira (20), no audit\u00f3rio do Centro [&hellip;]<\/p>\n","protected":false},"author":2,"featured_media":0,"comment_status":"open","ping_status":"open","sticky":false,"template":"","format":"standard","meta":{"_links_to":"","_links_to_target":""},"categories":[7,9,8,1],"tags":[],"_links":{"self":[{"href":"https:\/\/www.ilheusnoticias.net.br\/v1\/wp-json\/wp\/v2\/posts\/12803"}],"collection":[{"href":"https:\/\/www.ilheusnoticias.net.br\/v1\/wp-json\/wp\/v2\/posts"}],"about":[{"href":"https:\/\/www.ilheusnoticias.net.br\/v1\/wp-json\/wp\/v2\/types\/post"}],"author":[{"embeddable":true,"href":"https:\/\/www.ilheusnoticias.net.br\/v1\/wp-json\/wp\/v2\/users\/2"}],"replies":[{"embeddable":true,"href":"https:\/\/www.ilheusnoticias.net.br\/v1\/wp-json\/wp\/v2\/comments?post=12803"}],"version-history":[{"count":1,"href":"https:\/\/www.ilheusnoticias.net.br\/v1\/wp-json\/wp\/v2\/posts\/12803\/revisions"}],"predecessor-version":[{"id":12804,"href":"https:\/\/www.ilheusnoticias.net.br\/v1\/wp-json\/wp\/v2\/posts\/12803\/revisions\/12804"}],"wp:attachment":[{"href":"https:\/\/www.ilheusnoticias.net.br\/v1\/wp-json\/wp\/v2\/media?parent=12803"}],"wp:term":[{"taxonomy":"category","embeddable":true,"href":"https:\/\/www.ilheusnoticias.net.br\/v1\/wp-json\/wp\/v2\/categories?post=12803"},{"taxonomy":"post_tag","embeddable":true,"href":"https:\/\/www.ilheusnoticias.net.br\/v1\/wp-json\/wp\/v2\/tags?post=12803"}],"curies":[{"name":"wp","href":"https:\/\/api.w.org\/{rel}","templated":true}]}}