{"id":12799,"date":"2018-02-21T18:21:04","date_gmt":"2018-02-21T21:21:04","guid":{"rendered":"http:\/\/www.ilheusnoticias.net.br\/v1\/?p=12799"},"modified":"2018-02-21T18:21:04","modified_gmt":"2018-02-21T21:21:04","slug":"vereador-jerbson-moraes-apoia-o-executivo-e-acredita-na-melhoria-da-saude-no-municipio","status":"publish","type":"post","link":"https:\/\/www.ilheusnoticias.net.br\/v1\/2018\/02\/21\/vereador-jerbson-moraes-apoia-o-executivo-e-acredita-na-melhoria-da-saude-no-municipio\/","title":{"rendered":"Vereador Jerbson Moraes apoia o Executivo e acredita na melhoria da Sa\u00fade no munic\u00edpio"},"content":{"rendered":"<p><img src=\"https:\/\/www.jerbsonmoraes.com.br\/wp-content\/uploads\/2018\/02\/WhatsApp-Image-2018-02-21-at-15.36.56.jpeg\" alt=\"\" \/><\/p>\n<p>Ap\u00f3s participar de reuni\u00f5es e in\u00fameros encontros e audi\u00eancias que debateram a Sa\u00fade no munic\u00edpio de Ilh\u00e9us, o vereador e l\u00edder da bancada do PSD na C\u00e2mara de Vereadores, Jerbson Moraes tem v\u00e1rios motivos para comemorar.<\/p>\n<p>Na manh\u00e3 desta quarta-feira (21) foi assinada pelo prefeito de Ilh\u00e9us, M\u00e1rio Alexandre, a Ordem de Servi\u00e7o que d\u00e1 in\u00edcio \u00e0s obras de reforma da Policl\u00ednica Halil Medauar, no bairro da Conquista, que em abril passa a funcionar como unidade de Pronto Atendimento 24 horas. As obras ser\u00e3o iniciadas nesta quinta-feira (22).<\/p>\n<p>Para Jerbson, \u201cOs investimentos e mudan\u00e7as far\u00e3o da sa\u00fade b\u00e1sica de Ilh\u00e9us um exemplo de Sa\u00fade p\u00fablica na regi\u00e3o\u201d. Ele ainda afirma que essas mudan\u00e7as s\u00e3o vit\u00f3rias para a popula\u00e7\u00e3o de Ilh\u00e9us que h\u00e1 tempos sofre com a situa\u00e7\u00e3o da Sa\u00fade p\u00fablica. Os procedimentos que eram realizados no posto ser\u00e3o transferidos para um im\u00f3vel alugado na Avenida Itabuna, pr\u00f3ximo ao pr\u00e9dio da ma\u00e7onaria, a partir de 1\u00ba de mar\u00e7o.<\/p>\n<p>Ap\u00f3s a conclus\u00e3o das obras o PA 24 horas vai atender servi\u00e7os de Urg\u00eancia (parte superior) e Emerg\u00eancia (t\u00e9rreo), recebendo 150 pacientes por dia. Al\u00e9m do PA da Conquista, existem outros em pleno funcionamento, localizados no bairro do Malhado (Coci), centro (Hospital S\u00e3o Jos\u00e9) e zona sul (antiga Climedi).<\/p>\n","protected":false},"excerpt":{"rendered":"<p>Ap\u00f3s participar de reuni\u00f5es e in\u00fameros encontros e audi\u00eancias que debateram a Sa\u00fade no munic\u00edpio de Ilh\u00e9us, o vereador e l\u00edder da bancada do PSD na C\u00e2mara de Vereadores, Jerbson Moraes tem v\u00e1rios motivos para comemorar. Na manh\u00e3 desta quarta-feira (21) foi assinada pelo prefeito de Ilh\u00e9us, M\u00e1rio Alexandre, a Ordem de Servi\u00e7o que d\u00e1 [&hellip;]<\/p>\n","protected":false},"author":2,"featured_media":0,"comment_status":"open","ping_status":"open","sticky":false,"template":"","format":"standard","meta":{"_links_to":"","_links_to_target":""},"categories":[7,9,8,1],"tags":[],"_links":{"self":[{"href":"https:\/\/www.ilheusnoticias.net.br\/v1\/wp-json\/wp\/v2\/posts\/12799"}],"collection":[{"href":"https:\/\/www.ilheusnoticias.net.br\/v1\/wp-json\/wp\/v2\/posts"}],"about":[{"href":"https:\/\/www.ilheusnoticias.net.br\/v1\/wp-json\/wp\/v2\/types\/post"}],"author":[{"embeddable":true,"href":"https:\/\/www.ilheusnoticias.net.br\/v1\/wp-json\/wp\/v2\/users\/2"}],"replies":[{"embeddable":true,"href":"https:\/\/www.ilheusnoticias.net.br\/v1\/wp-json\/wp\/v2\/comments?post=12799"}],"version-history":[{"count":1,"href":"https:\/\/www.ilheusnoticias.net.br\/v1\/wp-json\/wp\/v2\/posts\/12799\/revisions"}],"predecessor-version":[{"id":12800,"href":"https:\/\/www.ilheusnoticias.net.br\/v1\/wp-json\/wp\/v2\/posts\/12799\/revisions\/12800"}],"wp:attachment":[{"href":"https:\/\/www.ilheusnoticias.net.br\/v1\/wp-json\/wp\/v2\/media?parent=12799"}],"wp:term":[{"taxonomy":"category","embeddable":true,"href":"https:\/\/www.ilheusnoticias.net.br\/v1\/wp-json\/wp\/v2\/categories?post=12799"},{"taxonomy":"post_tag","embeddable":true,"href":"https:\/\/www.ilheusnoticias.net.br\/v1\/wp-json\/wp\/v2\/tags?post=12799"}],"curies":[{"name":"wp","href":"https:\/\/api.w.org\/{rel}","templated":true}]}}