{"id":12795,"date":"2018-02-21T10:26:51","date_gmt":"2018-02-21T13:26:51","guid":{"rendered":"http:\/\/www.ilheusnoticias.net.br\/v1\/?p=12795"},"modified":"2018-02-21T10:26:51","modified_gmt":"2018-02-21T13:26:51","slug":"foguetinhos-54","status":"publish","type":"post","link":"https:\/\/www.ilheusnoticias.net.br\/v1\/2018\/02\/21\/foguetinhos-54\/","title":{"rendered":"FOGUETINHOS"},"content":{"rendered":"<div id=\"js_2mn\" class=\"_5pbx userContent _3576\" data-ft=\"{&quot;tn&quot;:&quot;K&quot;}\">\n<div id=\"id_5a8d733ddf0921a46564552\" class=\"text_exposed_root text_exposed\">\n<p>O NOSSO BOM PASTOR<\/p>\n<p>Pe. JOS\u00c9 CRISTO, que tem a responsabilidade de conduzir o rebanho da Capelania S\u00e3o Paulo Ap\u00f3stolo, e como fiel seguidor do Santo Evangelho do Cristo Jesus, faz um grande pastoreio e honra com dignidade e santidade a miss\u00e3o delegada pela Diocese de Ilh\u00e9us.<\/p>\n<div class=\"text_exposed_show\">\n<p>Que DEUS Lhe aben\u00e7oe abundantemente e proporcione sa\u00fade, sabedoria e discernimento na propaga\u00e7\u00e3o da PALAVRA DO EVANGELHO DO CRISTO JESUS.<\/p>\n<p>Grande e afetuoso abra\u00e7o PE. CRISTO.<\/p>\n<p>Z\u00e9carlos Junior (cat\u00f3lico apost\u00f3lico romano)<\/p>\n<\/div>\n<\/div>\n<\/div>\n<div class=\"_3x-2\" data-ft=\"{&quot;tn&quot;:&quot;H&quot;}\">\n<div data-ft=\"{&quot;tn&quot;:&quot;H&quot;}\">\n<div class=\"mtm\">\n<div>\n<div>\n<div class=\"\" data-ft=\"{&quot;tn&quot;:&quot;E&quot;}\">\n<div class=\"uiScaledImageContainer _517g\"><img loading=\"lazy\" class=\"scaledImageFitHeight img\" src=\"https:\/\/scontent.fvdc1-1.fna.fbcdn.net\/v\/t31.0-0\/p526x296\/28061756_977287772420518_4927907281694861199_o.jpg?oh=1253b0d8d0bd0df39349550752ba4c63&amp;oe=5B11E4F9\" alt=\"A imagem pode conter: 2 pessoas, pessoas sorrindo, pessoas em p\u00e9\" width=\"493\" height=\"656\" \/><\/div>\n<\/div>\n<\/div>\n<\/div>\n<\/div>\n<\/div>\n<\/div>\n<p>&nbsp;<\/p>\n<p>2-<\/p>\n<p>MEU BRASIL BRASILEIRO.<\/p>\n<p>O TAL ROBERTO JEFFERSON \u00c9 AUTORIDADE M\u00c1XIMA NO PLANALTO CENTRAL.<\/p>\n<div class=\"text_exposed_show\">\n<p>TIRA, BOTA, INDICA, D\u00c1 ORDENS.<\/p>\n<p>P Q P &#8230;<\/p>\n<p>T\u00c1 MUITO DIF\u00cdCIL SUPORTAR TANTA ESCULHAMBA\u00c7\u00c3O&#8230;<\/p>\n<p>AT\u00c9 CASSADO MANDA NA ZONA&#8230;<\/p>\n<\/div>\n<p>3-<\/p>\n<div class=\"mtm _5pco\" data-ft=\"{&quot;tn&quot;:&quot;K&quot;}\">\n<div id=\"id_5a8d72ef1716c7e31431332\" class=\"text_exposed_root text_exposed\">\n<p>BRIGA DE TORCIDAS ORGANIZADAS. BRIGA DE MARGINAIS.<\/p>\n<p>Tudo come\u00e7a nas redes sociais, nos chamamentos dos marginais que se dizem torcedores de futebol.<\/p>\n<div class=\"text_exposed_show\">\n<p>Torcer para um time \u00e9 gostar da sua hist\u00f3ria, das suas conquistas, ter aprendido a torcer com os pais e viver esta paix\u00e3o que s\u00f3 o futebol nos proporciona.<\/p>\n<p>Vejo aqui no FACE v\u00e1rios tipos de provoca\u00e7\u00f5es de torcedores de TODOS OS TIMES, \u00e0s vezes at\u00e9 com ofensas bestas, sem cabimento.<\/p>\n<p>Sou TORCEDOR DO VASCO DA GAMA e NUNCA postei NADA de ofensa contra qualquer torcedor de outro time, muito pelo contr\u00e1rio, gosto de jogadores que fazem a diferen\u00e7a e que vestem a camisa dos advers\u00e1rios do VASCO, afinal, \u00e9 prazeroso ver uma boa partida de futebol, estando o meu time jogando ou n\u00e3o.<\/p>\n<p>Obrigado! Com licen\u00e7a!<\/p>\n<p>Z\u00c9CARLOS JUNIOR (vasca\u00edno sempre)<\/p>\n<\/div>\n<\/div>\n<\/div>\n<div class=\"_3x-2\" data-ft=\"{&quot;tn&quot;:&quot;H&quot;}\">\n<div data-ft=\"{&quot;tn&quot;:&quot;H&quot;}\">\n<div class=\"mtm\">\n<div>\n<div>\n<div class=\"_5cq3\" data-ft=\"{&quot;tn&quot;:&quot;E&quot;}\">\n<div id=\"u_ps_fetchstream_6_3_x\" class=\"uiScaledImageContainer _4-ep\"><img loading=\"lazy\" class=\"scaledImageFitWidth img\" src=\"https:\/\/scontent.fvdc1-1.fna.fbcdn.net\/v\/t1.0-9\/16649120_790996331049664_8790119574896773670_n.jpg?oh=9e97b215594bb7b059b21ae957511f5d&amp;oe=5B172C4E\" alt=\"A imagem pode conter: 1 pessoa, em p\u00e9\" width=\"466\" height=\"350\" \/><\/div>\n<\/div>\n<\/div>\n<\/div>\n<\/div>\n<\/div>\n<\/div>\n<p>&nbsp;<\/p>\n<p>2-<\/p>\n<p>&nbsp;<\/p>\n<p>&nbsp;<\/p>\n<p>&nbsp;<\/p>\n","protected":false},"excerpt":{"rendered":"<p>O NOSSO BOM PASTOR Pe. JOS\u00c9 CRISTO, que tem a responsabilidade de conduzir o rebanho da Capelania S\u00e3o Paulo Ap\u00f3stolo, e como fiel seguidor do Santo Evangelho do Cristo Jesus, faz um grande pastoreio e honra com dignidade e santidade a miss\u00e3o delegada pela Diocese de Ilh\u00e9us. Que DEUS Lhe aben\u00e7oe abundantemente e proporcione sa\u00fade, [&hellip;]<\/p>\n","protected":false},"author":2,"featured_media":0,"comment_status":"open","ping_status":"open","sticky":false,"template":"","format":"standard","meta":{"_links_to":"","_links_to_target":""},"categories":[7,9,8,1],"tags":[],"_links":{"self":[{"href":"https:\/\/www.ilheusnoticias.net.br\/v1\/wp-json\/wp\/v2\/posts\/12795"}],"collection":[{"href":"https:\/\/www.ilheusnoticias.net.br\/v1\/wp-json\/wp\/v2\/posts"}],"about":[{"href":"https:\/\/www.ilheusnoticias.net.br\/v1\/wp-json\/wp\/v2\/types\/post"}],"author":[{"embeddable":true,"href":"https:\/\/www.ilheusnoticias.net.br\/v1\/wp-json\/wp\/v2\/users\/2"}],"replies":[{"embeddable":true,"href":"https:\/\/www.ilheusnoticias.net.br\/v1\/wp-json\/wp\/v2\/comments?post=12795"}],"version-history":[{"count":1,"href":"https:\/\/www.ilheusnoticias.net.br\/v1\/wp-json\/wp\/v2\/posts\/12795\/revisions"}],"predecessor-version":[{"id":12796,"href":"https:\/\/www.ilheusnoticias.net.br\/v1\/wp-json\/wp\/v2\/posts\/12795\/revisions\/12796"}],"wp:attachment":[{"href":"https:\/\/www.ilheusnoticias.net.br\/v1\/wp-json\/wp\/v2\/media?parent=12795"}],"wp:term":[{"taxonomy":"category","embeddable":true,"href":"https:\/\/www.ilheusnoticias.net.br\/v1\/wp-json\/wp\/v2\/categories?post=12795"},{"taxonomy":"post_tag","embeddable":true,"href":"https:\/\/www.ilheusnoticias.net.br\/v1\/wp-json\/wp\/v2\/tags?post=12795"}],"curies":[{"name":"wp","href":"https:\/\/api.w.org\/{rel}","templated":true}]}}