{"id":12793,"date":"2018-02-21T10:23:35","date_gmt":"2018-02-21T13:23:35","guid":{"rendered":"http:\/\/www.ilheusnoticias.net.br\/v1\/?p=12793"},"modified":"2018-02-21T10:23:35","modified_gmt":"2018-02-21T13:23:35","slug":"stf-concede-prisao-domiciliar-para-gravidas-e-maes-com-filhos-de-ate-12-anos","status":"publish","type":"post","link":"https:\/\/www.ilheusnoticias.net.br\/v1\/2018\/02\/21\/stf-concede-prisao-domiciliar-para-gravidas-e-maes-com-filhos-de-ate-12-anos\/","title":{"rendered":"STF concede pris\u00e3o domiciliar para gr\u00e1vidas e m\u00e3es com filhos de at\u00e9 12 anos"},"content":{"rendered":"<h3 class=\"post-title entry-title\">\u00a0<a href=\"https:\/\/3.bp.blogspot.com\/-VYi-Nx_WQc4\/Woy4ax9z59I\/AAAAAAABy6c\/XcmQXT2JnXok420UyGNOg4LwVOb71UH6ACLcBGAs\/s1600\/csm_27082017jg1032presa_4718277cd6.jpg\"><img src=\"https:\/\/3.bp.blogspot.com\/-VYi-Nx_WQc4\/Woy4ax9z59I\/AAAAAAABy6c\/XcmQXT2JnXok420UyGNOg4LwVOb71UH6ACLcBGAs\/s1600\/csm_27082017jg1032presa_4718277cd6.jpg\" alt=\"\" border=\"0\" \/><\/a><\/h3>\n<div id=\"post-body-1745715777550370648\" class=\"post-body entry-content\">\n<div><\/div>\n<div>A Segunda Turma do Supremo Tribunal Federal (STF) decidiu nesta ter\u00e7a-feira, 20, que mulheres gr\u00e1vidas ou com filho de at\u00e9 de 12 anos, ou m\u00e3es de filhos deficientes que estejam presas preventivamente t\u00eam direito de ir para a pris\u00e3o domiciliar. Ao menos 4 mil mulheres podem ser beneficiadas com a determina\u00e7\u00e3o, \u201cpraticamente 10% do total de presas no Pa\u00eds\u201d, segundo dados trazidos ao processo pelo IBCCrim (Instituto Brasileiro de Ci\u00eancias Criminais), pelo Instituto Terra, Trabalho e Cidadania e pela Pastoral Carcer\u00e1ria, com base em n\u00fameros de 24 estados.<\/div>\n<div><\/div>\n<div>A decis\u00e3o foi dada em um pedido da Defensoria P\u00fablica da Uni\u00e3o (DPU). O ministro relator do caso, Ricardo Lewandowski, determinou que seja imediata a transfer\u00eancia das presas cujos nomes foram relatados ao processo no Supremo, atrav\u00e9s do Depen (Departamento Penitenci\u00e1rio Nacional) ou das autoridades estaduais.<\/div>\n<div><\/div>\n<div>Para as outras detentas que estejam nessa mesma situa\u00e7\u00e3o, os tribunais federais e estaduais devem dar cumprimento \u00e0s determina\u00e7\u00f5es estabelecidas pelo Supremo em at\u00e9 60 dias. O benef\u00edcio tamb\u00e9m ser\u00e1 concedido para \u00e0s adolescentes sujeitas a medidas socioeducativas, gr\u00e1vidas ou com filhos de at\u00e9 12 anos.<\/div>\n<\/div>\n","protected":false},"excerpt":{"rendered":"<p>\u00a0 A Segunda Turma do Supremo Tribunal Federal (STF) decidiu nesta ter\u00e7a-feira, 20, que mulheres gr\u00e1vidas ou com filho de at\u00e9 de 12 anos, ou m\u00e3es de filhos deficientes que estejam presas preventivamente t\u00eam direito de ir para a pris\u00e3o domiciliar. Ao menos 4 mil mulheres podem ser beneficiadas com a determina\u00e7\u00e3o, \u201cpraticamente 10% do [&hellip;]<\/p>\n","protected":false},"author":2,"featured_media":0,"comment_status":"open","ping_status":"open","sticky":false,"template":"","format":"standard","meta":{"_links_to":"","_links_to_target":""},"categories":[7,9,8,1,5],"tags":[],"_links":{"self":[{"href":"https:\/\/www.ilheusnoticias.net.br\/v1\/wp-json\/wp\/v2\/posts\/12793"}],"collection":[{"href":"https:\/\/www.ilheusnoticias.net.br\/v1\/wp-json\/wp\/v2\/posts"}],"about":[{"href":"https:\/\/www.ilheusnoticias.net.br\/v1\/wp-json\/wp\/v2\/types\/post"}],"author":[{"embeddable":true,"href":"https:\/\/www.ilheusnoticias.net.br\/v1\/wp-json\/wp\/v2\/users\/2"}],"replies":[{"embeddable":true,"href":"https:\/\/www.ilheusnoticias.net.br\/v1\/wp-json\/wp\/v2\/comments?post=12793"}],"version-history":[{"count":1,"href":"https:\/\/www.ilheusnoticias.net.br\/v1\/wp-json\/wp\/v2\/posts\/12793\/revisions"}],"predecessor-version":[{"id":12794,"href":"https:\/\/www.ilheusnoticias.net.br\/v1\/wp-json\/wp\/v2\/posts\/12793\/revisions\/12794"}],"wp:attachment":[{"href":"https:\/\/www.ilheusnoticias.net.br\/v1\/wp-json\/wp\/v2\/media?parent=12793"}],"wp:term":[{"taxonomy":"category","embeddable":true,"href":"https:\/\/www.ilheusnoticias.net.br\/v1\/wp-json\/wp\/v2\/categories?post=12793"},{"taxonomy":"post_tag","embeddable":true,"href":"https:\/\/www.ilheusnoticias.net.br\/v1\/wp-json\/wp\/v2\/tags?post=12793"}],"curies":[{"name":"wp","href":"https:\/\/api.w.org\/{rel}","templated":true}]}}