{"id":12791,"date":"2018-02-21T10:21:30","date_gmt":"2018-02-21T13:21:30","guid":{"rendered":"http:\/\/www.ilheusnoticias.net.br\/v1\/?p=12791"},"modified":"2018-02-21T10:21:30","modified_gmt":"2018-02-21T13:21:30","slug":"governador-visita-oeste-baiano-e-autoriza-recuperacao-de-estradas","status":"publish","type":"post","link":"https:\/\/www.ilheusnoticias.net.br\/v1\/2018\/02\/21\/governador-visita-oeste-baiano-e-autoriza-recuperacao-de-estradas\/","title":{"rendered":"Governador visita oeste baiano e autoriza recupera\u00e7\u00e3o de estradas"},"content":{"rendered":"<div align=\"center\"><b><a href=\"http:\/\/www.ilheusnoticias.net.br\/v1\/wp-content\/uploads\/2018\/01\/IMG-20180102-WA0065.jpg\" rel=\"attachment wp-att-11513\"><img loading=\"lazy\" class=\"aligncenter size-full wp-image-11513\" src=\"http:\/\/www.ilheusnoticias.net.br\/v1\/wp-content\/uploads\/2018\/01\/IMG-20180102-WA0065.jpg\" alt=\"IMG-20180102-WA0065.jpg\" width=\"512\" height=\"341\" srcset=\"https:\/\/www.ilheusnoticias.net.br\/v1\/wp-content\/uploads\/2018\/01\/IMG-20180102-WA0065.jpg 512w, https:\/\/www.ilheusnoticias.net.br\/v1\/wp-content\/uploads\/2018\/01\/IMG-20180102-WA0065-300x200.jpg 300w\" sizes=\"(max-width: 512px) 100vw, 512px\" \/><\/a><\/b><\/div>\n<p>Conhecendo de perto as necessidades dos munic\u00edpios baianos, o governador Rui Costa far\u00e1 nova visita ao oeste do estado. Nesta sexta-feira, (23), ele embarca para a cidade de Lu\u00eds Eduardo Magalh\u00e3es, munic\u00edpio a 960 quil\u00f4metros da capital baiana e um dos maiores produtores de soja do Brasil. Este m\u00eas, foram cumpridas agendas em outras cidades da regi\u00e3o, como Santa Maria da Vit\u00f3ria, Coribe e S\u00e3o F\u00e9lix do Coribe.<\/p>\n<p>&#8220;Irei, mais uma vez, \u00e0 regi\u00e3o para entregar e autorizar importantes obras. A entrega do Disep [Distrito Integrado de Seguran\u00e7a P\u00fablica] complementa as a\u00e7\u00f5es de seguran\u00e7a do governo em todo o estado. No ano passado, inaugurei a Central do Grupamento A\u00e9reo da PM, em Barreiras, e agora faremos mais essa entrega na \u00e1rea da seguran\u00e7a em Lu\u00eds Eduardo Magalh\u00e3es, onde tamb\u00e9m vou autorizar o in\u00edcio das obras de uma nova escola estadual e assinar ordem de servi\u00e7o, no valor de R$ 89 milh\u00f5es, para a constru\u00e7\u00e3o de estradas no chamado Anel da Soja&#8221;, afirmou Rui durante o\u00a0<a class=\"x_OWAAutoLink\" href=\"https:\/\/www.facebook.com\/ruicostaoficial\/videos\/1244604692338339\/\" target=\"_blank\" rel=\"noopener noreferrer\">#PapoCorreria, transmitido ao vivo pelo Facebook, nesta ter\u00e7a (20)<\/a>.<\/p>\n<p><!--more--><\/p>\n<p>O governador aproveitar\u00e1 a oportunidade para assinar conv\u00eanio com prefeitos de munic\u00edpios do oeste baiano para construir uma policl\u00ednica em Barreiras. O encontro com a popula\u00e7\u00e3o come\u00e7a \u00e0s 9h, com assinaturas de ordem de servi\u00e7o para restaura\u00e7\u00e3o e manuten\u00e7\u00e3o, por per\u00edodo de cinco anos, da Rodovia BA-459. Conhecida como Anel da Soja, esta via \u00e9 um dos principais corredores de escoamento da produ\u00e7\u00e3o do oeste baiano.<\/p>\n<p>Com financiamento do Banco Mundial, o projeto para recupera\u00e7\u00e3o de estradas na regi\u00e3o oeste vai receber um montante de R$ 89 milh\u00f5es, beneficiando 407,45 quil\u00f4metros nas rodovias BA-460, BA-225 e BA-463. Ser\u00e3o contemplados os trechos da BA-459 \u2013 BA-460 (Placas) \u2013 Entroncamento da BA-454; BA-459 \u2013 Entroncamento da BA- 454 \u2013 Entroncamento da BR-242 (Anel da Soja); BA-460 \u2013 Entroncamento da BR-242 (Lu\u00eds Eduardo Magalh\u00e3es) \u2013 BA-459 (Placas); BA-225 &#8211; Formosa do Rio Preto \u2013 COACERAL; e BA-463 &#8211; S\u00e3o Desid\u00e9rio \u2013 Roda Velha (BR.020).<\/p>\n<p>Mais de 1,5 mil ve\u00edculos circulam diariamente por essas rodovias. Al\u00e9m de Lu\u00eds Eduardo Magalh\u00e3es, ser\u00e3o beneficiados cerca de 270 mil habitantes que transitam pelos munic\u00edpios de S\u00e3o Desid\u00e9rio, Catol\u00e2ndia e Barreiras, grandes polos em agricultura e pecu\u00e1ria no estado.<\/p>\n<p><b>Educa\u00e7\u00e3o e seguran\u00e7a<\/b><\/p>\n<p>Ainda na cidade, Rui assina ordem de servi\u00e7o para a constru\u00e7\u00e3o de um pr\u00e9dio escolar, com oito salas de aula, no bairro Jardim das Ac\u00e1cias. A nova unidade ter\u00e1 um investimento de mais de R$ 3,4 milh\u00f5es e vai sediar os col\u00e9gios estaduais Marlei Teresinha Pretto e Maria Ot\u00edlia Lutz. Em seguida, o governador inaugura o Disep, unidade que integra as pol\u00edcias Civil e Militar, facilitando a\u00e7\u00f5es em conjunto.<\/p>\n","protected":false},"excerpt":{"rendered":"<p>Conhecendo de perto as necessidades dos munic\u00edpios baianos, o governador Rui Costa far\u00e1 nova visita ao oeste do estado. Nesta sexta-feira, (23), ele embarca para a cidade de Lu\u00eds Eduardo Magalh\u00e3es, munic\u00edpio a 960 quil\u00f4metros da capital baiana e um dos maiores produtores de soja do Brasil. Este m\u00eas, foram cumpridas agendas em outras cidades [&hellip;]<\/p>\n","protected":false},"author":2,"featured_media":0,"comment_status":"open","ping_status":"open","sticky":false,"template":"","format":"standard","meta":{"_links_to":"","_links_to_target":""},"categories":[7,9,8,1],"tags":[],"_links":{"self":[{"href":"https:\/\/www.ilheusnoticias.net.br\/v1\/wp-json\/wp\/v2\/posts\/12791"}],"collection":[{"href":"https:\/\/www.ilheusnoticias.net.br\/v1\/wp-json\/wp\/v2\/posts"}],"about":[{"href":"https:\/\/www.ilheusnoticias.net.br\/v1\/wp-json\/wp\/v2\/types\/post"}],"author":[{"embeddable":true,"href":"https:\/\/www.ilheusnoticias.net.br\/v1\/wp-json\/wp\/v2\/users\/2"}],"replies":[{"embeddable":true,"href":"https:\/\/www.ilheusnoticias.net.br\/v1\/wp-json\/wp\/v2\/comments?post=12791"}],"version-history":[{"count":1,"href":"https:\/\/www.ilheusnoticias.net.br\/v1\/wp-json\/wp\/v2\/posts\/12791\/revisions"}],"predecessor-version":[{"id":12792,"href":"https:\/\/www.ilheusnoticias.net.br\/v1\/wp-json\/wp\/v2\/posts\/12791\/revisions\/12792"}],"wp:attachment":[{"href":"https:\/\/www.ilheusnoticias.net.br\/v1\/wp-json\/wp\/v2\/media?parent=12791"}],"wp:term":[{"taxonomy":"category","embeddable":true,"href":"https:\/\/www.ilheusnoticias.net.br\/v1\/wp-json\/wp\/v2\/categories?post=12791"},{"taxonomy":"post_tag","embeddable":true,"href":"https:\/\/www.ilheusnoticias.net.br\/v1\/wp-json\/wp\/v2\/tags?post=12791"}],"curies":[{"name":"wp","href":"https:\/\/api.w.org\/{rel}","templated":true}]}}