{"id":12784,"date":"2018-02-21T10:15:46","date_gmt":"2018-02-21T13:15:46","guid":{"rendered":"http:\/\/www.ilheusnoticias.net.br\/v1\/?p=12784"},"modified":"2018-02-21T10:15:46","modified_gmt":"2018-02-21T13:15:46","slug":"na-reabertura-da-camara-prefeito-destaca-saude-e-educacao-como-prioridades-de-2018","status":"publish","type":"post","link":"https:\/\/www.ilheusnoticias.net.br\/v1\/2018\/02\/21\/na-reabertura-da-camara-prefeito-destaca-saude-e-educacao-como-prioridades-de-2018\/","title":{"rendered":"Na reabertura da C\u00e2mara, prefeito destaca  sa\u00fade e educa\u00e7\u00e3o como prioridades de 2018"},"content":{"rendered":"<p><img loading=\"lazy\" class=\"\" src=\"https:\/\/attachment.outlook.office.net\/owa\/laudiceacarvalho62@hotmail.com\/service.svc\/s\/GetAttachmentThumbnail?id=AQMkADAwATYwMAItY2MANTgtODQxNC0wMAItMDAKAEYAAANqOYr2uMN4Qoz6pFp%2FhFoeBwAsxvM0hWqyT6EfSeQ8%2BPgA8AAAAgEMAAAALMbzNIVqsk%2BhH0nkPPj4APAAAW3IQq8AAAABEgAQAF3hdnfqPbJJtWoNNd51FRg%3D&amp;thumbnailType=2&amp;X-OWA-CANARY=XaKQ_lH1m0SkrIumm3BHrsD3oPQsedUYZJg3wb5irYu3v6nVp2OTSjZC9RkpEk-SfErJuScUrhI.&amp;token=eyJ0eXAiOiJKV1QiLCJhbGciOiJSUzI1NiIsIng1dCI6ImVuaDlCSnJWUFU1aWpWMXFqWmpWLWZMMmJjbyJ9.eyJ2ZXIiOiJFeGNoYW5nZS5DYWxsYmFjay5WMSIsImFwcGN0eHNlbmRlciI6Ik93YURvd25sb2FkQDg0ZGY5ZTdmLWU5ZjYtNDBhZi1iNDM1LWFhYWFhYWFhYWFhYSIsImFwcGN0eCI6IntcIm1zZXhjaHByb3RcIjpcIm93YVwiLFwicHJpbWFyeXNpZFwiOlwiUy0xLTI4MjctMzkzMjE2LTM0MjgzNTMwNDRcIixcInB1aWRcIjpcIjE2ODg4NTMyODg2MTY5ODBcIixcIm9pZFwiOlwiMDAwNjAwMDAtY2M1OC04NDE0LTAwMDAtMDAwMDAwMDAwMDAwXCIsXCJzY29wZVwiOlwiT3dhRG93bmxvYWRcIn0iLCJpc3MiOiIwMDAwMDAwMi0wMDAwLTBmZjEtY2UwMC0wMDAwMDAwMDAwMDBAODRkZjllN2YtZTlmNi00MGFmLWI0MzUtYWFhYWFhYWFhYWFhIiwiYXVkIjoiMDAwMDAwMDItMDAwMC0wZmYxLWNlMDAtMDAwMDAwMDAwMDAwL2F0dGFjaG1lbnQub3V0bG9vay5vZmZpY2UubmV0QDg0ZGY5ZTdmLWU5ZjYtNDBhZi1iNDM1LWFhYWFhYWFhYWFhYSIsImV4cCI6MTUxOTIxOTM4MCwibmJmIjoxNTE5MjE4NzgwfQ.kLk8Gt9rBzzIErrPKDP8p8HP_yDGRHpyvcy6-VFOx2vOji1QGQDkazFtcM7hEk9iydKrUeSAISxwZAGKBYAicCjOWJl23ax5Di9JnlQY0xkCK1HTbAeXcknBZjQDiM-hqfQw3Y4Gzhmixwu-HG2azzAtRjHh3z-5S-DV4ev3huJmAFlghRoDJQ5cWqNN51EJKbJPwS2yQn8N40d9ilJdNqbUvxeS8zUkJTMg502c5Jkhgdx_j4azi2vbi_4Zvk87QR91UhCNgeXu1I2N7UHMM2sIOQJoOkuf9xrbsKxOVcrvG85Nk8cDc8UGyFwCNtkIi9U9LF07FroknttoJd2zCg&amp;owa=outlook.live.com&amp;isc=1\" alt=\"\" width=\"353\" height=\"235\" \/><\/p>\n<p class=\"x_MsoNormal\">\n<p class=\"x_MsoNormal\">\n<p class=\"x_MsoNormal\">Ao participar ontem (20) \u00e0 tarde, da reabertura dos trabalhos legislativos, na C\u00e2mara de Vereadores de Ilh\u00e9us, o prefeito M\u00e1rio Alexandre dedicou grande parte do seu discurso para explicar as medidas que vem adotando para a melhoria da qualidade dos servi\u00e7os p\u00fablicos, especialmente nas \u00e1reas de sa\u00fade e educa\u00e7\u00e3o. M\u00e1rio Alexandre disse que neste primeiro ano de gest\u00e3o teve que realizar um processo de reconstru\u00e7\u00e3o da cidade onde, no lugar de postos de sa\u00fade e unidades escolares, encontrou ru\u00ednas e abandono.<\/p>\n<p class=\"x_MsoNormal\">Mas garantiu que, sob o ponto de vista administrativo, a cidade melhorou. \u201cOs pessimistas enxergar\u00e3o dificuldades em cada oportunidade que surgir. Os otimistas, far\u00e3o do momento uma nova hist\u00f3ria e um novo acreditar sobre elas. Por isso, posso garantir a todos voc\u00eas: n\u00e3o foi um ano f\u00e1cil. Mas n\u00e3o foi um ano perdido\u201d, afirmou, citando, ainda, alguns n\u00fameros da realidade financeira no munic\u00edpio.<\/p>\n<p class=\"x_MsoNormal\"><!--more--><\/p>\n<p class=\"x_MsoNormal\"><b>D\u00e9bitos<\/b>\u00a0&#8211; \u201cDurante o exerc\u00edcio de 2017, promovemos junto \u00e0 Secretaria da Receita Federal, a regulariza\u00e7\u00e3o de d\u00e9bitos tribut\u00e1rios deixados pela administra\u00e7\u00e3o anterior, que ultrapassavam o valor de 30 milh\u00f5es de reais. Fizemos a regulariza\u00e7\u00e3o atrav\u00e9s de parcelamentos junto \u00e0 Caixa Econ\u00f4mica Federal dos d\u00e9bitos constantes de FGTS, sofremos incont\u00e1veis sequestros de verba. Nosso governo pagou em d\u00edvidas o valor de 49 milh\u00f5es de reais\u201d, lembrou. De acordo com o prefeito M\u00e1rio Alexandre, com muita dificuldade financeira, foram cumpridos os \u00edndices de educa\u00e7\u00e3o e sa\u00fade, de 25 e 15% respectivamente.<\/p>\n<p class=\"x_MsoNormal\">Na educa\u00e7\u00e3o, os principais avan\u00e7os apontados est\u00e3o na amplia\u00e7\u00e3o de oito mil vagas, do n\u00famero de linhas do transporte escolar e melhoria na qualidade da merenda. Durante o ano passado foram constru\u00eddas as bases para que, agora em 2018, pudessem, desde o in\u00edcio do ano, ser anunciada a reforma de 10 escolas e a constru\u00e7\u00e3o da Escola de Pia\u00e7aveira, que por mais de 25 anos funcionou em um barraco de madeira, sem as m\u00ednimas condi\u00e7\u00f5es de abrigar estudantes na regi\u00e3o do Japu.<\/p>\n<p class=\"x_MsoNormal\"><b>Parceria<\/b>\u00a0&#8211; Na sa\u00fade, disse o prefeito, a parceria estabelecida com o governo do estado, tem sido fundamental para resgatar um dos setores mais afetados da cidade, ap\u00f3s experi\u00eancias desastrosas com gest\u00f5es anteriores \u00e0 atual. \u201cTodos sabem do meu compromisso em melhorar a sa\u00fade p\u00fablica de ilh\u00e9us. Mais que tema permanente de campanha, sou conhecedor da causa e sei quais s\u00e3o os desafios. Mesmo diante de uma estrutura da rede b\u00e1sica destru\u00edda que herdamos, temos avan\u00e7ado. Claro de ainda distante do que queremos e do que deseja o povo de ilh\u00e9us. Mas avan\u00e7amos\u201d, disse.<\/p>\n<p class=\"x_MsoNormal\">O prefeito destacou as alternativas que est\u00e3o sendo criadas para atender a demanda da popula\u00e7\u00e3o, a exemplo dos Pontos de Atendimento 24 horas do centro (Hospital S\u00e3o Jos\u00e9), zona sul (antiga Climedi) e Malhado (Coci). Disse, tamb\u00e9m, que em breve a Policl\u00ednica da Conquista passar\u00e1 a oferecer o servi\u00e7o 24 horas. Para tanto, passar\u00e1 por adequa\u00e7\u00f5es f\u00edsicas.<\/p>\n<p class=\"x_MsoNormal\"><b>Ajustes<\/b>\u00a0&#8211; Um aporte financeiro de 15 milh\u00f5es de investimentos na sa\u00fade ser\u00e1 dado pelo governo do estado para a recupera\u00e7\u00e3o da rede b\u00e1sica, reforma do Hospital Regional, que ser\u00e1 transformado em um Hospital Materno-Infantil de alta complexidade e recupera\u00e7\u00e3o das unidades b\u00e1sicas de sa\u00fade. \u201cO Hospital Costa do Cacau, inaugurado pelo governo da Bahia, \u00e9, sem d\u00favida, um dos equipamentos mais modernos do estado. H\u00e1 ainda limita\u00e7\u00f5es de funcionamento? H\u00e1. Mas elas ser\u00e3o superadas. O xadrez est\u00e1 sendo ajustado para que, muito em breve, tenhamos uma sa\u00fade de qualidade e de excel\u00eancia, como \u00e9 a minha determina\u00e7\u00e3o\u201d, assegurou.<\/p>\n<p class=\"x_MsoNormal\">\u201cSenhores vereadores. Seguirei convicto de que neste primeiro ano de gest\u00e3o, cumpri com lealdade os princ\u00edpios\u00a0da legalidade, moralidade, impessoalidade, publicidade, efici\u00eancia e razoabilidade. Ilh\u00e9us agora tem um norte. Vamos seguir em frente. Para frente. Fortalecidos pelo apoio desta casa, com o carinho e o respeito da popula\u00e7\u00e3o e com f\u00e9 em Deus, ao final da nossa gest\u00e3o, que encaro como a mais importante jornada da minha vida, entregaremos uma cidade mais justa, menos desigual e mais cidad\u00e3\u201d, finalizou o prefeito.<\/p>\n<p class=\"x_MsoNormal\">\n<p class=\"x_MsoNormal\">\n","protected":false},"excerpt":{"rendered":"<p>Ao participar ontem (20) \u00e0 tarde, da reabertura dos trabalhos legislativos, na C\u00e2mara de Vereadores de Ilh\u00e9us, o prefeito M\u00e1rio Alexandre dedicou grande parte do seu discurso para explicar as medidas que vem adotando para a melhoria da qualidade dos servi\u00e7os p\u00fablicos, especialmente nas \u00e1reas de sa\u00fade e educa\u00e7\u00e3o. M\u00e1rio Alexandre disse que neste primeiro [&hellip;]<\/p>\n","protected":false},"author":2,"featured_media":0,"comment_status":"open","ping_status":"open","sticky":false,"template":"","format":"standard","meta":{"_links_to":"","_links_to_target":""},"categories":[7,9,8,1],"tags":[],"_links":{"self":[{"href":"https:\/\/www.ilheusnoticias.net.br\/v1\/wp-json\/wp\/v2\/posts\/12784"}],"collection":[{"href":"https:\/\/www.ilheusnoticias.net.br\/v1\/wp-json\/wp\/v2\/posts"}],"about":[{"href":"https:\/\/www.ilheusnoticias.net.br\/v1\/wp-json\/wp\/v2\/types\/post"}],"author":[{"embeddable":true,"href":"https:\/\/www.ilheusnoticias.net.br\/v1\/wp-json\/wp\/v2\/users\/2"}],"replies":[{"embeddable":true,"href":"https:\/\/www.ilheusnoticias.net.br\/v1\/wp-json\/wp\/v2\/comments?post=12784"}],"version-history":[{"count":1,"href":"https:\/\/www.ilheusnoticias.net.br\/v1\/wp-json\/wp\/v2\/posts\/12784\/revisions"}],"predecessor-version":[{"id":12785,"href":"https:\/\/www.ilheusnoticias.net.br\/v1\/wp-json\/wp\/v2\/posts\/12784\/revisions\/12785"}],"wp:attachment":[{"href":"https:\/\/www.ilheusnoticias.net.br\/v1\/wp-json\/wp\/v2\/media?parent=12784"}],"wp:term":[{"taxonomy":"category","embeddable":true,"href":"https:\/\/www.ilheusnoticias.net.br\/v1\/wp-json\/wp\/v2\/categories?post=12784"},{"taxonomy":"post_tag","embeddable":true,"href":"https:\/\/www.ilheusnoticias.net.br\/v1\/wp-json\/wp\/v2\/tags?post=12784"}],"curies":[{"name":"wp","href":"https:\/\/api.w.org\/{rel}","templated":true}]}}