{"id":12775,"date":"2018-02-20T15:06:39","date_gmt":"2018-02-20T18:06:39","guid":{"rendered":"http:\/\/www.ilheusnoticias.net.br\/v1\/?p=12775"},"modified":"2018-02-20T15:06:39","modified_gmt":"2018-02-20T18:06:39","slug":"rui-anuncia-novas-oportunidades-para-a-juventude-no-papocorreria","status":"publish","type":"post","link":"https:\/\/www.ilheusnoticias.net.br\/v1\/2018\/02\/20\/rui-anuncia-novas-oportunidades-para-a-juventude-no-papocorreria\/","title":{"rendered":"Rui anuncia novas oportunidades para a juventude no #PapoCorreria"},"content":{"rendered":"<p><a href=\"http:\/\/www.ilheusnoticias.net.br\/v1\/wp-content\/uploads\/2018\/01\/IMG-20180102-WA0065.jpg\" rel=\"attachment wp-att-11513\"><img loading=\"lazy\" class=\"aligncenter size-full wp-image-11513\" src=\"http:\/\/www.ilheusnoticias.net.br\/v1\/wp-content\/uploads\/2018\/01\/IMG-20180102-WA0065.jpg\" alt=\"IMG-20180102-WA0065.jpg\" width=\"512\" height=\"341\" srcset=\"https:\/\/www.ilheusnoticias.net.br\/v1\/wp-content\/uploads\/2018\/01\/IMG-20180102-WA0065.jpg 512w, https:\/\/www.ilheusnoticias.net.br\/v1\/wp-content\/uploads\/2018\/01\/IMG-20180102-WA0065-300x200.jpg 300w\" sizes=\"(max-width: 512px) 100vw, 512px\" \/><\/a><\/p>\n<p>O governador Rui Costa vai anunciar novas oportunidades para a juventude baiana, nesta ter\u00e7a-feira (20), em mais uma edi\u00e7\u00e3o do #PapoCorreria, que come\u00e7a a partir das 12h, no perfil oficial do governador no Facebook. Entre os convidados de hoje, est\u00e3o os secret\u00e1rios estaduais da Educa\u00e7\u00e3o, Walter Pinheiro, que vai falar sobre o Projeto Inova Escola, implantado nesta ter\u00e7a, em Salvador; e de Desenvolvimento Rural, Jer\u00f4nimo Rodrigues, para tratar de temas referentes \u00e0 agricultura familiar, entre outros assuntos.<\/p>\n<p>O maestro da Orquestra Sinf\u00f4nica da Bahia (Osba), Carlos Prazeres, que inicia turn\u00ea pelo interior da Bahia esta semana, tamb\u00e9m participa do programa. O #PapoCorreria chega \u00e0 20\u00aa edi\u00e7\u00e3o e tem como objetivo assegurar transpar\u00eancia na gest\u00e3o p\u00fablica e esclarecer d\u00favidas da popula\u00e7\u00e3o por meio do di\u00e1logo direto com o governador do estado.<\/p>\n<p><span style=\"color: #4b4f56; font-family: Helvetica, Arial, sans-serif; font-size: 12px; white-space: pre-wrap; background-color: #f1f0f0;\">\u00a0<\/span><\/p>\n","protected":false},"excerpt":{"rendered":"<p>O governador Rui Costa vai anunciar novas oportunidades para a juventude baiana, nesta ter\u00e7a-feira (20), em mais uma edi\u00e7\u00e3o do #PapoCorreria, que come\u00e7a a partir das 12h, no perfil oficial do governador no Facebook. Entre os convidados de hoje, est\u00e3o os secret\u00e1rios estaduais da Educa\u00e7\u00e3o, Walter Pinheiro, que vai falar sobre o Projeto Inova Escola, [&hellip;]<\/p>\n","protected":false},"author":2,"featured_media":0,"comment_status":"open","ping_status":"open","sticky":false,"template":"","format":"standard","meta":{"_links_to":"","_links_to_target":""},"categories":[7,9,8,1],"tags":[],"_links":{"self":[{"href":"https:\/\/www.ilheusnoticias.net.br\/v1\/wp-json\/wp\/v2\/posts\/12775"}],"collection":[{"href":"https:\/\/www.ilheusnoticias.net.br\/v1\/wp-json\/wp\/v2\/posts"}],"about":[{"href":"https:\/\/www.ilheusnoticias.net.br\/v1\/wp-json\/wp\/v2\/types\/post"}],"author":[{"embeddable":true,"href":"https:\/\/www.ilheusnoticias.net.br\/v1\/wp-json\/wp\/v2\/users\/2"}],"replies":[{"embeddable":true,"href":"https:\/\/www.ilheusnoticias.net.br\/v1\/wp-json\/wp\/v2\/comments?post=12775"}],"version-history":[{"count":1,"href":"https:\/\/www.ilheusnoticias.net.br\/v1\/wp-json\/wp\/v2\/posts\/12775\/revisions"}],"predecessor-version":[{"id":12776,"href":"https:\/\/www.ilheusnoticias.net.br\/v1\/wp-json\/wp\/v2\/posts\/12775\/revisions\/12776"}],"wp:attachment":[{"href":"https:\/\/www.ilheusnoticias.net.br\/v1\/wp-json\/wp\/v2\/media?parent=12775"}],"wp:term":[{"taxonomy":"category","embeddable":true,"href":"https:\/\/www.ilheusnoticias.net.br\/v1\/wp-json\/wp\/v2\/categories?post=12775"},{"taxonomy":"post_tag","embeddable":true,"href":"https:\/\/www.ilheusnoticias.net.br\/v1\/wp-json\/wp\/v2\/tags?post=12775"}],"curies":[{"name":"wp","href":"https:\/\/api.w.org\/{rel}","templated":true}]}}