{"id":12767,"date":"2018-02-20T13:02:27","date_gmt":"2018-02-20T16:02:27","guid":{"rendered":"http:\/\/www.ilheusnoticias.net.br\/v1\/?p=12767"},"modified":"2018-02-20T13:02:27","modified_gmt":"2018-02-20T16:02:27","slug":"rui-anuncia-novas-oportunidades-para-a-juventude-no-papocorreriav","status":"publish","type":"post","link":"https:\/\/www.ilheusnoticias.net.br\/v1\/2018\/02\/20\/rui-anuncia-novas-oportunidades-para-a-juventude-no-papocorreriav\/","title":{"rendered":"Rui anuncia novas oportunidades para a juventude no #PapoCorreriav"},"content":{"rendered":"<p>O governador Rui Costa vai anunciar novas oportunidades para a juventude baiana, nesta ter\u00e7a-feira (20), em mais uma edi\u00e7\u00e3o do #PapoCorreria, que come\u00e7a a partir das 12h, no\u00a0<a class=\"x_OWAAutoLink\" href=\"https:\/\/eur01.safelinks.protection.outlook.com\/?url=https%3A%2F%2Fwww.facebook.com%2Fruicostaoficial&amp;data=02%7C01%7C%7C7340593c5ed24f506fd608d5785eb733%7C84df9e7fe9f640afb435aaaaaaaaaaaa%7C1%7C0%7C636547270570578218&amp;sdata=CeyJOIRWTj16LLpggYTybauGm7haVivH5Usin93W%2Baw%3D&amp;reserved=0\" target=\"_blank\" rel=\"noopener noreferrer\"><b>perfil oficial do governador no Facebook<\/b><\/a>.<\/p>\n<p>Entre os convidados de hoje, est\u00e3o os secret\u00e1rios estaduais da Educa\u00e7\u00e3o, Walter Pinheiro, que vai falar sobre o Projeto Inova Escola, implantado nesta ter\u00e7a, em Salvador; e de Desenvolvimento Rural, Jer\u00f4nimo Rodrigues, para tratar de temas referentes \u00e0 agricultura familiar, entre outros assuntos. O maestro da Orquestra Sinf\u00f4nica da Bahia (Osba), Carlos Prazeres, que inicia turn\u00ea pelo interior da Bahia esta semana, tamb\u00e9m participa do programa.<\/p>\n<p>O #PapoCorreria chega \u00e0 20\u00aa edi\u00e7\u00e3o e tem como objetivo assegurar transpar\u00eancia na gest\u00e3o p\u00fablica e esclarecer d\u00favidas da popula\u00e7\u00e3o por meio do di\u00e1logo direto com o governador do estado.v<\/p>\n","protected":false},"excerpt":{"rendered":"<p>O governador Rui Costa vai anunciar novas oportunidades para a juventude baiana, nesta ter\u00e7a-feira (20), em mais uma edi\u00e7\u00e3o do #PapoCorreria, que come\u00e7a a partir das 12h, no\u00a0perfil oficial do governador no Facebook. Entre os convidados de hoje, est\u00e3o os secret\u00e1rios estaduais da Educa\u00e7\u00e3o, Walter Pinheiro, que vai falar sobre o Projeto Inova Escola, implantado [&hellip;]<\/p>\n","protected":false},"author":2,"featured_media":0,"comment_status":"open","ping_status":"open","sticky":false,"template":"","format":"standard","meta":{"_links_to":"","_links_to_target":""},"categories":[7,9,8,1],"tags":[],"_links":{"self":[{"href":"https:\/\/www.ilheusnoticias.net.br\/v1\/wp-json\/wp\/v2\/posts\/12767"}],"collection":[{"href":"https:\/\/www.ilheusnoticias.net.br\/v1\/wp-json\/wp\/v2\/posts"}],"about":[{"href":"https:\/\/www.ilheusnoticias.net.br\/v1\/wp-json\/wp\/v2\/types\/post"}],"author":[{"embeddable":true,"href":"https:\/\/www.ilheusnoticias.net.br\/v1\/wp-json\/wp\/v2\/users\/2"}],"replies":[{"embeddable":true,"href":"https:\/\/www.ilheusnoticias.net.br\/v1\/wp-json\/wp\/v2\/comments?post=12767"}],"version-history":[{"count":1,"href":"https:\/\/www.ilheusnoticias.net.br\/v1\/wp-json\/wp\/v2\/posts\/12767\/revisions"}],"predecessor-version":[{"id":12768,"href":"https:\/\/www.ilheusnoticias.net.br\/v1\/wp-json\/wp\/v2\/posts\/12767\/revisions\/12768"}],"wp:attachment":[{"href":"https:\/\/www.ilheusnoticias.net.br\/v1\/wp-json\/wp\/v2\/media?parent=12767"}],"wp:term":[{"taxonomy":"category","embeddable":true,"href":"https:\/\/www.ilheusnoticias.net.br\/v1\/wp-json\/wp\/v2\/categories?post=12767"},{"taxonomy":"post_tag","embeddable":true,"href":"https:\/\/www.ilheusnoticias.net.br\/v1\/wp-json\/wp\/v2\/tags?post=12767"}],"curies":[{"name":"wp","href":"https:\/\/api.w.org\/{rel}","templated":true}]}}