{"id":12765,"date":"2018-02-20T13:00:33","date_gmt":"2018-02-20T16:00:33","guid":{"rendered":"http:\/\/www.ilheusnoticias.net.br\/v1\/?p=12765"},"modified":"2018-02-20T13:00:33","modified_gmt":"2018-02-20T16:00:33","slug":"nova-diretoria-da-codeba-fala-em-melhoria-para-o-porto-e-nova-licitacao-para-o-moinho","status":"publish","type":"post","link":"https:\/\/www.ilheusnoticias.net.br\/v1\/2018\/02\/20\/nova-diretoria-da-codeba-fala-em-melhoria-para-o-porto-e-nova-licitacao-para-o-moinho\/","title":{"rendered":"Nova diretoria da Codeba fala em melhoria para o porto e nova licita\u00e7\u00e3o para o moinho"},"content":{"rendered":"<p class=\"x_gmail-xmsonormal\" align=\"center\">\n<p class=\"x_gmail-xmsonormal\">\u00c9 prioridade da Companhia Docas do Estado da Bahia (Codeba) a execu\u00e7\u00e3o de servi\u00e7os de dragagem, de aprofundamento e de revitaliza\u00e7\u00e3o da estrutura portu\u00e1ria de Ilh\u00e9us, visando tornar o porto de Malhado mais competitivo. O an\u00fancio foi feito ontem (19), pelo novo presidente da Codeba, Rondon Brand\u00e3o do Vale, durante encontro mantido entre a nova diretoria da companhia e o vice-prefeito Jos\u00e9 Nazal, no Centro Administrativo da Conquista.<\/p>\n<p class=\"x_gmail-xmsonormal\">Segundo Rondon do Vale, atualmente, os navios est\u00e3o entrando e saindo com dificuldades no Porto de Malhado, pois a profundidade est\u00e1 em torno de nove metros. A meta \u00e9, com o investimento, dobrar este n\u00edvel de profundidade. O vice-prefeito de Ilh\u00e9us, que tamb\u00e9m ocupa a secretaria municipal de Planejamento e Desenvolvimento Sustent\u00e1vel, destacou a import\u00e2ncia do Porto de Malhado para a economia baiana. \u201cIlh\u00e9us est\u00e1 em uma posi\u00e7\u00e3o estrat\u00e9gica para o atendimento da demanda das regi\u00f5es sul e oeste do Estado, bem como norte de Minas Gerais\u201d, lembrou.<\/p>\n<p class=\"x_gmail-xmsonormal\"><!--more--><\/p>\n<p class=\"x_gmail-xmsonormal\">\u201cO porto \u00e9 respons\u00e1vel tamb\u00e9m pela gera\u00e7\u00e3o de empregos e renda na regi\u00e3o e um fator que n\u00e3o pode ser esquecido \u00e9 que \u00e9 um equipamento vi\u00e1vel pela possibilidade de acesso de insumos e escoamento da produ\u00e7\u00e3o por via mar\u00edtima. Outro aspecto importante s\u00e3o os milhares de turistas que os transatl\u00e2nticos trazem, se posicionando como um dos maiores vetores do turismo da cidade\u201d, frisou Nazal.<\/p>\n<p class=\"x_gmail-xmsonormal\">Nos \u00faltimos meses, o Porto de Malhado recebeu investimentos com obras de recupera\u00e7\u00e3o estrutural nos dois armaz\u00e9ns e na recupera\u00e7\u00e3o dos equipamentos destinados ao escoamento de gr\u00e3os. Os incentivos resultaram em retomada das exporta\u00e7\u00f5es de min\u00e9rio de ferro, opera\u00e7\u00f5es de trigo em gr\u00e3os e de madeira, al\u00e9m de soja e cacau.<\/p>\n<p class=\"x_gmail-xmsonormal\">Somam-se a isso aos esfor\u00e7os pela reativa\u00e7\u00e3o do antigo Moinho de Ilh\u00e9us e o arrendamento de \u00e1reas do Porto Antigo de Ilh\u00e9us, bem como atrair novas cargas para garantir dinamismo. \u201cEstamos fazendo estudos e pesquisas para ainda este ano licitar o moinho e faz\u00ea-lo funcionar de novo\u201d, garantiu.<\/p>\n<p class=\"x_gmail-xmsonormal\">O Porto de Malhado, em Ilh\u00e9us, apresentou incremento de 15 por cento em 2017, quando comparado ao ano anterior, registrando a exporta\u00e7\u00e3o e importa\u00e7\u00e3o de 255 milh\u00f5es de toneladas de produtos. Contribu\u00edram para este resultado as movimenta\u00e7\u00f5es da am\u00eandoa do cacau e min\u00e9rio de Magnesita.<\/p>\n<p class=\"x_MsoNormal\">Do encontro, participou tamb\u00e9m a diretoria executiva da companhia, formada pelos titulares de Gest\u00e3o Administrativa e Financeira, Erian\u00edsio Borges; de Infraestrutura e Gest\u00e3o Portu\u00e1ria, Carlos Taboada; de Gest\u00e3o Comercial e de Desenvolvimento, Marise Chastinet. Eles estavam acompanhados da gerente do Porto de Ilh\u00e9us, B\u00e1rbara Laudano e da assessora de Comunica\u00e7\u00e3o, Rosilane Barbosa. O encontro faz parte de uma agenda de visitas \u00e0s cidades que possuem atividade portu\u00e1ria, al\u00e9m de estreitar la\u00e7os de parceria com as gest\u00f5es municipais.<\/p>\n<p class=\"x_gmail-xmsonormal\"><b>Investimentos em 2017<\/b>\u00a0\u2013 No Porto de Ilh\u00e9us foram realizados investimentos com obras de recupera\u00e7\u00e3o estrutural nos dois armaz\u00e9ns e na recupera\u00e7\u00e3o dos equipamentos destinados ao escoamento de gr\u00e3os. Os incentivos resultaram em retomada das exporta\u00e7\u00f5es de min\u00e9rio de ferro, opera\u00e7\u00f5es de trigo em gr\u00e3os e de madeira, al\u00e9m de soja e cacau. Somam-se a isso aos esfor\u00e7os da reativa\u00e7\u00e3o do antigo Moinho de Ilh\u00e9us e arrendar \u00e1reas do Porto Antigo de Ilh\u00e9us, bem como atrair novas cargas para garantir dinamismo.<\/p>\n<p class=\"x_gmail-xmsonormal\">O Porto de Ilh\u00e9us apresentou incremento de 15 por cento, quando compara ao ano anterior, registrando 255 milh\u00f5es de toneladas. Contribu\u00edram para este resultado as movimenta\u00e7\u00f5es da am\u00eandoa do cacau e min\u00e9rio de Magnesita.<\/p>\n","protected":false},"excerpt":{"rendered":"<p>\u00c9 prioridade da Companhia Docas do Estado da Bahia (Codeba) a execu\u00e7\u00e3o de servi\u00e7os de dragagem, de aprofundamento e de revitaliza\u00e7\u00e3o da estrutura portu\u00e1ria de Ilh\u00e9us, visando tornar o porto de Malhado mais competitivo. O an\u00fancio foi feito ontem (19), pelo novo presidente da Codeba, Rondon Brand\u00e3o do Vale, durante encontro mantido entre a nova [&hellip;]<\/p>\n","protected":false},"author":2,"featured_media":0,"comment_status":"open","ping_status":"open","sticky":false,"template":"","format":"standard","meta":{"_links_to":"","_links_to_target":""},"categories":[7,9,8,1],"tags":[],"_links":{"self":[{"href":"https:\/\/www.ilheusnoticias.net.br\/v1\/wp-json\/wp\/v2\/posts\/12765"}],"collection":[{"href":"https:\/\/www.ilheusnoticias.net.br\/v1\/wp-json\/wp\/v2\/posts"}],"about":[{"href":"https:\/\/www.ilheusnoticias.net.br\/v1\/wp-json\/wp\/v2\/types\/post"}],"author":[{"embeddable":true,"href":"https:\/\/www.ilheusnoticias.net.br\/v1\/wp-json\/wp\/v2\/users\/2"}],"replies":[{"embeddable":true,"href":"https:\/\/www.ilheusnoticias.net.br\/v1\/wp-json\/wp\/v2\/comments?post=12765"}],"version-history":[{"count":1,"href":"https:\/\/www.ilheusnoticias.net.br\/v1\/wp-json\/wp\/v2\/posts\/12765\/revisions"}],"predecessor-version":[{"id":12766,"href":"https:\/\/www.ilheusnoticias.net.br\/v1\/wp-json\/wp\/v2\/posts\/12765\/revisions\/12766"}],"wp:attachment":[{"href":"https:\/\/www.ilheusnoticias.net.br\/v1\/wp-json\/wp\/v2\/media?parent=12765"}],"wp:term":[{"taxonomy":"category","embeddable":true,"href":"https:\/\/www.ilheusnoticias.net.br\/v1\/wp-json\/wp\/v2\/categories?post=12765"},{"taxonomy":"post_tag","embeddable":true,"href":"https:\/\/www.ilheusnoticias.net.br\/v1\/wp-json\/wp\/v2\/tags?post=12765"}],"curies":[{"name":"wp","href":"https:\/\/api.w.org\/{rel}","templated":true}]}}