{"id":12753,"date":"2018-02-19T18:16:11","date_gmt":"2018-02-19T21:16:11","guid":{"rendered":"http:\/\/www.ilheusnoticias.net.br\/v1\/?p=12753"},"modified":"2018-02-19T18:41:01","modified_gmt":"2018-02-19T21:41:01","slug":"acidente-grave-agora-a-pouco-na-br-101-perto-de-camacan-tira-a-vida-de-jovem-itabunense","status":"publish","type":"post","link":"https:\/\/www.ilheusnoticias.net.br\/v1\/2018\/02\/19\/acidente-grave-agora-a-pouco-na-br-101-perto-de-camacan-tira-a-vida-de-jovem-itabunense\/","title":{"rendered":"Acidente grave agora \u00e0 pouco na BR 101 , perto de Camacan tira a vida de jovem Itabunense"},"content":{"rendered":"<p><a href=\"http:\/\/www.ilheusnoticias.net.br\/v1\/wp-content\/uploads\/2018\/02\/luto.jpg\" rel=\"attachment wp-att-12760\"><img loading=\"lazy\" class=\"aligncenter size-full wp-image-12760\" src=\"http:\/\/www.ilheusnoticias.net.br\/v1\/wp-content\/uploads\/2018\/02\/luto.jpg\" alt=\"luto\" width=\"541\" height=\"960\" srcset=\"https:\/\/www.ilheusnoticias.net.br\/v1\/wp-content\/uploads\/2018\/02\/luto.jpg 541w, https:\/\/www.ilheusnoticias.net.br\/v1\/wp-content\/uploads\/2018\/02\/luto-169x300.jpg 169w\" sizes=\"(max-width: 541px) 100vw, 541px\" \/><\/a><\/p>\n<p>&nbsp;<\/p>\n<p>&nbsp;<\/p>\n<p>&nbsp;<\/p>\n<p><a href=\"http:\/\/www.ilheusnoticias.net.br\/v1\/wp-content\/uploads\/2018\/02\/morto-2.jpg\" rel=\"attachment wp-att-12755\"><img loading=\"lazy\" class=\"aligncenter wp-image-12755\" src=\"http:\/\/www.ilheusnoticias.net.br\/v1\/wp-content\/uploads\/2018\/02\/morto-2.jpg\" alt=\"morto 2\" width=\"478\" height=\"637\" srcset=\"https:\/\/www.ilheusnoticias.net.br\/v1\/wp-content\/uploads\/2018\/02\/morto-2.jpg 720w, https:\/\/www.ilheusnoticias.net.br\/v1\/wp-content\/uploads\/2018\/02\/morto-2-225x300.jpg 225w\" sizes=\"(max-width: 478px) 100vw, 478px\" \/><\/a><\/p>\n<p>Ocorrido por volta das 16h30min, um grave acidente na BR 101, ceifou a vida de um jovem itabunense , bastante conhecido, e era da mesma fam\u00edlia do dono da Boate Green, em Itabuna. Ele estava a trabalho e conduzia um dos carros envolvidos . Novas informa\u00e7\u00f5es a qualquer instante.<\/p>\n<p><img loading=\"lazy\" class=\"\" src=\"https:\/\/scontent.fvdc1-1.fna.fbcdn.net\/v\/t34.0-12\/28176230_1432280120216045_1330214050_n.jpg?oh=783c5936bfe68cbc1aa1c09e9632eadf&amp;oe=5A8CDC23\" alt=\"\" width=\"383\" height=\"511\" \/><\/p>\n<p><img loading=\"lazy\" class=\"\" src=\"https:\/\/scontent.fvdc1-1.fna.fbcdn.net\/v\/t34.0-12\/28176408_1432280113549379_850114300_n.jpg?oh=b82724813b279cb200a9a6281bbd9c4e&amp;oe=5A8DFA85\" alt=\"\" width=\"381\" height=\"508\" \/><\/p>\n<p>&nbsp;<\/p>\n","protected":false},"excerpt":{"rendered":"<p>&nbsp; &nbsp; &nbsp; Ocorrido por volta das 16h30min, um grave acidente na BR 101, ceifou a vida de um jovem itabunense , bastante conhecido, e era da mesma fam\u00edlia do dono da Boate Green, em Itabuna. Ele estava a trabalho e conduzia um dos carros envolvidos . Novas informa\u00e7\u00f5es a qualquer instante. &nbsp;<\/p>\n","protected":false},"author":2,"featured_media":0,"comment_status":"open","ping_status":"open","sticky":false,"template":"","format":"standard","meta":{"_links_to":"","_links_to_target":""},"categories":[7,9,8,1],"tags":[],"_links":{"self":[{"href":"https:\/\/www.ilheusnoticias.net.br\/v1\/wp-json\/wp\/v2\/posts\/12753"}],"collection":[{"href":"https:\/\/www.ilheusnoticias.net.br\/v1\/wp-json\/wp\/v2\/posts"}],"about":[{"href":"https:\/\/www.ilheusnoticias.net.br\/v1\/wp-json\/wp\/v2\/types\/post"}],"author":[{"embeddable":true,"href":"https:\/\/www.ilheusnoticias.net.br\/v1\/wp-json\/wp\/v2\/users\/2"}],"replies":[{"embeddable":true,"href":"https:\/\/www.ilheusnoticias.net.br\/v1\/wp-json\/wp\/v2\/comments?post=12753"}],"version-history":[{"count":5,"href":"https:\/\/www.ilheusnoticias.net.br\/v1\/wp-json\/wp\/v2\/posts\/12753\/revisions"}],"predecessor-version":[{"id":12761,"href":"https:\/\/www.ilheusnoticias.net.br\/v1\/wp-json\/wp\/v2\/posts\/12753\/revisions\/12761"}],"wp:attachment":[{"href":"https:\/\/www.ilheusnoticias.net.br\/v1\/wp-json\/wp\/v2\/media?parent=12753"}],"wp:term":[{"taxonomy":"category","embeddable":true,"href":"https:\/\/www.ilheusnoticias.net.br\/v1\/wp-json\/wp\/v2\/categories?post=12753"},{"taxonomy":"post_tag","embeddable":true,"href":"https:\/\/www.ilheusnoticias.net.br\/v1\/wp-json\/wp\/v2\/tags?post=12753"}],"curies":[{"name":"wp","href":"https:\/\/api.w.org\/{rel}","templated":true}]}}