{"id":12742,"date":"2018-02-19T15:42:00","date_gmt":"2018-02-19T18:42:00","guid":{"rendered":"http:\/\/www.ilheusnoticias.net.br\/v1\/?p=12742"},"modified":"2018-02-19T15:42:00","modified_gmt":"2018-02-19T18:42:00","slug":"suspeito-de-estuprar-crianca-de-4-anos-e-preso-apos-tentar-matar-pai-de-vitima-na-ba","status":"publish","type":"post","link":"https:\/\/www.ilheusnoticias.net.br\/v1\/2018\/02\/19\/suspeito-de-estuprar-crianca-de-4-anos-e-preso-apos-tentar-matar-pai-de-vitima-na-ba\/","title":{"rendered":"Suspeito de estuprar crian\u00e7a de 4 anos \u00e9 preso ap\u00f3s tentar matar pai de v\u00edtima na BA"},"content":{"rendered":"<div class=\"row content-head\"><\/div>\n<div class=\"row content-share-bar\">\n<div class=\"column medium-centered medium-22 large-20 content-share-bar__container\">\n<div id=\"share-bar\" class=\"share-bar share-bar-container share-theme-minimal share-bar-container share-theme-minimal\" data-url=\"https:\/\/g1.globo.com\/bahia\/noticia\/suspeito-de-estuprar-crianca-de-4-anos-e-preso-apos-tentar-matar-pai-de-vitima-na-ba.ghtml\" data-title=\"Suspeito de estuprar crian\u00e7a de 4 anos \u00e9 preso ap\u00f3s tentar matar pai de v\u00edtima na BA\" data-image-url=\"https:\/\/s2.glbimg.com\/Y_dr598AvC6jwHYaz5LalWrYPik=\/1200x\/smart\/filters:cover():strip_icc()\/i.s3.glbimg.com\/v1\/AUTH_59edd422c0c84a879bd37670ae4f538a\/internal_photos\/bs\/2017\/k\/a\/raBxlxT0SmBzjaA3kyWg\/suspeito-11.jpg\"><\/div>\n<\/div>\n<\/div>\n<div class=\"mc-article-body\">\n<article>\n<div class=\"mc-column content-media content-media--normal  content-photo\" data-block-type=\"backstage-photo\" data-block-id=\"0\">\n<div class=\"content-media__container\">\n<div class=\"content-media__image-centered\">\n<div class=\"progressive-img can-open-lightbox\" data-min-size=\"1008x868\" data-min-size-url=\"https:\/\/s2.glbimg.com\/XnRi-HtF-0RocFJ9_0BLZ8tXZ-o=\/0x0:720x620\/1008x0\/smart\/filters:strip_icc()\/i.s3.glbimg.com\/v1\/AUTH_59edd422c0c84a879bd37670ae4f538a\/internal_photos\/bs\/2017\/k\/a\/raBxlxT0SmBzjaA3kyWg\/suspeito-11.jpg\" data-max-size=\"1600x1377\" data-max-size-url=\"https:\/\/s2.glbimg.com\/9adoCUwTrzGgaCxkzMpXkHn_ZhA=\/0x0:720x620\/1600x0\/smart\/filters:strip_icc()\/i.s3.glbimg.com\/v1\/AUTH_59edd422c0c84a879bd37670ae4f538a\/internal_photos\/bs\/2017\/k\/a\/raBxlxT0SmBzjaA3kyWg\/suspeito-11.jpg\" data-media-index=\"0\"><img class=\"progressive-draft\" title=\"Suspeito foi preso ap\u00f3s dar entrada em hospital ferido pelo pai da crian\u00e7a na BA (Foto: Divulga\u00e7\u00e3o\/Pol\u00edcia Civil)\" src=\"data:image\/jpeg;base64,\/9j\/4AAQSkZJRgABAQAAAQABAAD\/2wBDAAMCAgMCAgMDAwMEAwMEBQgFBQQEBQoHBwYIDAoMDAsKCwsNDhIQDQ4RDgsLEBYQERMUFRUVDA8XGBYUGBIUFRT\/2wBDAQMEBAUEBQkFBQkUDQsNFBQUFBQUFBQUFBQUFBQUFBQUFBQUFBQUFBQUFBQUFBQUFBQUFBQUFBQUFBQUFBQUFBT\/wgARCAAWABkDASIAAhEBAxEB\/8QAGgAAAgMBAQAAAAAAAAAAAAAAAAcDBQYBAv\/EABgBAAIDAAAAAAAAAAAAAAAAAAQGAwUH\/9oADAMBAAIQAxAAAAFRM6m1RkS6q+Tva9uvAZ6xueYDKb\/\/xAAeEAACAgICAwAAAAAAAAAAAAACBAEDAAUGFRETFP\/aAAgBAQABBQJXz7auGaq1B4YOn5Kc1WvCvLlxELwOH+pjHQYVvg5cvSoXUHp9bn\/\/xAAdEQABBAIDAAAAAAAAAAAAAAABAAIDBAURIjFR\/9oACAEDAQE\/AcfEDAHeq0NSuAKo8K7tIgHtf\/\/EAB8RAAEDBAMBAAAAAAAAAAAAAAEAAgQDBRJRETFBwf\/aAAgBAgEBPwG\/SC+aRrhW0lkSnmfFdDnIYXa+lNqPb0V\/\/8QAKBAAAgEDAgILAAAAAAAAAAAAAQIDABESITFBUQQiIzRSYYGRkuHi\/9oACAEBAAY\/AhEo603ZhvDzPtRYK+m8mZDUkIbN4Xwy9K+6RnXXnfhWEb2j8jptUsYkxS+V9uFfio48lKBrXFRRoArE7mkC9Fh+AvXc46\/\/xAAiEAEAAgEDAwUAAAAAAAAAAAABABExIUFRYZHRgaGxwfH\/2gAIAQEAAT8hTRAqB0Pkd5eVDVAet+JbXm\/TSnfJidJhahu5GkUyw57wqr1bu8GQ2x1aPradX3eYy3BWCtccSh\/7ABviDyFXeRz8z8Kf\/9oADAMBAAIAAwAAABAdV53\/xAAcEQEAAgEFAAAAAAAAAAAAAAABABEhQVFxsfH\/2gAIAQMBAT8QONNnnaoFYA6ewUMcvRHLFz\/\/xAAcEQEAAgIDAQAAAAAAAAAAAAABACERQWFxoeH\/2gAIAQIBAT8QD6gQa1nPJcArHLe7PI1+U5+EGvOln\/\/EAB8QAQACAgICAwAAAAAAAAAAAAERIQBBMVHR8WGRwf\/aAAgBAQABPxAEU7Rw\/agJEywyUHgUIvgDuGGQPHAEqFjaENlWs9F84oOnQGiuhaY5i6nJ3EYgQREqUSglYu7HAgCsKU\/DPl4gCVClc2I+22sOuZdoQhyg6x+xbLJLKUZVZO5e89k85\/\/Z\" alt=\"Suspeito foi preso ap\u00f3s dar entrada em hospital ferido pelo pai da crian\u00e7a na BA (Foto: Divulga\u00e7\u00e3o\/Pol\u00edcia Civil)\" \/><picture><source srcset=\"https:\/\/s2.glbimg.com\/VarlBaAjI6K2NABf_Cw_DH68w7M=\/0x0:720x620\/600x0\/smart\/filters:strip_icc()\/i.s3.glbimg.com\/v1\/AUTH_59edd422c0c84a879bd37670ae4f538a\/internal_photos\/bs\/2017\/k\/a\/raBxlxT0SmBzjaA3kyWg\/suspeito-11.jpg 1x, https:\/\/s2.glbimg.com\/yVXJcPm6UiMmYgcvg3xdR4jjqqQ=\/0x0:720x620\/1200x0\/smart\/filters:strip_icc()\/i.s3.glbimg.com\/v1\/AUTH_59edd422c0c84a879bd37670ae4f538a\/internal_photos\/bs\/2017\/k\/a\/raBxlxT0SmBzjaA3kyWg\/suspeito-11.jpg 2x\" media=\"(max-width: 1024px)\" data-src=\"https:\/\/s2.glbimg.com\/VarlBaAjI6K2NABf_Cw_DH68w7M=\/0x0:720x620\/600x0\/smart\/filters:strip_icc()\/i.s3.glbimg.com\/v1\/AUTH_59edd422c0c84a879bd37670ae4f538a\/internal_photos\/bs\/2017\/k\/a\/raBxlxT0SmBzjaA3kyWg\/suspeito-11.jpg 1x, https:\/\/s2.glbimg.com\/yVXJcPm6UiMmYgcvg3xdR4jjqqQ=\/0x0:720x620\/1200x0\/smart\/filters:strip_icc()\/i.s3.glbimg.com\/v1\/AUTH_59edd422c0c84a879bd37670ae4f538a\/internal_photos\/bs\/2017\/k\/a\/raBxlxT0SmBzjaA3kyWg\/suspeito-11.jpg 2x\" \/><source srcset=\"https:\/\/s2.glbimg.com\/hInP6D7xm1UN-mEfcywrHE0QGck=\/0x0:720x620\/640x0\/smart\/filters:strip_icc()\/i.s3.glbimg.com\/v1\/AUTH_59edd422c0c84a879bd37670ae4f538a\/internal_photos\/bs\/2017\/k\/a\/raBxlxT0SmBzjaA3kyWg\/suspeito-11.jpg 1x, https:\/\/s2.glbimg.com\/ZuJrgsFvyhCgHjmM8nkFrhhLjzU=\/0x0:720x620\/1280x0\/smart\/filters:strip_icc()\/i.s3.glbimg.com\/v1\/AUTH_59edd422c0c84a879bd37670ae4f538a\/internal_photos\/bs\/2017\/k\/a\/raBxlxT0SmBzjaA3kyWg\/suspeito-11.jpg 2x\" media=\"(max-width: 1280px)\" data-src=\"https:\/\/s2.glbimg.com\/hInP6D7xm1UN-mEfcywrHE0QGck=\/0x0:720x620\/640x0\/smart\/filters:strip_icc()\/i.s3.glbimg.com\/v1\/AUTH_59edd422c0c84a879bd37670ae4f538a\/internal_photos\/bs\/2017\/k\/a\/raBxlxT0SmBzjaA3kyWg\/suspeito-11.jpg 1x, https:\/\/s2.glbimg.com\/ZuJrgsFvyhCgHjmM8nkFrhhLjzU=\/0x0:720x620\/1280x0\/smart\/filters:strip_icc()\/i.s3.glbimg.com\/v1\/AUTH_59edd422c0c84a879bd37670ae4f538a\/internal_photos\/bs\/2017\/k\/a\/raBxlxT0SmBzjaA3kyWg\/suspeito-11.jpg 2x\" \/><source srcset=\"https:\/\/s2.glbimg.com\/2MiRXtY15pVI2mgAwSPJWocXeiI=\/0x0:720x620\/984x0\/smart\/filters:strip_icc()\/i.s3.glbimg.com\/v1\/AUTH_59edd422c0c84a879bd37670ae4f538a\/internal_photos\/bs\/2017\/k\/a\/raBxlxT0SmBzjaA3kyWg\/suspeito-11.jpg 1x, https:\/\/s2.glbimg.com\/-PlF8rsUw1K3YY0VeknxnkKlJ58=\/0x0:720x620\/1968x0\/smart\/filters:strip_icc()\/i.s3.glbimg.com\/v1\/AUTH_59edd422c0c84a879bd37670ae4f538a\/internal_photos\/bs\/2017\/k\/a\/raBxlxT0SmBzjaA3kyWg\/suspeito-11.jpg 2x\" media=\"(max-width: 1360px)\" data-src=\"https:\/\/s2.glbimg.com\/2MiRXtY15pVI2mgAwSPJWocXeiI=\/0x0:720x620\/984x0\/smart\/filters:strip_icc()\/i.s3.glbimg.com\/v1\/AUTH_59edd422c0c84a879bd37670ae4f538a\/internal_photos\/bs\/2017\/k\/a\/raBxlxT0SmBzjaA3kyWg\/suspeito-11.jpg 1x, https:\/\/s2.glbimg.com\/-PlF8rsUw1K3YY0VeknxnkKlJ58=\/0x0:720x620\/1968x0\/smart\/filters:strip_icc()\/i.s3.glbimg.com\/v1\/AUTH_59edd422c0c84a879bd37670ae4f538a\/internal_photos\/bs\/2017\/k\/a\/raBxlxT0SmBzjaA3kyWg\/suspeito-11.jpg 2x\" \/><source srcset=\"https:\/\/s2.glbimg.com\/H8TKbIl53yfI5vX8jliFRfWMxUs=\/0x0:720x620\/1000x0\/smart\/filters:strip_icc()\/i.s3.glbimg.com\/v1\/AUTH_59edd422c0c84a879bd37670ae4f538a\/internal_photos\/bs\/2017\/k\/a\/raBxlxT0SmBzjaA3kyWg\/suspeito-11.jpg 1x, https:\/\/s2.glbimg.com\/yEvGzbS5AMT5Oxkj6m10ZMaCmXM=\/0x0:720x620\/2000x0\/smart\/filters:strip_icc()\/i.s3.glbimg.com\/v1\/AUTH_59edd422c0c84a879bd37670ae4f538a\/internal_photos\/bs\/2017\/k\/a\/raBxlxT0SmBzjaA3kyWg\/suspeito-11.jpg 2x\" media=\"(min-width: 1361px)\" data-src=\"https:\/\/s2.glbimg.com\/H8TKbIl53yfI5vX8jliFRfWMxUs=\/0x0:720x620\/1000x0\/smart\/filters:strip_icc()\/i.s3.glbimg.com\/v1\/AUTH_59edd422c0c84a879bd37670ae4f538a\/internal_photos\/bs\/2017\/k\/a\/raBxlxT0SmBzjaA3kyWg\/suspeito-11.jpg 1x, https:\/\/s2.glbimg.com\/yEvGzbS5AMT5Oxkj6m10ZMaCmXM=\/0x0:720x620\/2000x0\/smart\/filters:strip_icc()\/i.s3.glbimg.com\/v1\/AUTH_59edd422c0c84a879bd37670ae4f538a\/internal_photos\/bs\/2017\/k\/a\/raBxlxT0SmBzjaA3kyWg\/suspeito-11.jpg 2x\" \/><source srcset=\"https:\/\/s2.glbimg.com\/2MiRXtY15pVI2mgAwSPJWocXeiI=\/0x0:720x620\/984x0\/smart\/filters:strip_icc()\/i.s3.glbimg.com\/v1\/AUTH_59edd422c0c84a879bd37670ae4f538a\/internal_photos\/bs\/2017\/k\/a\/raBxlxT0SmBzjaA3kyWg\/suspeito-11.jpg\" data-src=\"https:\/\/s2.glbimg.com\/2MiRXtY15pVI2mgAwSPJWocXeiI=\/0x0:720x620\/984x0\/smart\/filters:strip_icc()\/i.s3.glbimg.com\/v1\/AUTH_59edd422c0c84a879bd37670ae4f538a\/internal_photos\/bs\/2017\/k\/a\/raBxlxT0SmBzjaA3kyWg\/suspeito-11.jpg\" \/><img class=\"image content-media__image progressive-loaded\" title=\"Suspeito foi preso ap\u00f3s dar entrada em hospital ferido pelo pai da crian\u00e7a na BA (Foto: Divulga\u00e7\u00e3o\/Pol\u00edcia Civil)\" src=\"https:\/\/s2.glbimg.com\/2MiRXtY15pVI2mgAwSPJWocXeiI=\/0x0:720x620\/984x0\/smart\/filters:strip_icc()\/i.s3.glbimg.com\/v1\/AUTH_59edd422c0c84a879bd37670ae4f538a\/internal_photos\/bs\/2017\/k\/a\/raBxlxT0SmBzjaA3kyWg\/suspeito-11.jpg\" alt=\"Suspeito foi preso ap\u00f3s dar entrada em hospital ferido pelo pai da crian\u00e7a na BA (Foto: Divulga\u00e7\u00e3o\/Pol\u00edcia Civil)\" data-src=\"https:\/\/s2.glbimg.com\/2MiRXtY15pVI2mgAwSPJWocXeiI=\/0x0:720x620\/984x0\/smart\/filters:strip_icc()\/i.s3.glbimg.com\/v1\/AUTH_59edd422c0c84a879bd37670ae4f538a\/internal_photos\/bs\/2017\/k\/a\/raBxlxT0SmBzjaA3kyWg\/suspeito-11.jpg\" \/><\/picture><\/div>\n<\/div>\n<div class=\"content-media__description-centered \">\n<p class=\"content-media__description\"><i class=\"content-media__description__icon theme-color-primary\"><\/i><span class=\"content-media__description__caption\">Suspeito foi preso ap\u00f3s dar entrada em hospital ferido pelo pai da crian\u00e7a na BA (Foto: Divulga\u00e7\u00e3o\/Pol\u00edcia Civil)<\/span><\/p>\n<p class=\"content-media__description\">Um homem suspeito de estuprar um menino de 4 anos foi preso em Santo Ant\u00f4nio de Jesus, Rec\u00f4ncavo Baiano, ap\u00f3s tentar matar o pai da crian\u00e7a. As informa\u00e7\u00f5es foram divulgadas nesta quinta-feira (29) pela Pol\u00edcia Civil.<\/p>\n<\/div>\n<\/div>\n<\/div>\n<div class=\"mc-column content-text active-extra-styles \" data-block-type=\"unstyled\" data-block-weight=\"62\" data-block-id=\"3\">\n<p class=\"content-text__container \" data-track-category=\"Link no Texto\" data-track-links=\"\">Wagner Pereira da Silva, conhecido como Guiu, de 20 anos, estava com mandado de pris\u00e3o em aberto pelo estupro, ocorrido em novembro de 2016. Segundo a pol\u00edcia, ele foi localizado na ter\u00e7a-feira (27) e foi preso por policiais militares logo ap\u00f3s procurar atendimento m\u00e9dico, depois de ser ferido a golpes de fac\u00e3o pelo pai da v\u00edtima, a quem ele havia tentado matar.<\/p>\n<\/div>\n<div class=\"mc-column content-text active-extra-styles \" data-block-type=\"unstyled\" data-block-weight=\"26\" data-block-id=\"4\">\n<p class=\"content-text__container \" data-track-category=\"Link no Texto\" data-track-links=\"\">De acordo com a pol\u00edcia, na segunda-feira (26), o suspeito tentou assassinar o pai do menino com um fac\u00e3o, mas foi dominado por ele e golpeado.<\/p>\n<\/div>\n<div class=\"mc-column content-text active-extra-styles \" data-block-type=\"unstyled\" data-block-weight=\"30\" data-block-id=\"5\">\n<p class=\"content-text__container \" data-track-category=\"Link no Texto\" data-track-links=\"\">Ao tomar conhecimento da entrada de Wagner no hospital, o delegado de Amargosa solicitou apoio dos policiais do 14\u00ba Batalh\u00e3o da Pol\u00edcia Militar (BPM), que efetuaram a pris\u00e3o do acusado.<\/p>\n<\/div>\n<div data-track-category=\"fim do conteudo\" data-track-action=\"ultimo chunk conteudo\" data-track-noninteraction=\"false\" data-track-scroll=\"entrada completa viewport\">\n<div class=\"mc-column content-text active-extra-styles \" data-block-type=\"unstyled\" data-block-weight=\"22\" data-block-id=\"6\">\n<p class=\"content-text__container \" data-track-category=\"Link no Texto\" data-track-links=\"\">Al\u00e9m do crime de estupro de vulner\u00e1vel, Wagner ir\u00e1 responder por tentativa de homic\u00eddio e assaltos ocorridos na zona rural, daquela cidade<\/p>\n<\/div>\n<\/div>\n<\/article>\n<\/div>\n","protected":false},"excerpt":{"rendered":"<p>Suspeito foi preso ap\u00f3s dar entrada em hospital ferido pelo pai da crian\u00e7a na BA (Foto: Divulga\u00e7\u00e3o\/Pol\u00edcia Civil) Um homem suspeito de estuprar um menino de 4 anos foi preso em Santo Ant\u00f4nio de Jesus, Rec\u00f4ncavo Baiano, ap\u00f3s tentar matar o pai da crian\u00e7a. As informa\u00e7\u00f5es foram divulgadas nesta quinta-feira (29) pela Pol\u00edcia Civil. Wagner [&hellip;]<\/p>\n","protected":false},"author":2,"featured_media":0,"comment_status":"open","ping_status":"open","sticky":false,"template":"","format":"standard","meta":{"_links_to":"","_links_to_target":""},"categories":[7,9,8,1],"tags":[],"_links":{"self":[{"href":"https:\/\/www.ilheusnoticias.net.br\/v1\/wp-json\/wp\/v2\/posts\/12742"}],"collection":[{"href":"https:\/\/www.ilheusnoticias.net.br\/v1\/wp-json\/wp\/v2\/posts"}],"about":[{"href":"https:\/\/www.ilheusnoticias.net.br\/v1\/wp-json\/wp\/v2\/types\/post"}],"author":[{"embeddable":true,"href":"https:\/\/www.ilheusnoticias.net.br\/v1\/wp-json\/wp\/v2\/users\/2"}],"replies":[{"embeddable":true,"href":"https:\/\/www.ilheusnoticias.net.br\/v1\/wp-json\/wp\/v2\/comments?post=12742"}],"version-history":[{"count":1,"href":"https:\/\/www.ilheusnoticias.net.br\/v1\/wp-json\/wp\/v2\/posts\/12742\/revisions"}],"predecessor-version":[{"id":12743,"href":"https:\/\/www.ilheusnoticias.net.br\/v1\/wp-json\/wp\/v2\/posts\/12742\/revisions\/12743"}],"wp:attachment":[{"href":"https:\/\/www.ilheusnoticias.net.br\/v1\/wp-json\/wp\/v2\/media?parent=12742"}],"wp:term":[{"taxonomy":"category","embeddable":true,"href":"https:\/\/www.ilheusnoticias.net.br\/v1\/wp-json\/wp\/v2\/categories?post=12742"},{"taxonomy":"post_tag","embeddable":true,"href":"https:\/\/www.ilheusnoticias.net.br\/v1\/wp-json\/wp\/v2\/tags?post=12742"}],"curies":[{"name":"wp","href":"https:\/\/api.w.org\/{rel}","templated":true}]}}