{"id":12733,"date":"2018-02-19T15:30:57","date_gmt":"2018-02-19T18:30:57","guid":{"rendered":"http:\/\/www.ilheusnoticias.net.br\/v1\/?p=12733"},"modified":"2018-02-19T15:30:57","modified_gmt":"2018-02-19T18:30:57","slug":"familiares-procuram-por-adolescente-ilheense-desaparecido","status":"publish","type":"post","link":"https:\/\/www.ilheusnoticias.net.br\/v1\/2018\/02\/19\/familiares-procuram-por-adolescente-ilheense-desaparecido\/","title":{"rendered":"Familiares procuram por adolescente ilheense desaparecido"},"content":{"rendered":"<h3 class=\"post-title entry-title\"><\/h3>\n<div id=\"post-body-1021143580587399200\" class=\"post-body entry-content\">\n<div class=\"separator\"><a href=\"https:\/\/2.bp.blogspot.com\/-M8s5b83b9uk\/WorvFPFYEgI\/AAAAAAAAS80\/Rthy_VVxXwEuC-TTWHCIjh4Ogo-ISkB7QCLcBGAs\/s1600\/63ee656f-8df1-471b-944f-381cb3d93519.jpe\"><img loading=\"lazy\" class=\"\" src=\"https:\/\/2.bp.blogspot.com\/-M8s5b83b9uk\/WorvFPFYEgI\/AAAAAAAAS80\/Rthy_VVxXwEuC-TTWHCIjh4Ogo-ISkB7QCLcBGAs\/s640\/63ee656f-8df1-471b-944f-381cb3d93519.jpe\" alt=\"\" width=\"475\" height=\"356\" border=\"0\" data-original-height=\"540\" data-original-width=\"720\" \/><\/a><\/div>\n<div class=\"separator\"><\/div>\n<div>O adolescente F\u00e1bio Costa, de 15 anos, morador da Rua Montes Claros, na Avenida Itabuna, em Ilh\u00e9us, est\u00e1 desaparecido desde a tarde deste domingo (18).<\/div>\n<div><\/div>\n<div>Segundo informa\u00e7\u00f5es de familiares, o jovem saiu de casa por volta das 14h ap\u00f3s desentendimento com a m\u00e3e e n\u00e3o retornou.<\/div>\n<div><\/div>\n<div>Ele est\u00e1 trajando cal\u00e7a jeans rasgada, camisa escura, mochila nas costas e um skate.<\/div>\n<div><\/div>\n<div>Quem tiver informa\u00e7\u00f5es sobre o paradeiro do adolescente, entrar em contato com os familiares atrav\u00e9s dos telefones (73) 98109-2340 ou 98140-6254, falar com Fabiana ou Raimundo. Ou atrav\u00e9s do 190 da pol\u00edcia.<\/div>\n<\/div>\n","protected":false},"excerpt":{"rendered":"<p>O adolescente F\u00e1bio Costa, de 15 anos, morador da Rua Montes Claros, na Avenida Itabuna, em Ilh\u00e9us, est\u00e1 desaparecido desde a tarde deste domingo (18). Segundo informa\u00e7\u00f5es de familiares, o jovem saiu de casa por volta das 14h ap\u00f3s desentendimento com a m\u00e3e e n\u00e3o retornou. Ele est\u00e1 trajando cal\u00e7a jeans rasgada, camisa escura, mochila [&hellip;]<\/p>\n","protected":false},"author":2,"featured_media":0,"comment_status":"open","ping_status":"open","sticky":false,"template":"","format":"standard","meta":{"_links_to":"","_links_to_target":""},"categories":[7,9,8,1],"tags":[],"_links":{"self":[{"href":"https:\/\/www.ilheusnoticias.net.br\/v1\/wp-json\/wp\/v2\/posts\/12733"}],"collection":[{"href":"https:\/\/www.ilheusnoticias.net.br\/v1\/wp-json\/wp\/v2\/posts"}],"about":[{"href":"https:\/\/www.ilheusnoticias.net.br\/v1\/wp-json\/wp\/v2\/types\/post"}],"author":[{"embeddable":true,"href":"https:\/\/www.ilheusnoticias.net.br\/v1\/wp-json\/wp\/v2\/users\/2"}],"replies":[{"embeddable":true,"href":"https:\/\/www.ilheusnoticias.net.br\/v1\/wp-json\/wp\/v2\/comments?post=12733"}],"version-history":[{"count":1,"href":"https:\/\/www.ilheusnoticias.net.br\/v1\/wp-json\/wp\/v2\/posts\/12733\/revisions"}],"predecessor-version":[{"id":12734,"href":"https:\/\/www.ilheusnoticias.net.br\/v1\/wp-json\/wp\/v2\/posts\/12733\/revisions\/12734"}],"wp:attachment":[{"href":"https:\/\/www.ilheusnoticias.net.br\/v1\/wp-json\/wp\/v2\/media?parent=12733"}],"wp:term":[{"taxonomy":"category","embeddable":true,"href":"https:\/\/www.ilheusnoticias.net.br\/v1\/wp-json\/wp\/v2\/categories?post=12733"},{"taxonomy":"post_tag","embeddable":true,"href":"https:\/\/www.ilheusnoticias.net.br\/v1\/wp-json\/wp\/v2\/tags?post=12733"}],"curies":[{"name":"wp","href":"https:\/\/api.w.org\/{rel}","templated":true}]}}