{"id":12727,"date":"2018-02-19T09:46:35","date_gmt":"2018-02-19T12:46:35","guid":{"rendered":"http:\/\/www.ilheusnoticias.net.br\/v1\/?p=12727"},"modified":"2018-02-19T10:21:25","modified_gmt":"2018-02-19T13:21:25","slug":"artigo-boa-relacao-preserva-dialogo-com-o-estado-e-favorece-as-conquistas-na-saude","status":"publish","type":"post","link":"https:\/\/www.ilheusnoticias.net.br\/v1\/2018\/02\/19\/artigo-boa-relacao-preserva-dialogo-com-o-estado-e-favorece-as-conquistas-na-saude\/","title":{"rendered":"ARTIGO: BOA RELA\u00c7\u00c3O PRESERVA DI\u00c1LOGO COM O ESTADO E FAVORECE AS CONQUISTAS NA SA\u00daDE"},"content":{"rendered":"<p><img loading=\"lazy\" class=\"\" src=\"http:\/\/portalfacilclientes.blob.core.windows.net\/uploads\/ILHEUS\/imgOrig\/%7B2A1BAAE8-78BA-DDAC-AC46-12D5A1A51142%7D.jpg\" alt=\"Resultado de imagem para foto Alcides Kruschewsky ilheus-bahia\" width=\"382\" height=\"513\" \/><\/p>\n<p>Diferente do azedume que interrompeu os entendimentos na \u00e1rea de sa\u00fade entre o governo da Bahia e o governo de Ilh\u00e9us, especialmente ap\u00f3s a nomea\u00e7\u00e3o do m\u00e9dico Claudio Moura Costa para a dire\u00e7\u00e3o do Hospital Regional LVF, de quem o ex prefeito \u00e9 desafeto, a rela\u00e7\u00e3o respeitosa entre os representantes estaduais e municipais favorece o di\u00e1logo e a popula\u00e7\u00e3o j\u00e1 consegue sentir os resultados positivos. O governo do estado vai investir mais 15 milh\u00f5es de reais para reestruturar a sa\u00fade em Ilh\u00e9us. Paralelamente a esse an\u00fancio, fruto da parceria entre estado e munic\u00edpio, a Prefeitura de Ilh\u00e9us contratou mais 20 m\u00e9dicos e convocou 14 profissionais concursados para melhorar o atendimento \u00e0 popula\u00e7\u00e3o. Vai, tamb\u00e9m, reformar com recursos pr\u00f3prios- 1,1 milh\u00e3o de reais- 10 postos de sa\u00fade na cidade. A expectativa \u00e9 atingir a meta de 60% da aten\u00e7\u00e3o b\u00e1sica ainda em 2018. Ilh\u00e9us ganhar\u00e1 uma UPA &#8211; Unidade de Pronto Atendimento, no bairro do Malhado, totalmente constru\u00edda pelo Estado e custeada 50% pelo mesmo, e um Hospital Materno\/Infantil com UTI&#8217;s Neo Natal e infantil, ap\u00f3s a reforma total do Hospital Regional, onde ser\u00e3o investidos 9 milh\u00f5es de reais.<\/p>\n<p>Enquanto a UPA n\u00e3o fica pronta, a Policl\u00ednica Halil Medauar, na Conquista, atender\u00e1 como pronto atendimento m\u00e9dico, a emerg\u00eancias, 24 horas. Com isso, Ilh\u00e9us passar\u00e1 a contar com 4 PA&#8217;s 24 horas: Zona Sul, Hospital S\u00e3o Jos\u00e9, COCI e a Policl\u00ednica. O Estado da Bahia ainda ceder\u00e1 200 servidores para refor\u00e7ar a aten\u00e7\u00e3o b\u00e1sica do munic\u00edpio. Tudo isso tornou-se poss\u00edvel gra\u00e7as ao distensionamento das rela\u00e7\u00f5es pol\u00edticas e pessoais entre os gestores das diferentes esferas governamentais. Com di\u00e1logo, mesmo com diverg\u00eancias de pontos de vista, os resultados aparecem e a popula\u00e7\u00e3o ser\u00e1 beneficiada. Isto quer dizer que na atual gest\u00e3o municipal o interesse p\u00fablico foi colocado acima das quest\u00f5es de prefer\u00eancias pessoais, pol\u00edticas, gostos e simpatias ou antipatias. Acontece que, quando questi\u00fanculas s\u00e3o colocadas acima das dores da popula\u00e7\u00e3o, o bem comum sai da mesa de entendimentos e o di\u00e1logo fica truncado, e as &#8220;tabelinhas&#8221; por vias n\u00e3o recomend\u00e1veis, tamb\u00e9m se revelam incapazes de produzir efeitos positivos. Hoje, o secret\u00e1rio de sa\u00fade do estado, F\u00e1bio Vilas Boas, se sente \u00e0 vontade para debater sobre a problem\u00e1tica de Ilh\u00e9us com o tamb\u00e9m m\u00e9dico M\u00e1rio Alexandre. Mas se isso est\u00e1 acontecendo, todos reconhecem que o perfil de Mar\u00e3o, contribui muito para essa flu\u00eancia.<\/p>\n<p>O pr\u00f3prio governador j\u00e1 demonstra que a rela\u00e7\u00e3o entre os governantes se estreitou e ultrapassou o limite apenas institucional. As discord\u00e2ncias existem. Mas a lealdade e postura do prefeito de Ilh\u00e9us, que tem sido duramente atacado nesse momento de transi\u00e7\u00e3o na sa\u00fade, mas que em nenhum momento exp\u00f4s o governador e o secret\u00e1rio Vilas Boas ou mesmo o governo do estado, bancando o \u00f4nus do desgaste com as mudan\u00e7as, arrancam elogios da esfera estadual, pela serenidade e foco nas solu\u00e7\u00f5es dos problemas, jamais alimentando choques frontais e embates, caminho que outras lideran\u00e7as preferiram. Assim, o perfil de Mar\u00e3o, expansivo, bem humorado, trabalhador e avesso a pol\u00eamicas desnecess\u00e1rias, ao contr\u00e1rio dos que o criticam acidamente, vai dando sua inestim\u00e1vel contribui\u00e7\u00e3o para as conquistas como h\u00e1 muito n\u00e3o se via na \u00e1rea de sa\u00fade em nossa cidade.<\/p>\n<p>O bonach\u00e3o, festivo, riso f\u00e1cil, vai comprovando a efic\u00e1cia de sempre colocar o aspecto positivo na condu\u00e7\u00e3o da gest\u00e3o. Ent\u00e3o, \u00e9 a\u00ed que os efusivos abra\u00e7os que distribui ao encontrar as pessoas, se revela consistente e fundamental para inaugurar outra forma de se relacionar com os poderes, sem a mesma pretens\u00e3o e a presun\u00e7\u00e3o que sempre nortearam as mesmas rela\u00e7\u00f5es, anteriormente, colocando as vaidades dos figur\u00f5es acima do sofrimento e anseios da sociedade. O tema &#8220;tempo de alegria e trabalho&#8221; traz em si o esp\u00edrito que norteia a atual gest\u00e3o municipal e sintetiza com propriedade o conte\u00fado para o entendimento, exatamente como j\u00e1 tinha ocorrido com os servidores municipais, cujo di\u00e1logo com o munic\u00edpio tamb\u00e9m se encontrava deteriorado, inexistente. Assim demonstra-se que o azedume e os choques frontais com diversos setores, a\u00ed podendo ser inclu\u00eddo o com\u00e9rcio, longe de serem espor\u00e1dicos, era uma pr\u00e1tica de governo. Na mesa onde o atual governo municipal senta com a comunidade e lideran\u00e7as n\u00e3o tem havido espa\u00e7o para vaidades. Estas ficaram isoladas no in\u00edcio de 2017, quando iniciou o governo M\u00e1rio Alexandre.<\/p>\n<p>Alcides Kruschewsky- Secret\u00e1rio Municipal de Comunica\u00e7\u00e3o<\/p>\n","protected":false},"excerpt":{"rendered":"<p>Diferente do azedume que interrompeu os entendimentos na \u00e1rea de sa\u00fade entre o governo da Bahia e o governo de Ilh\u00e9us, especialmente ap\u00f3s a nomea\u00e7\u00e3o do m\u00e9dico Claudio Moura Costa para a dire\u00e7\u00e3o do Hospital Regional LVF, de quem o ex prefeito \u00e9 desafeto, a rela\u00e7\u00e3o respeitosa entre os representantes estaduais e municipais favorece o [&hellip;]<\/p>\n","protected":false},"author":2,"featured_media":0,"comment_status":"open","ping_status":"open","sticky":false,"template":"","format":"standard","meta":{"_links_to":"","_links_to_target":""},"categories":[7,9,8,1],"tags":[],"_links":{"self":[{"href":"https:\/\/www.ilheusnoticias.net.br\/v1\/wp-json\/wp\/v2\/posts\/12727"}],"collection":[{"href":"https:\/\/www.ilheusnoticias.net.br\/v1\/wp-json\/wp\/v2\/posts"}],"about":[{"href":"https:\/\/www.ilheusnoticias.net.br\/v1\/wp-json\/wp\/v2\/types\/post"}],"author":[{"embeddable":true,"href":"https:\/\/www.ilheusnoticias.net.br\/v1\/wp-json\/wp\/v2\/users\/2"}],"replies":[{"embeddable":true,"href":"https:\/\/www.ilheusnoticias.net.br\/v1\/wp-json\/wp\/v2\/comments?post=12727"}],"version-history":[{"count":5,"href":"https:\/\/www.ilheusnoticias.net.br\/v1\/wp-json\/wp\/v2\/posts\/12727\/revisions"}],"predecessor-version":[{"id":12732,"href":"https:\/\/www.ilheusnoticias.net.br\/v1\/wp-json\/wp\/v2\/posts\/12727\/revisions\/12732"}],"wp:attachment":[{"href":"https:\/\/www.ilheusnoticias.net.br\/v1\/wp-json\/wp\/v2\/media?parent=12727"}],"wp:term":[{"taxonomy":"category","embeddable":true,"href":"https:\/\/www.ilheusnoticias.net.br\/v1\/wp-json\/wp\/v2\/categories?post=12727"},{"taxonomy":"post_tag","embeddable":true,"href":"https:\/\/www.ilheusnoticias.net.br\/v1\/wp-json\/wp\/v2\/tags?post=12727"}],"curies":[{"name":"wp","href":"https:\/\/api.w.org\/{rel}","templated":true}]}}