{"id":12725,"date":"2018-02-19T09:35:15","date_gmt":"2018-02-19T12:35:15","guid":{"rendered":"http:\/\/www.ilheusnoticias.net.br\/v1\/?p=12725"},"modified":"2018-02-19T09:35:15","modified_gmt":"2018-02-19T12:35:15","slug":"inscricoes-para-o-financiamento-estudantil-em-universidades-pagas-comecam-hoje","status":"publish","type":"post","link":"https:\/\/www.ilheusnoticias.net.br\/v1\/2018\/02\/19\/inscricoes-para-o-financiamento-estudantil-em-universidades-pagas-comecam-hoje\/","title":{"rendered":"Inscri\u00e7\u00f5es para o financiamento estudantil em universidades pagas come\u00e7am hoje"},"content":{"rendered":"<div id=\"content-header\">\n<h1 class=\"title\"><\/h1>\n<\/div>\n<div id=\"content-area\">\n<div class=\"region region-content\">\n<div id=\"block-system-main\" class=\"block block-system block-odd clearfix\">\n<div class=\"content\">\n<article id=\"node-1109109\" class=\"node node-noticia node-odd\">\n<header>\n<div class=\"node-info\"><strong>Jonas Valente &#8211; Rep\u00f3rter da Ag\u00eancia Brasil<\/strong><\/div>\n<\/header>\n<div class=\"content\">\n<p>Come\u00e7am hoje (19) as inscri\u00e7\u00f5es para o financiamento estudantil do governo federal. A iniciativa usa recursos do Fundo de Financiamento Estudantil (Fies) e \u00e9 coordenada pelo Minist\u00e9rio da Educa\u00e7\u00e3o (MEC). O per\u00edodo vai at\u00e9 o dia 28 de fevereiro, \u00e0s 23h59. Os contratos v\u00e3o seguir as\u00a0<a href=\"http:\/\/agenciabrasil.ebc.com.br\/educacao\/noticia\/2017-12\/temer-sanciona-novo-fies-e-diz-que-medida-e-exemplo-de-educacao-para-o\" target=\"_blank\">novas regras do programa<\/a>, aprovadas no ano passado.\u00a0 A previs\u00e3o do governo \u00e9 atender a 310 mil pessoas em 2018.<\/p>\n<p>Os recursos do Fies s\u00e3o destinados a financiar alunos em cursos superiores privados, desde que esses tenham avalia\u00e7\u00e3o positiva no MEC. O montante a ser pago depende de uma f\u00f3rmula que leva em considera\u00e7\u00e3o o pre\u00e7o da mensalidade e a renda familiar do candidato.<\/p>\n<p>No in\u00edcio do m\u00eas, o Comit\u00ea Gestor do Fies definiu os\u00a0<a href=\"http:\/\/agenciabrasil.ebc.com.br\/educacao\/noticia\/2018-02\/resolucoes-definem-valor-e-indice-serem-cobrados-para-contratos-do-fies\" target=\"_blank\">limites do financiamento<\/a>: m\u00e1ximo de R$ 30 mil por semestre e m\u00ednimo de R$ 300.<\/p>\n<\/div>\n<\/article>\n<\/div>\n<\/div>\n<\/div>\n<\/div>\n<p><!--more--><\/p>\n<div id=\"content-area\">\n<div class=\"region region-content\">\n<div id=\"block-system-main\" class=\"block block-system block-odd clearfix\">\n<div class=\"content\">\n<article id=\"node-1109109\" class=\"node node-noticia node-odd\">\n<div class=\"content\">\n<p>As condi\u00e7\u00f5es do financiamento precisam ser estipuladas entre o banco que ir\u00e1 conceder o empr\u00e9stimo, a institui\u00e7\u00e3o de ensino e o aluno. Ap\u00f3s a conclus\u00e3o do curso, o valor da parcela depender\u00e1 da renda do estudante.<\/p>\n<p>As duas modalidades do financiamento (Fies e P-Fies) s\u00e3o estruturadas em tr\u00eas faixas. A primeira contempla alunos com renda familiar bruta, por pessoa, de at\u00ea tr\u00eas sal\u00e1rios m\u00ednimos, que contar\u00e3o com juro real zero. A segunda \u00e9 destinada a alunos com cada membro da fam\u00edlia com renda de at\u00e9 cinco sal\u00e1rios m\u00ednimos nas regi\u00f5es Norte, Nordeste e Centro-Oeste, e a terceira, a estudantes com o mesmo teto de renda familiar das demais regi\u00f5es. Nesses dois casos, os juros ser\u00e3o um pouco acima da infla\u00e7\u00e3o.<\/p>\n<p><strong>Inscri\u00e7\u00f5es<\/strong><\/p>\n<p>Pode se inscrever quem teve m\u00e9dia de pelo menos 450 no Exame Nacional do Ensino M\u00e9dio (Enem) e que n\u00e3o tenha zerado a reda\u00e7\u00e3o. Outra exig\u00eancia \u00e9 se encaixar dentro dos limites de faixa de renda estabelecidos para o programa.<\/p>\n<p>As inscri\u00e7\u00f5es devem ser feitas no<em>\u00a0<a href=\"http:\/\/fiesselecao.mec.gov.br\/\" target=\"_blank\">site<\/a><\/em><a href=\"http:\/\/fiesselecao.mec.gov.br\/\" target=\"_blank\">\u00a0do MEC<\/a>. O candidato deve fornecer o n\u00famero do CPF, a data de nascimento e um e-mail v\u00e1lido. Al\u00e9m disso, deve informar a renda familiar para comprovar que se encaixa nas exig\u00eancias do programa.<\/p>\n<p><strong>Calend\u00e1rio<\/strong><\/p>\n<p>Ap\u00f3s o encerramento das inscri\u00e7\u00f5es, no dia 28 de fevereiro, ser\u00e3o divulgados os resultados de pr\u00e9-sele\u00e7\u00e3o e as listas de espera. A modalidade Fies disponibilizar\u00e1 os nomes no dia 5 de mar\u00e7o, enquanto a P-Fies tornar\u00e1 p\u00fablico os contemplados no dia 12 de mar\u00e7o.<\/p>\n<p>Quem for pr\u00e9-selecionado na modalidade Fies ter\u00e1 de 6 a 8 de mar\u00e7o para fazer a complementa\u00e7\u00e3o da inscri\u00e7\u00e3o. Para tirar d\u00favidas e obter mais informa\u00e7\u00f5es sobre o calend\u00e1rio ou outros aspectos da sele\u00e7\u00e3o, o candidato deve acessar o\u00a0<a href=\"http:\/\/fiesselecao.mec.gov.br\/\" target=\"_blank\"><em>site<\/em>\u00a0oficial<\/a>\u00a0do programa.<\/p>\n<\/div>\n<\/article>\n<\/div>\n<\/div>\n<\/div>\n<\/div>\n","protected":false},"excerpt":{"rendered":"<p>Jonas Valente &#8211; Rep\u00f3rter da Ag\u00eancia Brasil Come\u00e7am hoje (19) as inscri\u00e7\u00f5es para o financiamento estudantil do governo federal. A iniciativa usa recursos do Fundo de Financiamento Estudantil (Fies) e \u00e9 coordenada pelo Minist\u00e9rio da Educa\u00e7\u00e3o (MEC). O per\u00edodo vai at\u00e9 o dia 28 de fevereiro, \u00e0s 23h59. Os contratos v\u00e3o seguir as\u00a0novas regras do [&hellip;]<\/p>\n","protected":false},"author":2,"featured_media":0,"comment_status":"open","ping_status":"open","sticky":false,"template":"","format":"standard","meta":{"_links_to":"","_links_to_target":""},"categories":[7,9,8,1],"tags":[],"_links":{"self":[{"href":"https:\/\/www.ilheusnoticias.net.br\/v1\/wp-json\/wp\/v2\/posts\/12725"}],"collection":[{"href":"https:\/\/www.ilheusnoticias.net.br\/v1\/wp-json\/wp\/v2\/posts"}],"about":[{"href":"https:\/\/www.ilheusnoticias.net.br\/v1\/wp-json\/wp\/v2\/types\/post"}],"author":[{"embeddable":true,"href":"https:\/\/www.ilheusnoticias.net.br\/v1\/wp-json\/wp\/v2\/users\/2"}],"replies":[{"embeddable":true,"href":"https:\/\/www.ilheusnoticias.net.br\/v1\/wp-json\/wp\/v2\/comments?post=12725"}],"version-history":[{"count":1,"href":"https:\/\/www.ilheusnoticias.net.br\/v1\/wp-json\/wp\/v2\/posts\/12725\/revisions"}],"predecessor-version":[{"id":12726,"href":"https:\/\/www.ilheusnoticias.net.br\/v1\/wp-json\/wp\/v2\/posts\/12725\/revisions\/12726"}],"wp:attachment":[{"href":"https:\/\/www.ilheusnoticias.net.br\/v1\/wp-json\/wp\/v2\/media?parent=12725"}],"wp:term":[{"taxonomy":"category","embeddable":true,"href":"https:\/\/www.ilheusnoticias.net.br\/v1\/wp-json\/wp\/v2\/categories?post=12725"},{"taxonomy":"post_tag","embeddable":true,"href":"https:\/\/www.ilheusnoticias.net.br\/v1\/wp-json\/wp\/v2\/tags?post=12725"}],"curies":[{"name":"wp","href":"https:\/\/api.w.org\/{rel}","templated":true}]}}