{"id":12718,"date":"2018-02-19T09:25:30","date_gmt":"2018-02-19T12:25:30","guid":{"rendered":"http:\/\/www.ilheusnoticias.net.br\/v1\/?p=12718"},"modified":"2018-02-19T09:25:30","modified_gmt":"2018-02-19T12:25:30","slug":"pediatria-do-hospital-de-ilheus-passara-a-atender-criancas-pelo-sus","status":"publish","type":"post","link":"https:\/\/www.ilheusnoticias.net.br\/v1\/2018\/02\/19\/pediatria-do-hospital-de-ilheus-passara-a-atender-criancas-pelo-sus\/","title":{"rendered":"\u201dPediatria do Hospital de Ilhe\u0301us passar\u00e1 a atender crian\u00e7as pelo SUS\u201d"},"content":{"rendered":"<h2 class=\"PostHeaderIcon-wrapper\">Em reuni\u00e3o realizada neste s\u00e1bado (17) com a participa\u00e7\u00e3o do secret\u00e1rio estadual da Sa\u00fade Fa\u0301bio Vilas-Boas, do Prefeito M\u00e1rio Alexandre, deputados, vereadores e do conselho municipal de sa\u00fade, foi anunciado que ainda este m\u00eas o Hospital de Ilhe\u0301us, entidade privada, abrir\u00e1 as portas da sua pediatria para atendimento da popula\u00e7\u00e3o dependente do SUS.<br \/>\nDe acordo com o diretor da Unidade, Jorge Viana, o contrato ser\u00e1 assinado nesta semana e a unidade passar\u00e1 a ofertar consultas ambulatoriais e de urg\u00eancia, al\u00e9m de interna\u00e7\u00e3o em enfermarias.<br \/>\nO investimento anual em custeio ser\u00e1 da ordem de R$5,2 milh\u00f5es de reais.<br \/>\nPara o secret\u00e1rio estadual da Sa\u00fade Fa\u0301bio Vilas Boas esse contrato garantir\u00e1 seguran\u00e7a e qualidade no atendimento pedi\u00e1trico durante o per\u00edodo em que o hospital regional Luiz Viana estiver sendo reformado para tornar-se uma unidade materno-infantil de alta complexidade.<\/h2>\n","protected":false},"excerpt":{"rendered":"<p>Em reuni\u00e3o realizada neste s\u00e1bado (17) com a participa\u00e7\u00e3o do secret\u00e1rio estadual da Sa\u00fade Fa\u0301bio Vilas-Boas, do Prefeito M\u00e1rio Alexandre, deputados, vereadores e do conselho municipal de sa\u00fade, foi anunciado que ainda este m\u00eas o Hospital de Ilhe\u0301us, entidade privada, abrir\u00e1 as portas da sua pediatria para atendimento da popula\u00e7\u00e3o dependente do SUS. De acordo [&hellip;]<\/p>\n","protected":false},"author":2,"featured_media":0,"comment_status":"open","ping_status":"open","sticky":false,"template":"","format":"standard","meta":{"_links_to":"","_links_to_target":""},"categories":[7,9,8,1],"tags":[],"_links":{"self":[{"href":"https:\/\/www.ilheusnoticias.net.br\/v1\/wp-json\/wp\/v2\/posts\/12718"}],"collection":[{"href":"https:\/\/www.ilheusnoticias.net.br\/v1\/wp-json\/wp\/v2\/posts"}],"about":[{"href":"https:\/\/www.ilheusnoticias.net.br\/v1\/wp-json\/wp\/v2\/types\/post"}],"author":[{"embeddable":true,"href":"https:\/\/www.ilheusnoticias.net.br\/v1\/wp-json\/wp\/v2\/users\/2"}],"replies":[{"embeddable":true,"href":"https:\/\/www.ilheusnoticias.net.br\/v1\/wp-json\/wp\/v2\/comments?post=12718"}],"version-history":[{"count":1,"href":"https:\/\/www.ilheusnoticias.net.br\/v1\/wp-json\/wp\/v2\/posts\/12718\/revisions"}],"predecessor-version":[{"id":12719,"href":"https:\/\/www.ilheusnoticias.net.br\/v1\/wp-json\/wp\/v2\/posts\/12718\/revisions\/12719"}],"wp:attachment":[{"href":"https:\/\/www.ilheusnoticias.net.br\/v1\/wp-json\/wp\/v2\/media?parent=12718"}],"wp:term":[{"taxonomy":"category","embeddable":true,"href":"https:\/\/www.ilheusnoticias.net.br\/v1\/wp-json\/wp\/v2\/categories?post=12718"},{"taxonomy":"post_tag","embeddable":true,"href":"https:\/\/www.ilheusnoticias.net.br\/v1\/wp-json\/wp\/v2\/tags?post=12718"}],"curies":[{"name":"wp","href":"https:\/\/api.w.org\/{rel}","templated":true}]}}