{"id":12707,"date":"2018-02-17T12:12:54","date_gmt":"2018-02-17T15:12:54","guid":{"rendered":"http:\/\/www.ilheusnoticias.net.br\/v1\/?p=12707"},"modified":"2018-02-17T12:12:54","modified_gmt":"2018-02-17T15:12:54","slug":"foguetinhos-52","status":"publish","type":"post","link":"https:\/\/www.ilheusnoticias.net.br\/v1\/2018\/02\/17\/foguetinhos-52\/","title":{"rendered":"FOGUETINHOS"},"content":{"rendered":"<p><a href=\"http:\/\/www.ilheusnoticias.net.br\/v1\/wp-content\/uploads\/2017\/11\/zecarlos.jpg\" rel=\"attachment wp-att-9826\"><img loading=\"lazy\" class=\"aligncenter size-full wp-image-9826\" src=\"http:\/\/www.ilheusnoticias.net.br\/v1\/wp-content\/uploads\/2017\/11\/zecarlos.jpg\" alt=\"zecarlos\" width=\"300\" height=\"207\" \/><\/a><\/p>\n<p>1-<\/p>\n<p>MEUS AMIGOS MILITANTES DIZEM QUE N\u00c3O VOTARAM EM TEMER.<\/p>\n<p>E TEMER ERA VICE DE QUEM?<\/p>\n<div class=\"text_exposed_show\">\n<p>FA\u00c7O ESTA CONTA TODOS OS DIAS E N\u00c3O ENTENDO O RESULTADO.<\/p>\n<p>SER\u00c1 QUE SOU ANALFA?<\/p>\n<p>VOU REPETI A CONTA, TALVEZ UM DIA CONSIGA O RESULTADO.<\/p>\n<p>ACOMPANHAR O RACIOC\u00cdNIO DESSA TURMA N\u00c3O \u00c9 MOLE.<\/p>\n<\/div>\n<p>2-<\/p>\n<p>O assunto hoje \u00e9 ADMINISTRADOR DE BAIRROS, DISTRITOS E ADJAC\u00caNCIAS.<\/p>\n<p>A inten\u00e7\u00e3o n\u00e3o \u00e9 denegrir a imagem de NINGU\u00c9M, apenas como cidad\u00e3o gostaria de saber qual a fun\u00e7\u00e3o do ADMINISTRADOR de bairros, distritos, povoados, pois, salvo melhor ju\u00edzo, s\u00e3o SERVIDORES P\u00daBLICOS remunerados, ou n\u00e3o s\u00e3o?<\/p>\n<div class=\"text_exposed_show\">\n<p>Moro na Sapetinga h\u00e1 mais de 40 anos e NUNCA em tempo algum ocupamos o ADMINISTRADOR DO PONTAL solicitando algum tipo de servi\u00e7o, temos uma ASSOCIA\u00c7\u00c3O DE MORADORES ATIVA e fazemos a nossa parte com dedica\u00e7\u00e3o e com o apoio do poder p\u00fablico, somos pois cidad\u00e3os volunt\u00e1rios e trabalhamos pelo bem comum.<\/p>\n<p>Come\u00e7ando pelo Bairro do Pontal temos in\u00fameros e graves assuntos a resolver, a discutir, a levar ao conhecimento da prefeitura, ou n\u00e3o temos?<\/p>\n<p>Sen\u00e3o vejamos: Tr\u00e2nsito, locadoras de ve\u00edculos, LIMPEZA DA ORLA, Clube Social, ocupa\u00e7\u00e3o irregular do solo, saneamento b\u00e1sico, ruas esburacadas, passeios constru\u00eddos fora do padr\u00e3o, posto m\u00e9dico, sinaliza\u00e7\u00e3o horizontal e vertical, pontos cr\u00f4nicos de lixo, Pra\u00e7a S\u00e3o Jo\u00e3o Batista, e por a\u00ed vai, e sem contar que o Conjunto Residencial da Sapetinga, Loteamento Jardim Pontal e Nova Bras\u00edlia fazem parte SIM do Bairro do Pontal.<\/p>\n<p>O poder p\u00fablico tem mais \u00e9 que fortalecer e apoiar as ASSOCIA\u00c7\u00d5ES DE MORADORES.<\/p>\n<p>Obrigado! Com licen\u00e7a!<br \/>\nZ\u00c9CARLOS JUNIOR (cidad\u00e3o livre e de bons costumes)<\/p>\n<\/div>\n","protected":false},"excerpt":{"rendered":"<p>1- MEUS AMIGOS MILITANTES DIZEM QUE N\u00c3O VOTARAM EM TEMER. E TEMER ERA VICE DE QUEM? FA\u00c7O ESTA CONTA TODOS OS DIAS E N\u00c3O ENTENDO O RESULTADO. SER\u00c1 QUE SOU ANALFA? VOU REPETI A CONTA, TALVEZ UM DIA CONSIGA O RESULTADO. ACOMPANHAR O RACIOC\u00cdNIO DESSA TURMA N\u00c3O \u00c9 MOLE. 2- O assunto hoje \u00e9 ADMINISTRADOR [&hellip;]<\/p>\n","protected":false},"author":2,"featured_media":0,"comment_status":"open","ping_status":"open","sticky":false,"template":"","format":"standard","meta":{"_links_to":"","_links_to_target":""},"categories":[7,9,8,1],"tags":[],"_links":{"self":[{"href":"https:\/\/www.ilheusnoticias.net.br\/v1\/wp-json\/wp\/v2\/posts\/12707"}],"collection":[{"href":"https:\/\/www.ilheusnoticias.net.br\/v1\/wp-json\/wp\/v2\/posts"}],"about":[{"href":"https:\/\/www.ilheusnoticias.net.br\/v1\/wp-json\/wp\/v2\/types\/post"}],"author":[{"embeddable":true,"href":"https:\/\/www.ilheusnoticias.net.br\/v1\/wp-json\/wp\/v2\/users\/2"}],"replies":[{"embeddable":true,"href":"https:\/\/www.ilheusnoticias.net.br\/v1\/wp-json\/wp\/v2\/comments?post=12707"}],"version-history":[{"count":1,"href":"https:\/\/www.ilheusnoticias.net.br\/v1\/wp-json\/wp\/v2\/posts\/12707\/revisions"}],"predecessor-version":[{"id":12708,"href":"https:\/\/www.ilheusnoticias.net.br\/v1\/wp-json\/wp\/v2\/posts\/12707\/revisions\/12708"}],"wp:attachment":[{"href":"https:\/\/www.ilheusnoticias.net.br\/v1\/wp-json\/wp\/v2\/media?parent=12707"}],"wp:term":[{"taxonomy":"category","embeddable":true,"href":"https:\/\/www.ilheusnoticias.net.br\/v1\/wp-json\/wp\/v2\/categories?post=12707"},{"taxonomy":"post_tag","embeddable":true,"href":"https:\/\/www.ilheusnoticias.net.br\/v1\/wp-json\/wp\/v2\/tags?post=12707"}],"curies":[{"name":"wp","href":"https:\/\/api.w.org\/{rel}","templated":true}]}}