{"id":12701,"date":"2018-02-17T12:05:22","date_gmt":"2018-02-17T15:05:22","guid":{"rendered":"http:\/\/www.ilheusnoticias.net.br\/v1\/?p=12701"},"modified":"2018-02-17T12:05:22","modified_gmt":"2018-02-17T15:05:22","slug":"bancarios-nao-devem-parar-atividades-na-bahia-em-greve-geral-na-segunda-feira","status":"publish","type":"post","link":"https:\/\/www.ilheusnoticias.net.br\/v1\/2018\/02\/17\/bancarios-nao-devem-parar-atividades-na-bahia-em-greve-geral-na-segunda-feira\/","title":{"rendered":"Banc\u00e1rios n\u00e3o devem parar atividades na Bahia em greve geral na segunda-feira"},"content":{"rendered":"<h3 class=\"post-title entry-title\"><\/h3>\n<div id=\"post-body-6411608441923908892\" class=\"post-body entry-content\">\n<div class=\"separator\"><a href=\"https:\/\/3.bp.blogspot.com\/-E2pgfA6hLvA\/V_ehm5k3JCI\/AAAAAAABRTo\/ZFIqO_sJ1YI3xuOjkNV8g8eBbN0oF-ZbgCLcB\/s1600\/caixa-economica-ipiau-greve-bancarios.jpg\"><img src=\"https:\/\/3.bp.blogspot.com\/-E2pgfA6hLvA\/V_ehm5k3JCI\/AAAAAAABRTo\/ZFIqO_sJ1YI3xuOjkNV8g8eBbN0oF-ZbgCLcB\/s1600\/caixa-economica-ipiau-greve-bancarios.jpg\" alt=\"\" border=\"0\" \/><\/a><\/div>\n<div>Os banc\u00e1rios n\u00e3o devem parar suas atividades durante a greve geral marcada por centrais sindicais para a pr\u00f3xima segunda-feira (19) em protesto contra a reforma da Previd\u00eancia. Segundo o presidente do Sindicato dos Banc\u00e1rios da Bahia, Augusto Vasconcelos, a entidade convocou os seus trabalhadores apenas para realizar manifesta\u00e7\u00f5es em ag\u00eancias banc\u00e1rias e participar das caminhadas previstas para acontecer em Salvador.<\/div>\n<\/div>\n<p><!--more--><\/p>\n<div id=\"post-body-6411608441923908892\" class=\"post-body entry-content\">\n<div><\/div>\n<div>&#8220;V\u00e3o acontecer protestos nas ag\u00eancias e estamos convocando os trabalhadores para participarem das passeatas&#8221;, comentou em entrevista ao Bahia Not\u00edcias nesta sexta-feira (19). Vasconcelos ressaltou que os banc\u00e1rios podem parar suas atividades caso a reforma da Previd\u00eancia seja colocada na pauta da C\u00e2mara. &#8220;N\u00f3s n\u00e3o descartamos a paralisa\u00e7\u00e3o, mas na segunda vamos concentrar nossos esfor\u00e7os nas manifesta\u00e7\u00f5es&#8221;, afirmou o presidente do sindicato. *Bahia Not\u00edcias<\/div>\n<div>Aguardamos informa\u00e7\u00f5es do amigo Waldemir Correa<\/div>\n<\/div>\n","protected":false},"excerpt":{"rendered":"<p>Os banc\u00e1rios n\u00e3o devem parar suas atividades durante a greve geral marcada por centrais sindicais para a pr\u00f3xima segunda-feira (19) em protesto contra a reforma da Previd\u00eancia. Segundo o presidente do Sindicato dos Banc\u00e1rios da Bahia, Augusto Vasconcelos, a entidade convocou os seus trabalhadores apenas para realizar manifesta\u00e7\u00f5es em ag\u00eancias banc\u00e1rias e participar das caminhadas [&hellip;]<\/p>\n","protected":false},"author":2,"featured_media":0,"comment_status":"open","ping_status":"open","sticky":false,"template":"","format":"standard","meta":{"_links_to":"","_links_to_target":""},"categories":[7,9,8,1],"tags":[],"_links":{"self":[{"href":"https:\/\/www.ilheusnoticias.net.br\/v1\/wp-json\/wp\/v2\/posts\/12701"}],"collection":[{"href":"https:\/\/www.ilheusnoticias.net.br\/v1\/wp-json\/wp\/v2\/posts"}],"about":[{"href":"https:\/\/www.ilheusnoticias.net.br\/v1\/wp-json\/wp\/v2\/types\/post"}],"author":[{"embeddable":true,"href":"https:\/\/www.ilheusnoticias.net.br\/v1\/wp-json\/wp\/v2\/users\/2"}],"replies":[{"embeddable":true,"href":"https:\/\/www.ilheusnoticias.net.br\/v1\/wp-json\/wp\/v2\/comments?post=12701"}],"version-history":[{"count":1,"href":"https:\/\/www.ilheusnoticias.net.br\/v1\/wp-json\/wp\/v2\/posts\/12701\/revisions"}],"predecessor-version":[{"id":12702,"href":"https:\/\/www.ilheusnoticias.net.br\/v1\/wp-json\/wp\/v2\/posts\/12701\/revisions\/12702"}],"wp:attachment":[{"href":"https:\/\/www.ilheusnoticias.net.br\/v1\/wp-json\/wp\/v2\/media?parent=12701"}],"wp:term":[{"taxonomy":"category","embeddable":true,"href":"https:\/\/www.ilheusnoticias.net.br\/v1\/wp-json\/wp\/v2\/categories?post=12701"},{"taxonomy":"post_tag","embeddable":true,"href":"https:\/\/www.ilheusnoticias.net.br\/v1\/wp-json\/wp\/v2\/tags?post=12701"}],"curies":[{"name":"wp","href":"https:\/\/api.w.org\/{rel}","templated":true}]}}