{"id":12697,"date":"2018-02-17T12:01:27","date_gmt":"2018-02-17T15:01:27","guid":{"rendered":"http:\/\/www.ilheusnoticias.net.br\/v1\/?p=12697"},"modified":"2018-02-17T12:01:27","modified_gmt":"2018-02-17T15:01:27","slug":"festival-de-economia-solidaria-leva-produtos-direto-do-produtor-para-o-consumidor","status":"publish","type":"post","link":"https:\/\/www.ilheusnoticias.net.br\/v1\/2018\/02\/17\/festival-de-economia-solidaria-leva-produtos-direto-do-produtor-para-o-consumidor\/","title":{"rendered":"Festival de Economia Solid\u00e1ria leva produtos direto do produtor para o consumidor"},"content":{"rendered":"<p class=\"x_MsoNormal\"><img loading=\"lazy\" class=\"\" src=\"https:\/\/attachment.outlook.office.net\/owa\/laudiceacarvalho62@hotmail.com\/service.svc\/s\/GetAttachmentThumbnail?id=AQMkADAwATYwMAItY2MANTgtODQxNC0wMAItMDAKAEYAAANqOYr2uMN4Qoz6pFp%2FhFoeBwAsxvM0hWqyT6EfSeQ8%2BPgA8AAAAgEMAAAALMbzNIVqsk%2BhH0nkPPj4APAAAWoz958AAAABEgAQABLwrJsnynVLi%2BvvI4hg74A%3D&amp;thumbnailType=2&amp;X-OWA-CANARY=nO1fWkJCY02j7sXAQz3N6yACPAoXdtUYYyrTUipfEtPQJopsfOw6p079deFTkw0ufnlpMKo8wqc.&amp;token=eyJ0eXAiOiJKV1QiLCJhbGciOiJSUzI1NiIsIng1dCI6ImVuaDlCSnJWUFU1aWpWMXFqWmpWLWZMMmJjbyJ9.eyJ2ZXIiOiJFeGNoYW5nZS5DYWxsYmFjay5WMSIsImFwcGN0eHNlbmRlciI6Ik93YURvd25sb2FkQDg0ZGY5ZTdmLWU5ZjYtNDBhZi1iNDM1LWFhYWFhYWFhYWFhYSIsImFwcGN0eCI6IntcIm1zZXhjaHByb3RcIjpcIm93YVwiLFwicHJpbWFyeXNpZFwiOlwiUy0xLTI4MjctMzkzMjE2LTM0MjgzNTMwNDRcIixcInB1aWRcIjpcIjE2ODg4NTMyODg2MTY5ODBcIixcIm9pZFwiOlwiMDAwNjAwMDAtY2M1OC04NDE0LTAwMDAtMDAwMDAwMDAwMDAwXCIsXCJzY29wZVwiOlwiT3dhRG93bmxvYWRcIn0iLCJpc3MiOiIwMDAwMDAwMi0wMDAwLTBmZjEtY2UwMC0wMDAwMDAwMDAwMDBAODRkZjllN2YtZTlmNi00MGFmLWI0MzUtYWFhYWFhYWFhYWFhIiwiYXVkIjoiMDAwMDAwMDItMDAwMC0wZmYxLWNlMDAtMDAwMDAwMDAwMDAwL2F0dGFjaG1lbnQub3V0bG9vay5vZmZpY2UubmV0QDg0ZGY5ZTdmLWU5ZjYtNDBhZi1iNDM1LWFhYWFhYWFhYWFhYSIsImV4cCI6MTUxODg3OTk5MiwibmJmIjoxNTE4ODc5MzkyfQ.PCUkSX8xmdGvkRyLH8MoxgeBv9nFLB8lOla1ltVXMokKUsyHJ06FaKRqLFw3BJICOGj8NTMAnRKq2o0leYXyquStUI-LCd8TGelpPm1LJjqEjMH7JGqWe37M6Zna147F06eXpMwRyvy8YBsrRcBU4DiSVe4KdZMLBl2OghLxra_ZFQ17JjTkdU9UnnbyofNQM6HwJi6GIFYSjuWkDpwkv5OiK6ewfgF2z7Ng5VcyFUmpdDo8-89PrWSyQgAhtB3bS9JglON4aZqw8qFamKhFgczT-oh0yv1pYSQi4PDBfzLWz6GiwNcNWPswBxCiNDS_tWH5CSq9m-icrl7vrJjXgw&amp;owa=outlook.live.com&amp;isc=1\" alt=\"\" width=\"332\" height=\"221\" \/><\/p>\n<p class=\"x_MsoNormal\">\n<p class=\"x_MsoNormal\">Pe\u00e7as de artesanato, compotas, beiju, vestimenta, biscoitos e cerveja artesanal de umbu, tudo direto da m\u00e3o dos produtores diretamente para o consumidor. Esse \u00e9 o diferencial do Festival de Economia Solid\u00e1ria, iniciado na ultima quinta-feira (15), e que segue at\u00e9 o dia 28\/02, no Salvador Shopping, na Pra\u00e7a de Servi\u00e7os, no Piso G1.<\/p>\n<p class=\"x_MsoNormal\">Realizado pelo Governo do Estado, por meio da Secretaria do Trabalho, Emprego, Renda e Esporte (Setre), o evento re\u00fane empreendimentos de economia solid\u00e1ria de 13 territ\u00f3rios de identidade, que abrangem 206 munic\u00edpios baianos.<\/p>\n<p class=\"x_MsoNormal\">Empreendimentos como a Cooperativa Feminina da Agricultura Familiar e Economia Solidaria de Valen\u00e7a (Coomafes), que trouxe para o Festival o beiju e a banana chips produzidos pelas mulheres cooperadas, como carro-chefe do estande do Territ\u00f3rio Baixo Sul.<\/p>\n<p class=\"x_MsoNormal\"><!--more--><\/p>\n<p class=\"x_MsoNormal\">\u201cPara n\u00f3s dos movimentos sociais, que lutamos tanto para que as pol\u00edticas p\u00fablicas chegassem at\u00e9 os empreendimentos, esse espa\u00e7o \u00e9 a concretiza\u00e7\u00e3o de um sonho e resultado de uma luta. O Festival demonstra que o Governo do Estado tem acertado no investimento para o nosso segmento\u201d, elogia Maria Joselita da Costa, a Branca, da Coomafes.<\/p>\n<p class=\"x_MsoNormal\">Presente na abertura do evento, a secret\u00e1ria Ol\u00edvia Santana (Setre) destacou que \u201cobjetivo maior do Festival \u00e9 dar visibilidade e fortalecer os empreendimentos de economia solid\u00e1ria, que \u00e9 feita de uma forma diferenciada, em rede, onde um coletivo de pessoas se re\u00fane para produzir, comercializar, e dividir o fruto dessa produ\u00e7\u00e3o\u201d.<b><\/b><\/p>\n<p class=\"x_MsoNormal\">Cl\u00e9cio Fonseca, representante do Cesol Sudoeste Baiano, que contempla 25 munic\u00edpios, se surpreendeu com o movimento na abertura do Festival. \u201cTrouxemos produtos na expectativa de durar at\u00e9 o fim de semana, j\u00e1 vendemos mais da metade somente no primeiro dia. Mas j\u00e1 pedimos refor\u00e7o para repor o nosso estoque\u201d, comemora.<\/p>\n<p class=\"x_MsoNormal\"><b>Programa\u00e7\u00e3o<\/b><\/p>\n<p class=\"x_MsoNormal\">Al\u00e9m da comercializa\u00e7\u00e3o, o festival leva ao p\u00fablico atividades culturais e aulas-show de gastronomia, quando\u00a0<i>chefs<\/i>\u00a0de cozinha v\u00e3o apresentar receitas elaboradas com produtos caracter\u00edsticos dos territ\u00f3rios e produzidos atendidos pelos Centros P\u00fablicos de Economia Solid\u00e1ria (Cesol).<\/p>\n<p class=\"x_MsoNormal\">Neste s\u00e1bado (17), \u00e0s 15h, na programa\u00e7\u00e3o cultural, tem Conta\u00e7\u00e3o de Hist\u00f3ria. \u00c0s 18h, tem aula-show de gastronomia, com produtos de empreendimentos da regi\u00e3o Sudoeste.<\/p>\n<p class=\"x_MsoNormal\">Domingo (18) tem atividades para crian\u00e7ada, com Oficina de Bonecas e Livro Fabricando, \u00e0s 15h. No final da tarde, \u00e0s 17h, tem a exibi\u00e7\u00e3o do filme \u00d3rum \u00c0i\u00e9, logo depois, tem um bate-papo com a diretora do filme, Jamile Coelho.<\/p>\n<p class=\"x_MsoNormal\"><i>\u00a0<\/i><\/p>\n","protected":false},"excerpt":{"rendered":"<p>Pe\u00e7as de artesanato, compotas, beiju, vestimenta, biscoitos e cerveja artesanal de umbu, tudo direto da m\u00e3o dos produtores diretamente para o consumidor. Esse \u00e9 o diferencial do Festival de Economia Solid\u00e1ria, iniciado na ultima quinta-feira (15), e que segue at\u00e9 o dia 28\/02, no Salvador Shopping, na Pra\u00e7a de Servi\u00e7os, no Piso G1. Realizado pelo [&hellip;]<\/p>\n","protected":false},"author":2,"featured_media":0,"comment_status":"open","ping_status":"open","sticky":false,"template":"","format":"standard","meta":{"_links_to":"","_links_to_target":""},"categories":[7,9,8,1],"tags":[],"_links":{"self":[{"href":"https:\/\/www.ilheusnoticias.net.br\/v1\/wp-json\/wp\/v2\/posts\/12697"}],"collection":[{"href":"https:\/\/www.ilheusnoticias.net.br\/v1\/wp-json\/wp\/v2\/posts"}],"about":[{"href":"https:\/\/www.ilheusnoticias.net.br\/v1\/wp-json\/wp\/v2\/types\/post"}],"author":[{"embeddable":true,"href":"https:\/\/www.ilheusnoticias.net.br\/v1\/wp-json\/wp\/v2\/users\/2"}],"replies":[{"embeddable":true,"href":"https:\/\/www.ilheusnoticias.net.br\/v1\/wp-json\/wp\/v2\/comments?post=12697"}],"version-history":[{"count":1,"href":"https:\/\/www.ilheusnoticias.net.br\/v1\/wp-json\/wp\/v2\/posts\/12697\/revisions"}],"predecessor-version":[{"id":12698,"href":"https:\/\/www.ilheusnoticias.net.br\/v1\/wp-json\/wp\/v2\/posts\/12697\/revisions\/12698"}],"wp:attachment":[{"href":"https:\/\/www.ilheusnoticias.net.br\/v1\/wp-json\/wp\/v2\/media?parent=12697"}],"wp:term":[{"taxonomy":"category","embeddable":true,"href":"https:\/\/www.ilheusnoticias.net.br\/v1\/wp-json\/wp\/v2\/categories?post=12697"},{"taxonomy":"post_tag","embeddable":true,"href":"https:\/\/www.ilheusnoticias.net.br\/v1\/wp-json\/wp\/v2\/tags?post=12697"}],"curies":[{"name":"wp","href":"https:\/\/api.w.org\/{rel}","templated":true}]}}