{"id":12693,"date":"2018-02-16T18:59:46","date_gmt":"2018-02-16T21:59:46","guid":{"rendered":"http:\/\/www.ilheusnoticias.net.br\/v1\/?p=12693"},"modified":"2018-02-16T18:59:46","modified_gmt":"2018-02-16T21:59:46","slug":"atencao-secretario-jorge-cunha-olha-que-situacao-se-encontra-urbis-em-ilheus","status":"publish","type":"post","link":"https:\/\/www.ilheusnoticias.net.br\/v1\/2018\/02\/16\/atencao-secretario-jorge-cunha-olha-que-situacao-se-encontra-urbis-em-ilheus\/","title":{"rendered":"Aten\u00e7\u00e3o Secret\u00e1rio Jorge Cunha : Olha que situa\u00e7\u00e3o se encontra Urbis, em Ilh\u00e9us"},"content":{"rendered":"<p>N\u00f3s resolvemos cobrar responsabilidade\u00a0 daqueles que respondem por pastas, recebem bem e que possuem o dever de corresponder a confian\u00e7a do Prefeito. Ora, se n\u00e3o quer trabalhar cai fora. Vejam senhores isso: Contra fotos n\u00e3o h\u00e1 argumentos. T\u00e1 nas redes sociais<\/p>\n<div class=\"_5x46 _1yz1 clearfix\">\n<div class=\"clearfix _5va3\">\n<div class=\"clearfix _42ef\">\n<div class=\"_5va4\">\n<div class=\"_6a _5u5j\">\n<div class=\"_6a _5u5j _6b\">\n<h5 class=\"_14f5 _5pbw _5vra\" data-ft=\"{&quot;tn&quot;:&quot;C&quot;}\"><span class=\"fwn fcg\"><span class=\"fcg\"><span class=\"fwb\"><a class=\"profileLink\" href=\"https:\/\/www.facebook.com\/JoaquimCostaLino?hc_ref=ARRkuHvEpbjtjaESOMqeqwNHpYHoTbiTA4GyLJTVUKWQMP0r42ilQgNJp9618Wf0fVw\" data-ft=\"{&quot;tn&quot;:&quot;l&quot;}\" data-hovercard=\"\/ajax\/hovercard\/user.php?id=100000108487651&amp;extragetparams=%7B%22hc_ref%22%3A%22ARRkuHvEpbjtjaESOMqeqwNHpYHoTbiTA4GyLJTVUKWQMP0r42ilQgNJp9618Wf0fVw%22%7D\" data-hovercard-prefer-more-content-show=\"1\" data-hovercard-referer=\"ARRkuHvEpbjtjaESOMqeqwNHpYHoTbiTA4GyLJTVUKWQMP0r42ilQgNJp9618Wf0fVw\">Joaquim Costa Lino<\/a><\/span>\u00a0<\/span><\/span><\/h5>\n<div class=\"_6a _29ee _4f-9 _43_1\" data-hover=\"tooltip\" data-tooltip-content=\"Compartilhado com: P\u00fablico\"><\/div>\n<\/div>\n<\/div>\n<\/div>\n<\/div>\n<\/div>\n<\/div>\n<div id=\"js_o\" class=\"_5pbx userContent _3576\" data-ft=\"{&quot;tn&quot;:&quot;K&quot;}\">\n<p>&#8221; Eu falei que o pior ainda estava por vir!&#8221;<br \/>\nLixo e descaso ocupam o Hern\u00e2ni de S\u00e1.<\/p>\n<\/div>\n<div class=\"_3x-2\" data-ft=\"{&quot;tn&quot;:&quot;H&quot;}\">\n<div data-ft=\"{&quot;tn&quot;:&quot;H&quot;}\">\n<div class=\"mtm\">\n<div class=\"_2a2q\">\n<div id=\"u_0_18\" class=\"_5mly\"><\/div>\n<div class=\"_46-h\"><img loading=\"lazy\" class=\"_46-i img\" src=\"https:\/\/scontent.fvdc1-1.fna.fbcdn.net\/v\/t1.0-0\/p240x240\/28058624_1926590410687890_5403747630046544588_n.jpg?oh=18200b16fe2ea4e7f90e9670712a0738&amp;oe=5B1601BA\" alt=\"A imagem pode conter: planta, flor e atividades ao ar livre\" width=\"320\" height=\"240\" \/><\/div>\n<div class=\"_46-h\"><img loading=\"lazy\" class=\"_46-i img\" src=\"https:\/\/scontent.fvdc1-1.fna.fbcdn.net\/v\/t1.0-0\/s240x240\/28276694_1926590997354498_5351240639317737657_n.jpg?oh=36e814c448a823d0b5ca044c7ea03a0e&amp;oe=5B20BB7A\" alt=\"A imagem pode conter: uma ou mais pessoas, \u00e1rvore, sapatos, planta, c\u00e9u, atividades ao ar livre e natureza\" width=\"240\" height=\"180\" \/><\/div>\n<div class=\"_46-h\"><img loading=\"lazy\" class=\"_46-i img\" src=\"https:\/\/scontent.fvdc1-1.fna.fbcdn.net\/v\/t1.0-0\/s240x240\/27972980_1926591070687824_5656501968481864647_n.jpg?oh=517ae3be07f129be9d3547fd305672d4&amp;oe=5B107EF7\" alt=\"A imagem pode conter: uma ou mais pessoas, \u00e1rvore, c\u00e9u, planta e atividades ao ar livre\" width=\"240\" height=\"180\" \/><\/div>\n<p><a id=\"u_0_12\" class=\"_5dec _xcx\" href=\"https:\/\/www.facebook.com\/photo.php?fbid=1926591144021150&amp;set=pcb.1926595054020759&amp;type=3\" rel=\"theater\" data-ploi=\"https:\/\/scontent.fvdc1-1.fna.fbcdn.net\/v\/t1.0-9\/27867970_1926591144021150_2437547671756209371_n.jpg?oh=b57f6b13e1f11eac6609b9326f531a7e&amp;oe=5B26F08C\" data-render-location=\"permalink\" data-ft=\"{&quot;tn&quot;:&quot;E&quot;}\"><\/a><\/div>\n<\/div>\n<\/div>\n<\/div>\n","protected":false},"excerpt":{"rendered":"<p>N\u00f3s resolvemos cobrar responsabilidade\u00a0 daqueles que respondem por pastas, recebem bem e que possuem o dever de corresponder a confian\u00e7a do Prefeito. Ora, se n\u00e3o quer trabalhar cai fora. Vejam senhores isso: Contra fotos n\u00e3o h\u00e1 argumentos. T\u00e1 nas redes sociais Joaquim Costa Lino\u00a0 &#8221; Eu falei que o pior ainda estava por vir!&#8221; Lixo [&hellip;]<\/p>\n","protected":false},"author":2,"featured_media":0,"comment_status":"open","ping_status":"open","sticky":false,"template":"","format":"standard","meta":{"_links_to":"","_links_to_target":""},"categories":[7,9,8,1],"tags":[],"_links":{"self":[{"href":"https:\/\/www.ilheusnoticias.net.br\/v1\/wp-json\/wp\/v2\/posts\/12693"}],"collection":[{"href":"https:\/\/www.ilheusnoticias.net.br\/v1\/wp-json\/wp\/v2\/posts"}],"about":[{"href":"https:\/\/www.ilheusnoticias.net.br\/v1\/wp-json\/wp\/v2\/types\/post"}],"author":[{"embeddable":true,"href":"https:\/\/www.ilheusnoticias.net.br\/v1\/wp-json\/wp\/v2\/users\/2"}],"replies":[{"embeddable":true,"href":"https:\/\/www.ilheusnoticias.net.br\/v1\/wp-json\/wp\/v2\/comments?post=12693"}],"version-history":[{"count":1,"href":"https:\/\/www.ilheusnoticias.net.br\/v1\/wp-json\/wp\/v2\/posts\/12693\/revisions"}],"predecessor-version":[{"id":12694,"href":"https:\/\/www.ilheusnoticias.net.br\/v1\/wp-json\/wp\/v2\/posts\/12693\/revisions\/12694"}],"wp:attachment":[{"href":"https:\/\/www.ilheusnoticias.net.br\/v1\/wp-json\/wp\/v2\/media?parent=12693"}],"wp:term":[{"taxonomy":"category","embeddable":true,"href":"https:\/\/www.ilheusnoticias.net.br\/v1\/wp-json\/wp\/v2\/categories?post=12693"},{"taxonomy":"post_tag","embeddable":true,"href":"https:\/\/www.ilheusnoticias.net.br\/v1\/wp-json\/wp\/v2\/tags?post=12693"}],"curies":[{"name":"wp","href":"https:\/\/api.w.org\/{rel}","templated":true}]}}