{"id":12689,"date":"2018-02-16T18:29:17","date_gmt":"2018-02-16T21:29:17","guid":{"rendered":"http:\/\/www.ilheusnoticias.net.br\/v1\/?p=12689"},"modified":"2018-02-16T18:29:17","modified_gmt":"2018-02-16T21:29:17","slug":"prefeito-dernival-de-itapitanga-deixou-carta-de-despedida","status":"publish","type":"post","link":"https:\/\/www.ilheusnoticias.net.br\/v1\/2018\/02\/16\/prefeito-dernival-de-itapitanga-deixou-carta-de-despedida\/","title":{"rendered":"Prefeito Dernival de Itapitanga deixou carta de despedida"},"content":{"rendered":"<h3 class=\"post-title entry-title\"><\/h3>\n<div id=\"post-body-4859803065701637691\" class=\"post-body entry-content\">\n<div class=\"separator\"><a href=\"https:\/\/2.bp.blogspot.com\/-WMXAu9Gko0M\/WobDkLwVG7I\/AAAAAAAAS1Q\/08Nxvy0tBocuMWvnE2xP-8HpI_md-AhWwCLcBGAs\/s1600\/dernival%2B2.jpg\"><img loading=\"lazy\" src=\"https:\/\/2.bp.blogspot.com\/-WMXAu9Gko0M\/WobDkLwVG7I\/AAAAAAAAS1Q\/08Nxvy0tBocuMWvnE2xP-8HpI_md-AhWwCLcBGAs\/s640\/dernival%2B2.jpg\" alt=\"\" width=\"402\" height=\"640\" border=\"0\" data-original-height=\"320\" data-original-width=\"201\" \/><\/a><\/div>\n<div>O prefeito de Itapitanga, Dernival Ferreira (PSB) estava passando por um momento bastante dif\u00edcil na sua vida pessoal e pol\u00edtica. Na pessoal estava com alguns problemas de parte financeira que estava causando grande press\u00e3o. J\u00e1 na vida pol\u00edtica ele estava enfrenando uma crise no seu governo e sua popularidade estava caindo. Ele estava decidido a se licenciar do cargo ou at\u00e9 mesmo a renunciar, j\u00e1 tinha comentado para alguns amigos dessa sua pretens\u00e3o.<\/div>\n<div><\/div>\n<div>Na noite da \u00faltima quarta-feira (14) ele se reuniu com o vice-prefeito Ro de Beto (PSB), e comentou que era para ele se preparar para assumir o cargo. Segundo informa\u00e7\u00f5es, ao lado do corpo de Dernival, estavam um revolver 32 e uma carta, na qual ele desabafa sobre a sua insatisfa\u00e7\u00e3o com a pol\u00edtica, com a vida e informava sobre alguns assuntos da fam\u00edlia.<\/div>\n<div><\/div>\n<div>O corpo do prefeito, foi velado em Itapitanga nesta quinta-feira (15) e nesta sexta-feira (16), o corpo seguir\u00e1 para Jucuru\u00e7u, terra natal de Dernival onde ser\u00e1 sepultado.<\/div>\n<\/div>\n","protected":false},"excerpt":{"rendered":"<p>O prefeito de Itapitanga, Dernival Ferreira (PSB) estava passando por um momento bastante dif\u00edcil na sua vida pessoal e pol\u00edtica. Na pessoal estava com alguns problemas de parte financeira que estava causando grande press\u00e3o. J\u00e1 na vida pol\u00edtica ele estava enfrenando uma crise no seu governo e sua popularidade estava caindo. Ele estava decidido a [&hellip;]<\/p>\n","protected":false},"author":2,"featured_media":0,"comment_status":"open","ping_status":"open","sticky":false,"template":"","format":"standard","meta":{"_links_to":"","_links_to_target":""},"categories":[7,9,8,1,5],"tags":[],"_links":{"self":[{"href":"https:\/\/www.ilheusnoticias.net.br\/v1\/wp-json\/wp\/v2\/posts\/12689"}],"collection":[{"href":"https:\/\/www.ilheusnoticias.net.br\/v1\/wp-json\/wp\/v2\/posts"}],"about":[{"href":"https:\/\/www.ilheusnoticias.net.br\/v1\/wp-json\/wp\/v2\/types\/post"}],"author":[{"embeddable":true,"href":"https:\/\/www.ilheusnoticias.net.br\/v1\/wp-json\/wp\/v2\/users\/2"}],"replies":[{"embeddable":true,"href":"https:\/\/www.ilheusnoticias.net.br\/v1\/wp-json\/wp\/v2\/comments?post=12689"}],"version-history":[{"count":1,"href":"https:\/\/www.ilheusnoticias.net.br\/v1\/wp-json\/wp\/v2\/posts\/12689\/revisions"}],"predecessor-version":[{"id":12690,"href":"https:\/\/www.ilheusnoticias.net.br\/v1\/wp-json\/wp\/v2\/posts\/12689\/revisions\/12690"}],"wp:attachment":[{"href":"https:\/\/www.ilheusnoticias.net.br\/v1\/wp-json\/wp\/v2\/media?parent=12689"}],"wp:term":[{"taxonomy":"category","embeddable":true,"href":"https:\/\/www.ilheusnoticias.net.br\/v1\/wp-json\/wp\/v2\/categories?post=12689"},{"taxonomy":"post_tag","embeddable":true,"href":"https:\/\/www.ilheusnoticias.net.br\/v1\/wp-json\/wp\/v2\/tags?post=12689"}],"curies":[{"name":"wp","href":"https:\/\/api.w.org\/{rel}","templated":true}]}}