{"id":12681,"date":"2018-02-16T18:22:29","date_gmt":"2018-02-16T21:22:29","guid":{"rendered":"http:\/\/www.ilheusnoticias.net.br\/v1\/?p=12681"},"modified":"2018-02-16T18:22:29","modified_gmt":"2018-02-16T21:22:29","slug":"autoridades-da-bahia-destacam-compromisso-do-prefeito-de-ilheus-com-a-educacao-publica","status":"publish","type":"post","link":"https:\/\/www.ilheusnoticias.net.br\/v1\/2018\/02\/16\/autoridades-da-bahia-destacam-compromisso-do-prefeito-de-ilheus-com-a-educacao-publica\/","title":{"rendered":"Autoridades da Bahia destacam compromisso  do prefeito de Ilh\u00e9us com a educa\u00e7\u00e3o p\u00fablica"},"content":{"rendered":"<p><img loading=\"lazy\" class=\"\" src=\"https:\/\/attachment.outlook.office.net\/owa\/laudiceacarvalho62@hotmail.com\/service.svc\/s\/GetAttachmentThumbnail?id=AQMkADAwATYwMAItY2MANTgtODQxNC0wMAItMDAKAEYAAANqOYr2uMN4Qoz6pFp%2FhFoeBwAsxvM0hWqyT6EfSeQ8%2BPgA8AAAAgEMAAAALMbzNIVqsk%2BhH0nkPPj4APAAAWoz93oAAAABEgAQAER9B0aj5oxAobqVmV0dsls%3D&amp;thumbnailType=2&amp;X-OWA-CANARY=webD976jpkWmNDFlzisByRCmLSCDddUYxl29EPpLJoyYcrvlQP2cksTkwLMPyt7kIOIGNdq9cHw.&amp;token=eyJ0eXAiOiJKV1QiLCJhbGciOiJSUzI1NiIsIng1dCI6ImVuaDlCSnJWUFU1aWpWMXFqWmpWLWZMMmJjbyJ9.eyJ2ZXIiOiJFeGNoYW5nZS5DYWxsYmFjay5WMSIsImFwcGN0eHNlbmRlciI6Ik93YURvd25sb2FkQDg0ZGY5ZTdmLWU5ZjYtNDBhZi1iNDM1LWFhYWFhYWFhYWFhYSIsImFwcGN0eCI6IntcIm1zZXhjaHByb3RcIjpcIm93YVwiLFwicHJpbWFyeXNpZFwiOlwiUy0xLTI4MjctMzkzMjE2LTM0MjgzNTMwNDRcIixcInB1aWRcIjpcIjE2ODg4NTMyODg2MTY5ODBcIixcIm9pZFwiOlwiMDAwNjAwMDAtY2M1OC04NDE0LTAwMDAtMDAwMDAwMDAwMDAwXCIsXCJzY29wZVwiOlwiT3dhRG93bmxvYWRcIn0iLCJpc3MiOiIwMDAwMDAwMi0wMDAwLTBmZjEtY2UwMC0wMDAwMDAwMDAwMDBAODRkZjllN2YtZTlmNi00MGFmLWI0MzUtYWFhYWFhYWFhYWFhIiwiYXVkIjoiMDAwMDAwMDItMDAwMC0wZmYxLWNlMDAtMDAwMDAwMDAwMDAwL2F0dGFjaG1lbnQub3V0bG9vay5vZmZpY2UubmV0QDg0ZGY5ZTdmLWU5ZjYtNDBhZi1iNDM1LWFhYWFhYWFhYWFhYSIsImV4cCI6MTUxODgxNjUwNSwibmJmIjoxNTE4ODE1OTA1fQ.FKT7xeGwHnSLYMXyjiOWuoMm9WuDyowA7RhP9S6kZ3J_kMm7fNWsG44WTF7ZkbrMUbcNseiIPjE2FbSmu0MzTeHd1jOG8J-PXgV-AmIAhCeHobOAcrV0rRm6Zp6cNbn4g_5VMDcA582saLcjj4aLekSTdWC8EktOq50zMLarvglEZAp0g47Xnb2ylW3ZxLLbT9pUROjN9g1GqL245km3SZXNofYXW6F_4c891UIRmbE5Q9TsuziwCC5xW8y--oa2bvf_nqdwSaM-b_rgiNantCr8Mf0UzW0BGvnR-GLQrHROzLqFFDF_mli7QoIDV9TwzCW7Q16HdDN-UUvokDyZpw&amp;owa=outlook.live.com&amp;isc=1\" alt=\"\" width=\"470\" height=\"304\" \/><\/p>\n<p class=\"x_MsoNormal\" align=\"center\">\n<p class=\"x_MsoNormal\">\n<p class=\"x_MsoNormal\">Ao participar da abertura da III Confer\u00eancia Municipal de Educa\u00e7\u00e3o de Ilh\u00e9us, no Teatro Municipal, o prefeito M\u00e1rio Alexandre Sousa destacou o novo modelo de governan\u00e7a que vem sendo executado por sua administra\u00e7\u00e3o, onde os problemas s\u00e3o enfrentados de frente e o di\u00e1logo \u201csincero, aberto e nem sempre convergente\u201d com os setores organizados da sociedade ajuda na constru\u00e7\u00e3o de uma cidade melhor para todos.<\/p>\n<p class=\"x_MsoNormal\">\u201cEstarei sempre disposto a dialogar\u201d, disse aos presentes, a maior parte do p\u00fablico formada por educadores e trabalhadores da educa\u00e7\u00e3o. \u201cO Conselho Municipal de Educa\u00e7\u00e3o, por exemplo, tem portas abertas no meu gabinete. Ele \u00e9 importante porque fiscaliza e porque tem tamb\u00e9m boas ideias que podem contribuir com os avan\u00e7os que precisamos\u201d, destacou M\u00e1rio Alexandre.<\/p>\n<p class=\"x_MsoNormal\"><!--more--><\/p>\n<p class=\"x_MsoNormal\"><b>Elogios<\/b>\u00a0&#8211; A presen\u00e7a do prefeito de Ilh\u00e9us na solenidade de abertura foi destacada pelas principais lideran\u00e7as da educa\u00e7\u00e3o na Bahia. \u201cN\u00e3o s\u00e3o todos os munic\u00edpios que tem o seu prefeito sentados \u00e0 mesa em momentos como este\u201d, lembrou o professor Reginaldo Souza, representante do F\u00f3rum Estadual de Educa\u00e7\u00e3o. \u201c\u00c9 raro no Brasil de hoje e de agora autoridade principal mostrar seu compromisso e seu esp\u00edrito de agregar junto aos movimentos sociais, junto a uma discuss\u00e3o t\u00e3o importante quanto esta\u201d, completou o secret\u00e1rio em exerc\u00edcio de Educa\u00e7\u00e3o da Bahia, Nildon Pitombo.<\/p>\n<p class=\"x_MsoNormal\">Coordenadora estadual da Uni\u00e3o Nacional dos Conselhos Municipais de Educa\u00e7\u00e3o (UNCME), a professora Gilv\u00e2nia Nascimento, destacou que a mesa de abertura de um evento do porte da Confer\u00eancia Municipal de Educa\u00e7\u00e3o, representa uma articula\u00e7\u00e3o para que a educa\u00e7\u00e3o se realize com qualidade. \u201c\u00c9 sempre bom e importante ter um gestor municipal dentro de um evento da educa\u00e7\u00e3o. Que participe, que venha, que veja as pessoas, que saiba o que estamos discutindo, quais s\u00e3o as nossas demandas urgentes. Isso faz com que o gestor possa al\u00e9m de conhecer, se comprometer\u201d, disse, em alus\u00e3o \u00e0 presen\u00e7a do prefeito M\u00e1rio em diversos momentos de discuss\u00e3o das agendas de educa\u00e7\u00e3o do munic\u00edpio.<\/p>\n<p class=\"x_MsoNormal\"><b>At\u00e9 sexta<\/b>\u00a0&#8211; A III Confer\u00eancia Municipal de Educa\u00e7\u00e3o de Ilh\u00e9us come\u00e7ou hoje \u00e0 tarde e segue at\u00e9 amanh\u00e3 (16) debatendo a consolida\u00e7\u00e3o do Sistema Nacional e Plano Nacional de Educa\u00e7\u00e3o e as proposi\u00e7\u00f5es de pol\u00edticas para a garantia do direito a educa\u00e7\u00e3o de qualidade social. O evento \u2013 preparat\u00f3rio para a Confer\u00eancia Estadual &#8211; tamb\u00e9m conta com a participa\u00e7\u00e3o da secret\u00e1ria municipal de Educa\u00e7\u00e3o, Eliane Oliveira, da professora Anat\u00e9rcia Lopes, presidente do Conselho Estadual de Educa\u00e7\u00e3o e o presidente do Conselho Municipal de Educa\u00e7\u00e3o, Osman Nogueira, tamb\u00e9m presidente da APPI\/APLB.<\/p>\n<p class=\"x_MsoNormal\">Em um ano de gest\u00e3o, o prefeito M\u00e1rio Alexandre reajustou o sal\u00e1rio dos professores \u2013 que estava congelado h\u00e1 cinco anos -, assinou a recupera\u00e7\u00e3o f\u00edsica de dez escolas da rede municipal e a constru\u00e7\u00e3o da Escola de Pia\u00e7aveira, melhorou a qualidade da merenda escolar, ampliou o n\u00famero de linhas do transporte escolar e criou oito mil novas vagas na rede municipal de ensino.<\/p>\n<p class=\"x_MsoNormal\">\n<p class=\"x_MsoNormal\">\n","protected":false},"excerpt":{"rendered":"<p>Ao participar da abertura da III Confer\u00eancia Municipal de Educa\u00e7\u00e3o de Ilh\u00e9us, no Teatro Municipal, o prefeito M\u00e1rio Alexandre Sousa destacou o novo modelo de governan\u00e7a que vem sendo executado por sua administra\u00e7\u00e3o, onde os problemas s\u00e3o enfrentados de frente e o di\u00e1logo \u201csincero, aberto e nem sempre convergente\u201d com os setores organizados da sociedade [&hellip;]<\/p>\n","protected":false},"author":2,"featured_media":0,"comment_status":"open","ping_status":"open","sticky":false,"template":"","format":"standard","meta":{"_links_to":"","_links_to_target":""},"categories":[7,9,8,1],"tags":[],"_links":{"self":[{"href":"https:\/\/www.ilheusnoticias.net.br\/v1\/wp-json\/wp\/v2\/posts\/12681"}],"collection":[{"href":"https:\/\/www.ilheusnoticias.net.br\/v1\/wp-json\/wp\/v2\/posts"}],"about":[{"href":"https:\/\/www.ilheusnoticias.net.br\/v1\/wp-json\/wp\/v2\/types\/post"}],"author":[{"embeddable":true,"href":"https:\/\/www.ilheusnoticias.net.br\/v1\/wp-json\/wp\/v2\/users\/2"}],"replies":[{"embeddable":true,"href":"https:\/\/www.ilheusnoticias.net.br\/v1\/wp-json\/wp\/v2\/comments?post=12681"}],"version-history":[{"count":1,"href":"https:\/\/www.ilheusnoticias.net.br\/v1\/wp-json\/wp\/v2\/posts\/12681\/revisions"}],"predecessor-version":[{"id":12682,"href":"https:\/\/www.ilheusnoticias.net.br\/v1\/wp-json\/wp\/v2\/posts\/12681\/revisions\/12682"}],"wp:attachment":[{"href":"https:\/\/www.ilheusnoticias.net.br\/v1\/wp-json\/wp\/v2\/media?parent=12681"}],"wp:term":[{"taxonomy":"category","embeddable":true,"href":"https:\/\/www.ilheusnoticias.net.br\/v1\/wp-json\/wp\/v2\/categories?post=12681"},{"taxonomy":"post_tag","embeddable":true,"href":"https:\/\/www.ilheusnoticias.net.br\/v1\/wp-json\/wp\/v2\/tags?post=12681"}],"curies":[{"name":"wp","href":"https:\/\/api.w.org\/{rel}","templated":true}]}}