{"id":12661,"date":"2018-02-15T15:30:20","date_gmt":"2018-02-15T18:30:20","guid":{"rendered":"http:\/\/www.ilheusnoticias.net.br\/v1\/?p=12661"},"modified":"2018-02-15T15:30:20","modified_gmt":"2018-02-15T18:30:20","slug":"caminhao-e-engolido-por-buraco-em-pleno-centro-de-ilheus","status":"publish","type":"post","link":"https:\/\/www.ilheusnoticias.net.br\/v1\/2018\/02\/15\/caminhao-e-engolido-por-buraco-em-pleno-centro-de-ilheus\/","title":{"rendered":"Caminh\u00e3o \u00e9 engolido por buraco em pleno centro de Ilh\u00e9us"},"content":{"rendered":"<h2 class=\"PostHeaderIcon-wrapper\"><\/h2>\n<div class=\"PostContent\">\n<div id=\"attachment_25727\" class=\"wp-caption aligncenter\"><img loading=\"lazy\" class=\"size-full wp-image-25727\" src=\"http:\/\/www.fabiorobertonoticias.com.br\/v1\/wp-content\/uploads\/2018\/02\/28207592_1614374045322013_420931123_o.jpg\" sizes=\"(max-width: 555px) 100vw, 555px\" srcset=\"http:\/\/www.fabiorobertonoticias.com.br\/v1\/wp-content\/uploads\/2018\/02\/28207592_1614374045322013_420931123_o.jpg 555w, http:\/\/www.fabiorobertonoticias.com.br\/v1\/wp-content\/uploads\/2018\/02\/28207592_1614374045322013_420931123_o-300x235.jpg 300w\" alt=\"Caminh\u00e3o ficou torto dentro de buraco. \" width=\"555\" height=\"434\" \/><\/p>\n<p class=\"wp-caption-text\">Caminh\u00e3o ficou torto dentro de buraco.<\/p>\n<\/div>\n<p>Um caminh\u00e3o carregado de alimentos perec\u00edveis foi engolido\u00a0por um buraco por volta das 10h30 desta quinta-feira, 15, na Rua Ana Nery, pr\u00f3ximo da Rua do Filtro, em pleno no centro de Ilh\u00e9us.<\/p>\n<p>Segundo informa\u00e7\u00f5es, a Embasa realizou conserto no local, por\u00e9m o material utilizado para tampar a buraco n\u00e3o resistiu o peso do caminh\u00e3o e acabou cedendo<\/p>\n<\/div>\n<p><!--more--><\/p>\n<div class=\"PostContent\">\n<div id=\"attachment_25728\" class=\"wp-caption aligncenter\"><img loading=\"lazy\" class=\"size-full wp-image-25728\" src=\"http:\/\/www.fabiorobertonoticias.com.br\/v1\/wp-content\/uploads\/2018\/02\/28125537_1614374031988681_468363204_o.jpg\" sizes=\"(max-width: 555px) 100vw, 555px\" srcset=\"http:\/\/www.fabiorobertonoticias.com.br\/v1\/wp-content\/uploads\/2018\/02\/28125537_1614374031988681_468363204_o.jpg 555w, http:\/\/www.fabiorobertonoticias.com.br\/v1\/wp-content\/uploads\/2018\/02\/28125537_1614374031988681_468363204_o-300x169.jpg 300w\" alt=\"Servi\u00e7o de baixa qualidade da Embasa resultou no incidente. \" width=\"555\" height=\"312\" \/><\/p>\n<p class=\"wp-caption-text\">Servi\u00e7o de baixa qualidade da Embasa resultou no incidente.<\/p>\n<\/div>\n<p>O ve\u00edculo ficou com a roda traseira dentro da cratera. Apesar do susto, o motorista n\u00e3o ficou ferido. At\u00e9 \u00e0s 11h40 o caminh\u00e3o se encontrava ainda no local. Agentes de tr\u00e2nsito organizaram o fluxo de ve\u00edculos.<\/p>\n<p>Mat\u00e9ria F\u00e1bio Roberto<\/p>\n<\/div>\n","protected":false},"excerpt":{"rendered":"<p>Caminh\u00e3o ficou torto dentro de buraco. Um caminh\u00e3o carregado de alimentos perec\u00edveis foi engolido\u00a0por um buraco por volta das 10h30 desta quinta-feira, 15, na Rua Ana Nery, pr\u00f3ximo da Rua do Filtro, em pleno no centro de Ilh\u00e9us. Segundo informa\u00e7\u00f5es, a Embasa realizou conserto no local, por\u00e9m o material utilizado para tampar a buraco n\u00e3o [&hellip;]<\/p>\n","protected":false},"author":2,"featured_media":0,"comment_status":"open","ping_status":"open","sticky":false,"template":"","format":"standard","meta":{"_links_to":"","_links_to_target":""},"categories":[7,9,8,1],"tags":[],"_links":{"self":[{"href":"https:\/\/www.ilheusnoticias.net.br\/v1\/wp-json\/wp\/v2\/posts\/12661"}],"collection":[{"href":"https:\/\/www.ilheusnoticias.net.br\/v1\/wp-json\/wp\/v2\/posts"}],"about":[{"href":"https:\/\/www.ilheusnoticias.net.br\/v1\/wp-json\/wp\/v2\/types\/post"}],"author":[{"embeddable":true,"href":"https:\/\/www.ilheusnoticias.net.br\/v1\/wp-json\/wp\/v2\/users\/2"}],"replies":[{"embeddable":true,"href":"https:\/\/www.ilheusnoticias.net.br\/v1\/wp-json\/wp\/v2\/comments?post=12661"}],"version-history":[{"count":1,"href":"https:\/\/www.ilheusnoticias.net.br\/v1\/wp-json\/wp\/v2\/posts\/12661\/revisions"}],"predecessor-version":[{"id":12662,"href":"https:\/\/www.ilheusnoticias.net.br\/v1\/wp-json\/wp\/v2\/posts\/12661\/revisions\/12662"}],"wp:attachment":[{"href":"https:\/\/www.ilheusnoticias.net.br\/v1\/wp-json\/wp\/v2\/media?parent=12661"}],"wp:term":[{"taxonomy":"category","embeddable":true,"href":"https:\/\/www.ilheusnoticias.net.br\/v1\/wp-json\/wp\/v2\/categories?post=12661"},{"taxonomy":"post_tag","embeddable":true,"href":"https:\/\/www.ilheusnoticias.net.br\/v1\/wp-json\/wp\/v2\/tags?post=12661"}],"curies":[{"name":"wp","href":"https:\/\/api.w.org\/{rel}","templated":true}]}}