{"id":12649,"date":"2018-02-15T12:09:30","date_gmt":"2018-02-15T15:09:30","guid":{"rendered":"http:\/\/www.ilheusnoticias.net.br\/v1\/?p=12649"},"modified":"2018-02-15T12:09:30","modified_gmt":"2018-02-15T15:09:30","slug":"rui-destaca-empenho-policial-no-encerramento-da-operacao-de-carnaval","status":"publish","type":"post","link":"https:\/\/www.ilheusnoticias.net.br\/v1\/2018\/02\/15\/rui-destaca-empenho-policial-no-encerramento-da-operacao-de-carnaval\/","title":{"rendered":"Rui destaca empenho policial no encerramento da opera\u00e7\u00e3o de Carnaval"},"content":{"rendered":"<p><img loading=\"lazy\" class=\"\" src=\"https:\/\/attachment.outlook.office.net\/owa\/laudiceacarvalho62@hotmail.com\/service.svc\/s\/GetAttachmentThumbnail?id=AQMkADAwATYwMAItY2MANTgtODQxNC0wMAItMDAKAEYAAANqOYr2uMN4Qoz6pFp%2FhFoeBwAsxvM0hWqyT6EfSeQ8%2BPgA8AAAAgEMAAAALMbzNIVqsk%2BhH0nkPPj4APAAAWn2dh4AAAABEgAQAMAABYfgFFpIjJnS9dYvxbc%3D&amp;thumbnailType=2&amp;X-OWA-CANARY=r6hzoVyOGUqC7Jayr9YyFWBbbsmFdNUYx0zF7rm-jy2bW0pDsCxzX89Ec73MRjGUt-yvoEylpu8.&amp;token=eyJ0eXAiOiJKV1QiLCJhbGciOiJSUzI1NiIsIng1dCI6ImVuaDlCSnJWUFU1aWpWMXFqWmpWLWZMMmJjbyJ9.eyJ2ZXIiOiJFeGNoYW5nZS5DYWxsYmFjay5WMSIsImFwcGN0eHNlbmRlciI6Ik93YURvd25sb2FkQDg0ZGY5ZTdmLWU5ZjYtNDBhZi1iNDM1LWFhYWFhYWFhYWFhYSIsImFwcGN0eCI6IntcIm1zZXhjaHByb3RcIjpcIm93YVwiLFwicHJpbWFyeXNpZFwiOlwiUy0xLTI4MjctMzkzMjE2LTM0MjgzNTMwNDRcIixcInB1aWRcIjpcIjE2ODg4NTMyODg2MTY5ODBcIixcIm9pZFwiOlwiMDAwNjAwMDAtY2M1OC04NDE0LTAwMDAtMDAwMDAwMDAwMDAwXCIsXCJzY29wZVwiOlwiT3dhRG93bmxvYWRcIn0iLCJpc3MiOiIwMDAwMDAwMi0wMDAwLTBmZjEtY2UwMC0wMDAwMDAwMDAwMDBAODRkZjllN2YtZTlmNi00MGFmLWI0MzUtYWFhYWFhYWFhYWFhIiwiYXVkIjoiMDAwMDAwMDItMDAwMC0wZmYxLWNlMDAtMDAwMDAwMDAwMDAwL2F0dGFjaG1lbnQub3V0bG9vay5vZmZpY2UubmV0QDg0ZGY5ZTdmLWU5ZjYtNDBhZi1iNDM1LWFhYWFhYWFhYWFhYSIsImV4cCI6MTUxODcwNzgzMCwibmJmIjoxNTE4NzA3MjMwfQ.NH3DRY7MdWcalM38FAgGZtbs3jfxrtHzFn0EaMojv2wFIHs0sp_Cgcik-tWuWWxsfzJ3bvSo6u2SH4-J6He6m6Jx_T0hBznLt_iJnVWGgJIchNb5ZHAMnl5wgNLRosld02rgZlUmvvJk1j0HV5ZxS-ngLypOrBEqQ2dgoC9rOyyX_N4xs4vsBZC3JfLSMstDRszLR9tTw5NQhMbmnbbcy0Dig1wXg1qQBh1MSjNyRtyGj-7yZmNRsd9NNzmbFokDavOdD_wqC4CxrJSCVIIkk7gqFj2g_Yk19n2oTxno2QvhpqCgdVq1FBdYSlhCQx7n9E7uenkvLeg72RSIypQfzQ&amp;owa=outlook.live.com&amp;isc=1\" alt=\"\" width=\"374\" height=\"249\" \/><\/p>\n<p>Ap\u00f3s garantir a seguran\u00e7a de baianos e turistas durante o Carnaval da Bahia, as tropas da Pol\u00edcia Militar e do Corpo de Bombeiros ainda tiveram pique para participar, no in\u00edcio da tarde desta Quarta-feira de Cinzas (14), da corrida do Batalh\u00e3o de Choque no circuito Barra\/Ondina. Logo ap\u00f3s, o governador Rui Costa recebeu os militares para a tradicional feijoada realizada pela PM, cumprimentando e parabenizando os profissionais pelo trabalho. Ao todo, 25 mil policiais militares atuaram nas festas de Carnaval em todo o estado. Em Salvador e regi\u00e3o metropolitana, um efetivo de 13 mil PMs fizeram a seguran\u00e7a da festa.<\/p>\n<p>\u201cQuero parabenizar toda a tropa, os comandos das Pol\u00edcias Militar e Civil, os Bombeiros e toda a equipe da Secretaria de Seguran\u00e7a P\u00fablica pelo trabalho duro e de dedica\u00e7\u00e3o durante o Carnaval. A PM da Bahia \u00e9 reconhecida por todos os estados brasileiros como a pol\u00edcia que tem mais experi\u00eancia e aparato tecnol\u00f3gico para organizar eventos de multid\u00f5es. E, mais uma vez, garantimos um resultado positivo este ano\u201d, declarou Rui, se referindo ao balan\u00e7o apresentado pela SSP na manh\u00e3 desta quarta.<\/p>\n<p>&nbsp;<\/p>\n<p>&nbsp;<\/p>\n<p><!--more--><\/p>\n<p>&nbsp;<\/p>\n<p>O governador destacou o empenho de cada policial no desempenho do trabalho que fez da Opera\u00e7\u00e3o Carnaval 2018 um sucesso. \u201cO Carnaval da Bahia n\u00e3o teria esses n\u00fameros positivos se n\u00e3o fosse a dedica\u00e7\u00e3o desses homens e mulheres que se sacrificaram todos os dias de festa, muitos deles longe de suas fam\u00edlias, para garantir a ordem e a seguran\u00e7a em todos os circuitos. Enquanto o foli\u00e3o brinca e se diverte nas ruas, esses policiais trabalham debaixo de sol quente e durante a madrugada. Por isso, merecem n\u00e3o s\u00f3 o meu reconhecimento, mas acredito que de toda a popula\u00e7\u00e3o\u201d, afirmou Rui Costa.<\/p>\n<p>Os militares sa\u00edram da Avenida Adhemar de Barros em dire\u00e7\u00e3o ao camarote da PM, pr\u00f3ximo ao Morro do Gato. Depois da corrida, uma feijoada foi oferecida ao efetivo que trabalhou no Carnaval.<\/p>\n<p>Muitos foli\u00f5es acompanharam a corrida, aplaudindo a atua\u00e7\u00e3o das corpora\u00e7\u00f5es na festa. A turista paulista Ana Barreiro fez quest\u00e3o de prestigiar os militares. &#8220;\u00c9 a minha primeira vez em Salvador. Curti o Carnaval todos os dias e s\u00f3 tenho coisas positivas a dizer da festa, principalmente com rela\u00e7\u00e3o \u00e0 seguran\u00e7a. Tudo muito bem organizado e me senti segura, andando nos circuitos e fora deles, elogiou.<\/p>\n","protected":false},"excerpt":{"rendered":"<p>Ap\u00f3s garantir a seguran\u00e7a de baianos e turistas durante o Carnaval da Bahia, as tropas da Pol\u00edcia Militar e do Corpo de Bombeiros ainda tiveram pique para participar, no in\u00edcio da tarde desta Quarta-feira de Cinzas (14), da corrida do Batalh\u00e3o de Choque no circuito Barra\/Ondina. Logo ap\u00f3s, o governador Rui Costa recebeu os militares [&hellip;]<\/p>\n","protected":false},"author":2,"featured_media":0,"comment_status":"open","ping_status":"open","sticky":false,"template":"","format":"standard","meta":{"_links_to":"","_links_to_target":""},"categories":[7,9,8,1],"tags":[],"_links":{"self":[{"href":"https:\/\/www.ilheusnoticias.net.br\/v1\/wp-json\/wp\/v2\/posts\/12649"}],"collection":[{"href":"https:\/\/www.ilheusnoticias.net.br\/v1\/wp-json\/wp\/v2\/posts"}],"about":[{"href":"https:\/\/www.ilheusnoticias.net.br\/v1\/wp-json\/wp\/v2\/types\/post"}],"author":[{"embeddable":true,"href":"https:\/\/www.ilheusnoticias.net.br\/v1\/wp-json\/wp\/v2\/users\/2"}],"replies":[{"embeddable":true,"href":"https:\/\/www.ilheusnoticias.net.br\/v1\/wp-json\/wp\/v2\/comments?post=12649"}],"version-history":[{"count":1,"href":"https:\/\/www.ilheusnoticias.net.br\/v1\/wp-json\/wp\/v2\/posts\/12649\/revisions"}],"predecessor-version":[{"id":12650,"href":"https:\/\/www.ilheusnoticias.net.br\/v1\/wp-json\/wp\/v2\/posts\/12649\/revisions\/12650"}],"wp:attachment":[{"href":"https:\/\/www.ilheusnoticias.net.br\/v1\/wp-json\/wp\/v2\/media?parent=12649"}],"wp:term":[{"taxonomy":"category","embeddable":true,"href":"https:\/\/www.ilheusnoticias.net.br\/v1\/wp-json\/wp\/v2\/categories?post=12649"},{"taxonomy":"post_tag","embeddable":true,"href":"https:\/\/www.ilheusnoticias.net.br\/v1\/wp-json\/wp\/v2\/tags?post=12649"}],"curies":[{"name":"wp","href":"https:\/\/api.w.org\/{rel}","templated":true}]}}