{"id":12643,"date":"2018-02-15T11:58:57","date_gmt":"2018-02-15T14:58:57","guid":{"rendered":"http:\/\/www.ilheusnoticias.net.br\/v1\/?p=12643"},"modified":"2018-02-15T11:58:57","modified_gmt":"2018-02-15T14:58:57","slug":"governador-rui-costa-apresenta-via-barradao-a-imprensa-amanha16","status":"publish","type":"post","link":"https:\/\/www.ilheusnoticias.net.br\/v1\/2018\/02\/15\/governador-rui-costa-apresenta-via-barradao-a-imprensa-amanha16\/","title":{"rendered":"Governador Rui Costa apresenta Via Barrad\u00e3o \u00e0 imprensa, amanh\u00e3(16)"},"content":{"rendered":"<p class=\"x_MsoNormal\"><a href=\"http:\/\/www.ilheusnoticias.net.br\/v1\/wp-content\/uploads\/2018\/01\/IMG-20180102-WA0065.jpg\" rel=\"attachment wp-att-11513\"><img loading=\"lazy\" class=\"aligncenter size-full wp-image-11513\" src=\"http:\/\/www.ilheusnoticias.net.br\/v1\/wp-content\/uploads\/2018\/01\/IMG-20180102-WA0065.jpg\" alt=\"IMG-20180102-WA0065.jpg\" width=\"512\" height=\"341\" srcset=\"https:\/\/www.ilheusnoticias.net.br\/v1\/wp-content\/uploads\/2018\/01\/IMG-20180102-WA0065.jpg 512w, https:\/\/www.ilheusnoticias.net.br\/v1\/wp-content\/uploads\/2018\/01\/IMG-20180102-WA0065-300x200.jpg 300w\" sizes=\"(max-width: 512px) 100vw, 512px\" \/><\/a><\/p>\n<p class=\"x_MsoNormal\">\n<p class=\"x_MsoNormal\">Nesta sexta-feira (16), um dia antes de sua inaugura\u00e7\u00e3o, a nova Via Barrad\u00e3o ser\u00e1 apresentada para a imprensa. \u00c0s 10h, o governador Rui Costa inicia visita guiada com jornalistas, percorrendo os quase quatro quil\u00f4metros da nova via que far\u00e1 a liga\u00e7\u00e3o entre a Avenida Paralela e o Est\u00e1dio Manoel Barradas, o Barrad\u00e3o.<\/p>\n<p class=\"x_MsoNormal\">\n<p class=\"x_MsoNormal\">Batizada de Avenida M\u00e1rio S\u00e9rgio Pontes de Paiva, em homenagem ao ex-jogador do Esporte Clube Vit\u00f3ria, a Via Barrad\u00e3o ser\u00e1 inaugurada pelo governador no s\u00e1bado (17), \u00e0s 9h. O dia da inaugura\u00e7\u00e3o ser\u00e1 marcado pela Feira Cidad\u00e3o, realizada pelas Volunt\u00e1rias Sociais da Bahia (VSBA), que ter\u00e1 programa\u00e7\u00e3o com presta\u00e7\u00e3o de servi\u00e7os voltados \u00e0 sa\u00fade, \u00e0 cidadania e ao lazer das fam\u00edlias que moram no entorno da via. O evento vai acontecer das 8h \u00e0s 14h e ser\u00e1 encerrado com uma apresenta\u00e7\u00e3o do cantor Magary Lord.<\/p>\n","protected":false},"excerpt":{"rendered":"<p>Nesta sexta-feira (16), um dia antes de sua inaugura\u00e7\u00e3o, a nova Via Barrad\u00e3o ser\u00e1 apresentada para a imprensa. \u00c0s 10h, o governador Rui Costa inicia visita guiada com jornalistas, percorrendo os quase quatro quil\u00f4metros da nova via que far\u00e1 a liga\u00e7\u00e3o entre a Avenida Paralela e o Est\u00e1dio Manoel Barradas, o Barrad\u00e3o. Batizada de Avenida [&hellip;]<\/p>\n","protected":false},"author":2,"featured_media":0,"comment_status":"open","ping_status":"open","sticky":false,"template":"","format":"standard","meta":{"_links_to":"","_links_to_target":""},"categories":[7,9,8,1],"tags":[],"_links":{"self":[{"href":"https:\/\/www.ilheusnoticias.net.br\/v1\/wp-json\/wp\/v2\/posts\/12643"}],"collection":[{"href":"https:\/\/www.ilheusnoticias.net.br\/v1\/wp-json\/wp\/v2\/posts"}],"about":[{"href":"https:\/\/www.ilheusnoticias.net.br\/v1\/wp-json\/wp\/v2\/types\/post"}],"author":[{"embeddable":true,"href":"https:\/\/www.ilheusnoticias.net.br\/v1\/wp-json\/wp\/v2\/users\/2"}],"replies":[{"embeddable":true,"href":"https:\/\/www.ilheusnoticias.net.br\/v1\/wp-json\/wp\/v2\/comments?post=12643"}],"version-history":[{"count":1,"href":"https:\/\/www.ilheusnoticias.net.br\/v1\/wp-json\/wp\/v2\/posts\/12643\/revisions"}],"predecessor-version":[{"id":12644,"href":"https:\/\/www.ilheusnoticias.net.br\/v1\/wp-json\/wp\/v2\/posts\/12643\/revisions\/12644"}],"wp:attachment":[{"href":"https:\/\/www.ilheusnoticias.net.br\/v1\/wp-json\/wp\/v2\/media?parent=12643"}],"wp:term":[{"taxonomy":"category","embeddable":true,"href":"https:\/\/www.ilheusnoticias.net.br\/v1\/wp-json\/wp\/v2\/categories?post=12643"},{"taxonomy":"post_tag","embeddable":true,"href":"https:\/\/www.ilheusnoticias.net.br\/v1\/wp-json\/wp\/v2\/tags?post=12643"}],"curies":[{"name":"wp","href":"https:\/\/api.w.org\/{rel}","templated":true}]}}