{"id":12637,"date":"2018-02-13T09:55:07","date_gmt":"2018-02-13T12:55:07","guid":{"rendered":"http:\/\/www.ilheusnoticias.net.br\/v1\/?p=12637"},"modified":"2018-02-13T09:55:07","modified_gmt":"2018-02-13T12:55:07","slug":"veja-a-programacao-do-carnaval-de-salvador-desta-terca-feira","status":"publish","type":"post","link":"https:\/\/www.ilheusnoticias.net.br\/v1\/2018\/02\/13\/veja-a-programacao-do-carnaval-de-salvador-desta-terca-feira\/","title":{"rendered":"Veja a programa\u00e7\u00e3o do carnaval de Salvador desta ter\u00e7a-feira"},"content":{"rendered":"<div id=\"content-area\">\n<div class=\"region region-content\">\n<div id=\"block-system-main\" class=\"block block-system block-odd clearfix\">\n<div class=\"content\">\n<article id=\"node-1107592\" class=\"node node-noticia node-odd\">\n<div class=\"content\">\n<figure class=\"teaser\"><img loading=\"lazy\" class=\"Image img__fid__68324 img__view_mode__teaser attr__format__teaser\" title=\"\" src=\"http:\/\/agenciabrasil.ebc.com.br\/sites\/_agenciabrasil2013\/files\/styles\/interna_grande\/public\/20160524_093556_resized.jpg\" alt=\"O Olodum participou da recep\u00e7\u00e3o da Tocha Ol\u00edmpica no Pelourinho \" width=\"580\" height=\"388\" \/><figcaption>Olodum sai sem cordas nesta ter\u00e7a-feira\u00a0<span class=\"author\">Arquivo\/Sayonara Moreno\/Ag\u00eancia Brasil<\/span><\/p>\n<\/figcaption><\/figure>\n<p>Nesta ter\u00e7a-feira (13) de carnaval, o Olodum sai sem cordas no Circuito Osmar em Salvador. Daniela Mercury, Harmonia, Psirico e \u00c9 o Tchan completam a atra\u00e7\u00e3o do circuito.<\/p>\n<p>Alok, Pablo Vittar e Margareth Menezes garantem a alegria no Circuito Dod\u00f4. Tem ainda Armandinho no projeto P\u00f4r do Sol.<\/p>\n<p>O carnaval soteropolitano traz op\u00e7\u00f5es para quem gosta de m\u00fasica eletr\u00f4nica, samba,\u00a0<em>reggae<\/em>, forr\u00f3 e at\u00e9 rock.<br \/>\n<strong>Programa\u00e7\u00e3o desta ter\u00e7a-feira:<\/strong><\/p>\n<\/div>\n<\/article>\n<\/div>\n<\/div>\n<\/div>\n<\/div>\n<p>&nbsp;<\/p>\n<p><!--more--><\/p>\n<div id=\"content-area\">\n<div class=\"region region-content\">\n<div id=\"block-system-main\" class=\"block block-system block-odd clearfix\">\n<div class=\"content\">\n<article id=\"node-1107592\" class=\"node node-noticia node-odd\">\n<div class=\"content\">\n<p><strong>Circuito Batatinha<\/strong><\/p>\n<p>14h &#8211; Canelight<\/p>\n<p>15h &#8211; Todo Menino \u00e9 um Rei<\/p>\n<p>15h15 &#8211; As Exclusivas Infantil<\/p>\n<p>17h &#8211; Swing do Pel\u00f4<\/p>\n<p>17h15 &#8211; Lau\u00ea<\/p>\n<p>17h30 &#8211; Filhos de Nan\u00e3<\/p>\n<p>17h45 &#8211; Sambaterramar<\/p>\n<p>18h &#8211; Filhos de Korin Efan<\/p>\n<p>18h15 &#8211; Filhos de Omolum<\/p>\n<p>18h30 &#8211; Afox\u00e9 Il\u00ea Oy\u00e1<\/p>\n<p>18h45 &#8211; Furac\u00e3o 2001<\/p>\n<p>19h &#8211; Tempero de Negro<\/p>\n<p>19h15 &#8211; Ob\u00e1 de Xang\u00f4<\/p>\n<p>19h30 &#8211; Olorum Baba Mi<\/p>\n<p>19h45 &#8211; Mal\u00ea Debal\u00ea<\/p>\n<p>20h &#8211; Korin Efan<\/p>\n<p>20h15 &#8211; Ambiental e Ecossistema<\/p>\n<p>20h30 &#8211; Bloc\u00e3o da Liberdade<\/p>\n<p>20h45 &#8211; Bloco Fogueir\u00e3o<\/p>\n<p>21h &#8211; Kambalagwanze<\/p>\n<p>21h15 &#8211; Filhos de Marujo<\/p>\n<p>21h30 &#8211; Os Neg\u00f5es<br \/>\n<strong>Palco Boca do Rio<\/strong><\/p>\n<p>19h &#8211; Dan Miranda<\/p>\n<p>20h30 &#8211; Amor Voraz<\/p>\n<p>22h &#8211; Adriano Rezende<\/p>\n<p>23h30 &#8211; Banda TH<\/p>\n<p>1h30 &#8211; Boa Viagem<br \/>\n<strong>Palco Cajazeiras<\/strong><\/p>\n<p>19h &#8211; Daniel Vieira<\/p>\n<p>20h30 &#8211; Ruan Bagano<\/p>\n<p>22h &#8211; Diego Moraes<\/p>\n<p>23h30 &#8211; Carla Cristina<\/p>\n<p>1h30 &#8211; Alexandre Le\u00e3o<br \/>\n<strong>Circuito Contrafluxo<\/strong><\/p>\n<p>&#8211; Filhos de Gandhy<\/p>\n<p>&#8211; Filhos de Jh\u00e1<\/p>\n<p>&#8211; \u00d3k\u00e1nb\u00ed<\/p>\n<p>&#8211; Tarrindo de Q \/ Sfonia do Samba<br \/>\n<strong>Circuito Dod\u00f4<\/strong><\/p>\n<p>15h30 &#8211; Microtrio Ivan Huol Censura Livre<\/p>\n<p>16h &#8211; Camale\u00e3o<\/p>\n<p>16h30 &#8211; Largadinho<\/p>\n<p>17h &#8211; Trio Independente Alok<\/p>\n<p>17h15 &#8211; Trio Armandinho Dod\u00f4 e Osmar<\/p>\n<p>17h30 &#8211; Balada (sem cordas)<\/p>\n<p>17h45 &#8211; Banana Reggae<\/p>\n<p>18h &#8211; Trio Independente La Furia<\/p>\n<p>18h15 &#8211; A Mulherada (sem cordas)<\/p>\n<p>18h30 &#8211; Bloco Jak\u00e9<\/p>\n<p>18h45 &#8211; Projeto Especial Chiclete<\/p>\n<p>19h &#8211; Trio Independente Jau<\/p>\n<p>19h15 &#8211; Surf Reggae<\/p>\n<p>19h30 &#8211; Trio Independente Pablo Vittar<\/p>\n<p>20h &#8211; Trio Independente Gilmel\u00e2ndia<\/p>\n<p>20h15 &#8211; Bloco Pipoc\u00e3o<\/p>\n<p>20h30 &#8211; As Incabuladas<\/p>\n<p>20h45 &#8211; Trio Independente Margareth Menezes<\/p>\n<p>21h &#8211; Trio Independente BT &#8211; Denny<\/p>\n<p>21h15 &#8211; Projeto Especial Coreto El\u00e9trico<\/p>\n<p>21h30 &#8211; Trio Independente J\u00fa Moraes<\/p>\n<p>22h &#8211; Trio Independente BT &#8211; Genard<\/p>\n<p>22h15 &#8211; Arrast\u00e3o da Meia Noite<\/p>\n<p>22h30 &#8211; Tri Independente BT &#8211; Adriano Rezende<br \/>\n<strong>Circuito Liberdade<\/strong><\/p>\n<p>14h &#8211; Bloco Infantil Mangueirinhas<\/p>\n<p>19h &#8211; QDel\u00edcia<\/p>\n<p>20h30 &#8211; Larissa Luz<\/p>\n<p>22h &#8211; M\u00e1rcia Freire<\/p>\n<p>23h30 &#8211; Ildefonso E M Moti<\/p>\n<p>1h30 &#8211; Jorge Zarath<\/p>\n<p>&nbsp;<\/p>\n<p><strong>Palco Mestre Bimba<\/strong><\/p>\n<p>10h &#8211; Bloco Quabales 10<\/p>\n<p>13h &#8211; Voc\u00ea Bebeu<\/p>\n<p>15h &#8211; Corno Nordestino<\/p>\n<p>16h &#8211; Junte-se<\/p>\n<p>16h &#8211; Arrast\u00e3o de Ver\u00e3o<\/p>\n<p>17h &#8211; Bloco Elite<\/p>\n<p>18h &#8211; Nordeste 40 Graus<\/p>\n<p>19h &#8211; Bloco RB Exclusivo<\/p>\n<p>20h &#8211; Pagode Versado<\/p>\n<p>22h &#8211; Bloco Positive<\/p>\n<p>&nbsp;<\/p>\n<p><strong>Circuito Osmar<\/strong><\/p>\n<p>11h30 &#8211; Vamos Nessa<\/p>\n<p>12h &#8211; Pierrot de Plataforma<\/p>\n<p>12h30 &#8211; Projeto Especial Olodum (sem cordas)<\/p>\n<p>13h30 &#8211; Pranch\u00e3o Alavont\u00ea<\/p>\n<p>14h &#8211; Projeto Especial Pipoca de Saulo<\/p>\n<p>14h30 &#8211; Trio Independente Daniela Mercury<\/p>\n<p>15h &#8211; As Muquiranas<\/p>\n<p>16h &#8211; Trio Independente Harmonia<\/p>\n<p>16h15 &#8211; Projeto Especial Psirico<\/p>\n<p>16h30 &#8211; Multitrio BT<\/p>\n<p>17h15 &#8211; Commanche do Pel\u00f4<\/p>\n<p>17h45 &#8211; Muzenza<\/p>\n<p>18h45 &#8211; Trio Independente \u00c9 O Tchan<\/p>\n<p>19h &#8211; Trio Independente Attoxxa<\/p>\n<p>19h15 &#8211; Trio Independente Magary<\/p>\n<p>19h30 &#8211; 100 Censura<\/p>\n<p>20h &#8211; Filhos do Congo<\/p>\n<p>20h30 &#8211; Il\u00ea Aiy\u00ea<\/p>\n<p>21h30 &#8211; Trio Independente BT Teus Santos<\/p>\n<p>21h45 &#8211; Trio Pipoca Edu Casanova<\/p>\n<p>&nbsp;<\/p>\n<p><strong>Palco do Rock<\/strong><\/p>\n<p>17h &#8211; Fora de Skuadro<\/p>\n<p>18h &#8211; Death Tales<\/p>\n<p>19h &#8211; Distrito 87<\/p>\n<p>20h &#8211; Aqueronte<\/p>\n<p>21h &#8211; Graveren<\/p>\n<p>22h &#8211; Drearylands<\/p>\n<p>23h &#8211; Batrakia<\/p>\n<p>0h &#8211; Deformity<\/p>\n<p>1h &#8211; Foda-se Cia Ltda<br \/>\n<strong>Palco Multicultural<\/strong><\/p>\n<p>19h &#8211; Coletivo BTB<\/p>\n<p>20h30 &#8211; Kaina Tawa<\/p>\n<p>22h &#8211; DJ Tau<\/p>\n<p>23h30 &#8211; Kamaphew Tawa e Espiral do Reggae<\/p>\n<p>&nbsp;<\/p>\n<p><strong>Palco Pau da Lima<\/strong><\/p>\n<p>19h &#8211; Os Mortalhas<\/p>\n<p>20h30 &#8211; Forr\u00f3 N\u00ba 1<\/p>\n<p>22h &#8211; M\u00e1rcia Castro<\/p>\n<p>23h30 &#8211; Toni Baiano<\/p>\n<p>1h30 &#8211; Patrulha do Samba<br \/>\n<strong>Palco Periperi<\/strong><\/p>\n<p>&#8211; Duas Medidas<\/p>\n<p>&#8211; Igor Kanario<\/p>\n<p>&#8211; Sabor do Arrocha<\/p>\n<p>&#8211; Larissa Carvalho<\/p>\n<p>&#8211; Lucas e Orelha<\/p>\n<p>&nbsp;<\/p>\n<p><strong>Palco Plataforma<\/strong><\/p>\n<p>19h &#8211; Banda Me Beija<\/p>\n<p>20h30 &#8211; Ruy Tapaj\u00f3s<\/p>\n<p>22h &#8211; Levi Alvim<\/p>\n<p>23h30 &#8211; Preto Tipo A<\/p>\n<p>1h30 &#8211; Alo\u00edsio Menezes<\/p>\n<p>&nbsp;<\/p>\n<p><strong>Projeto P\u00f4r do Sol<\/strong><\/p>\n<p>18h &#8211; Armandinho<\/p>\n<p>Palco Terreiro do Samba<\/p>\n<p>&#8211; Walmir Lima<\/p>\n<p>&#8211; Beijo Bom<\/p>\n<p>&#8211; Samba D+<\/p>\n<p>&#8211; Irradia Samba<\/p>\n<p>&#8211; Fora da M\u00eddia<br \/>\n<strong>Palco Torre de DJs &#8211; Farol da Barra<\/strong><\/p>\n<p>&#8211; Manimal &amp; Sevenn<\/p>\n<\/div>\n<\/article>\n<\/div>\n<\/div>\n<\/div>\n<\/div>\n<p><!--more--><\/p>\n","protected":false},"excerpt":{"rendered":"<p>Olodum sai sem cordas nesta ter\u00e7a-feira\u00a0Arquivo\/Sayonara Moreno\/Ag\u00eancia Brasil Nesta ter\u00e7a-feira (13) de carnaval, o Olodum sai sem cordas no Circuito Osmar em Salvador. Daniela Mercury, Harmonia, Psirico e \u00c9 o Tchan completam a atra\u00e7\u00e3o do circuito. Alok, Pablo Vittar e Margareth Menezes garantem a alegria no Circuito Dod\u00f4. Tem ainda Armandinho no projeto P\u00f4r do [&hellip;]<\/p>\n","protected":false},"author":2,"featured_media":0,"comment_status":"open","ping_status":"open","sticky":false,"template":"","format":"standard","meta":{"_links_to":"","_links_to_target":""},"categories":[7,9,8,1],"tags":[],"_links":{"self":[{"href":"https:\/\/www.ilheusnoticias.net.br\/v1\/wp-json\/wp\/v2\/posts\/12637"}],"collection":[{"href":"https:\/\/www.ilheusnoticias.net.br\/v1\/wp-json\/wp\/v2\/posts"}],"about":[{"href":"https:\/\/www.ilheusnoticias.net.br\/v1\/wp-json\/wp\/v2\/types\/post"}],"author":[{"embeddable":true,"href":"https:\/\/www.ilheusnoticias.net.br\/v1\/wp-json\/wp\/v2\/users\/2"}],"replies":[{"embeddable":true,"href":"https:\/\/www.ilheusnoticias.net.br\/v1\/wp-json\/wp\/v2\/comments?post=12637"}],"version-history":[{"count":1,"href":"https:\/\/www.ilheusnoticias.net.br\/v1\/wp-json\/wp\/v2\/posts\/12637\/revisions"}],"predecessor-version":[{"id":12638,"href":"https:\/\/www.ilheusnoticias.net.br\/v1\/wp-json\/wp\/v2\/posts\/12637\/revisions\/12638"}],"wp:attachment":[{"href":"https:\/\/www.ilheusnoticias.net.br\/v1\/wp-json\/wp\/v2\/media?parent=12637"}],"wp:term":[{"taxonomy":"category","embeddable":true,"href":"https:\/\/www.ilheusnoticias.net.br\/v1\/wp-json\/wp\/v2\/categories?post=12637"},{"taxonomy":"post_tag","embeddable":true,"href":"https:\/\/www.ilheusnoticias.net.br\/v1\/wp-json\/wp\/v2\/tags?post=12637"}],"curies":[{"name":"wp","href":"https:\/\/api.w.org\/{rel}","templated":true}]}}