{"id":12629,"date":"2018-02-13T09:43:29","date_gmt":"2018-02-13T12:43:29","guid":{"rendered":"http:\/\/www.ilheusnoticias.net.br\/v1\/?p=12629"},"modified":"2018-02-13T09:43:29","modified_gmt":"2018-02-13T12:43:29","slug":"sargento-do-exercito-e-outros-seis-homens-sao-presos-suspeitos-de-trafico-de-drogas-na-bahia","status":"publish","type":"post","link":"https:\/\/www.ilheusnoticias.net.br\/v1\/2018\/02\/13\/sargento-do-exercito-e-outros-seis-homens-sao-presos-suspeitos-de-trafico-de-drogas-na-bahia\/","title":{"rendered":"Sargento do Ex\u00e9rcito e outros seis homens s\u00e3o presos suspeitos de tr\u00e1fico de drogas na Bahia"},"content":{"rendered":"<div class=\"row content-head\"><\/div>\n<div class=\"mc-column\"><\/div>\n<div class=\"mc-article-body\">\n<article>\n<div class=\"mc-column content-media content-media--normal  content-photo\" data-block-type=\"backstage-photo\" data-block-id=\"0\">\n<div class=\"content-media__container\">\n<div class=\"content-media__image-centered\">\n<div class=\"progressive-img can-open-lightbox\" data-min-size=\"1008x705\" data-min-size-url=\"https:\/\/s2.glbimg.com\/u3_90s5-p6K_Xtrsh6GcPzgPNDU=\/0x0:1000x700\/1008x0\/smart\/filters:strip_icc()\/i.s3.glbimg.com\/v1\/AUTH_59edd422c0c84a879bd37670ae4f538a\/internal_photos\/bs\/2018\/a\/J\/A4ahDWRxmukJrgP0lk9Q\/luciano.jpg\" data-max-size=\"1600x1120\" data-max-size-url=\"https:\/\/s2.glbimg.com\/k21guOTprZS2nI2oeKg-a5v01is=\/0x0:1000x700\/1600x0\/smart\/filters:strip_icc()\/i.s3.glbimg.com\/v1\/AUTH_59edd422c0c84a879bd37670ae4f538a\/internal_photos\/bs\/2018\/a\/J\/A4ahDWRxmukJrgP0lk9Q\/luciano.jpg\" data-media-index=\"0\"><img class=\"progressive-draft\" title=\"Sargento do Ex\u00e9rcito foi identificado como Luciano Sim\u00f5es de Siqueira Junior (Foto: Divulga\u00e7\u00e3o\/Pol\u00edcia Civil)\" src=\"data:image\/jpeg;base64,\/9j\/4AAQSkZJRgABAQAAAQABAAD\/2wBDAAMCAgMCAgMDAwMEAwMEBQgFBQQEBQoHBwYIDAoMDAsKCwsNDhIQDQ4RDgsLEBYQERMUFRUVDA8XGBYUGBIUFRT\/2wBDAQMEBAUEBQkFBQkUDQsNFBQUFBQUFBQUFBQUFBQUFBQUFBQUFBQUFBQUFBQUFBQUFBQUFBQUFBQUFBQUFBQUFBT\/wgARCAASABkDASIAAhEBAxEB\/8QAGQAAAgMBAAAAAAAAAAAAAAAAAAYFBwgE\/8QAFwEAAwEAAAAAAAAAAAAAAAAABAUGB\/\/aAAwDAQACEAMQAAABWpqy6aGc6Hzq7XwxX5EbAidQ5YYKCc\/\/xAAfEAABBAICAwAAAAAAAAAAAAAEAQIDBQAGEhQVITL\/2gAIAQEAAQUCHV0cddO\/nIXKmt9IrNiuJlie4ku2pBhQLjy8OCejU+j05CdWHP\/EACQRAAADBQkAAAAAAAAAAAAAAAABAwIEERM0BQYSIUFxgcHw\/9oACAEDAQE\/AXR0VUKZgiyeXIWRUdm5ahQMWVQJe1F46lnbsx\/\/xAAhEQAABAYDAQAAAAAAAAAAAAAAAQIEAwUREjRBInHB8P\/aAAgBAgEBPwF49vKytNiE7QhNYXIjEwyVfaEjx1d+EP\/EACUQAAEDBAAFBQAAAAAAAAAAAAIAAQMEERIhEyIjM5I0YXKTsf\/aAAgBAQAGPwIRmoZrtq40+0VQEcwVAPyE0uOI\/FV71BiUpRniIHk+2XppPB1STUcwsT2d+b2UxG9uIWRuyoJBGz8R8jd9Dp13oftZVttdY\/1MpWfbWXaDxX\/\/xAAgEAEAAQQCAgMAAAAAAAAAAAABABEhMVFBYcHwcZHx\/9oACAEBAAE\/IbOvptg7tFje4RdnBSiO5RpVQhZsdrae2eIpgB0NHYgKnzVTmj3Cgs1vNzj5np\/mAbccUP6IA0QVHGZ+Gn\/\/2gAMAwEAAgADAAAAEDf\/AKP\/xAAeEQEAAgIBBQAAAAAAAAAAAAABABEhoTFBUXGx8P\/aAAgBAwEBPxAfaijildrNnEcpDo\/Z8k2D2mnh\/8QAHREBAAICAgMAAAAAAAAAAAAAAREhADEQUWGhwf\/aAAgBAgEBPxATQRa3R2EYcbYkrxEXGer8cCf\/xAAfEAEBAAMAAgIDAAAAAAAAAAABEQAhMUFREGFxwfD\/2gAIAQEAAT8QKANI8TyLKq1X6kHl+VZSNDMM9machGaQANeBfxwytQ\/wgIRFurzm9ms3VnBTlGk8eWvvG6vggQqwPs1WfAM3AAoixzEnWUy+dZPa06tHY5\/J\/rP\/2Q==\" alt=\"Sargento do Ex\u00e9rcito foi identificado como Luciano Sim\u00f5es de Siqueira Junior (Foto: Divulga\u00e7\u00e3o\/Pol\u00edcia Civil)\" \/><picture><img loading=\"lazy\" class=\"image content-media__image progressive-loaded\" title=\"Sargento do Ex\u00e9rcito foi identificado como Luciano Sim\u00f5es de Siqueira Junior (Foto: Divulga\u00e7\u00e3o\/Pol\u00edcia Civil)\" src=\"https:\/\/s2.glbimg.com\/ZZ8QKvYGOYWzvWiz4BYv9vitXvw=\/0x0:1000x700\/984x0\/smart\/filters:strip_icc()\/i.s3.glbimg.com\/v1\/AUTH_59edd422c0c84a879bd37670ae4f538a\/internal_photos\/bs\/2018\/a\/J\/A4ahDWRxmukJrgP0lk9Q\/luciano.jpg\" alt=\"Sargento do Ex\u00e9rcito foi identificado como Luciano Sim\u00f5es de Siqueira Junior (Foto: Divulga\u00e7\u00e3o\/Pol\u00edcia Civil)\" width=\"465\" height=\"326\" data-src=\"https:\/\/s2.glbimg.com\/ZZ8QKvYGOYWzvWiz4BYv9vitXvw=\/0x0:1000x700\/984x0\/smart\/filters:strip_icc()\/i.s3.glbimg.com\/v1\/AUTH_59edd422c0c84a879bd37670ae4f538a\/internal_photos\/bs\/2018\/a\/J\/A4ahDWRxmukJrgP0lk9Q\/luciano.jpg\" \/><\/picture><\/div>\n<\/div>\n<div class=\"content-media__description-centered \">\n<p class=\"content-media__description\"><span class=\"content-media__description__caption\">Sargento do Ex\u00e9rcito foi identificado como Luciano Sim\u00f5es de Siqueira Junior (Foto: Divulga\u00e7\u00e3o\/Pol\u00edcia Civil)<\/span><\/p>\n<p class=\"content-media__description\">Um sargento do Ex\u00e9rcito Brasileiro e outros seis homens foram presos na \u00faltima segunda-feira (12), em Porto Seguro, no sul da Bahia, suspeitos de integrar quadrilha de tr\u00e1fico de drogas. Eles estavam hospedados em um hotel situado na orla norte da cidade.<\/p>\n<\/div>\n<\/div>\n<\/div>\n<div class=\"mc-column content-text active-extra-styles \" data-block-type=\"unstyled\" data-block-weight=\"79\" data-block-id=\"3\">\n<p class=\"content-text__container \" data-track-category=\"Link no Texto\" data-track-links=\"\">De acordo com informa\u00e7\u00f5es da Pol\u00edcia Civil, com o grupo foram encontrados 257 comprimidos de \u00eaxtase; 3 micropontos de LSD; 7 tabletes de maconha; 2 papelotes de coca\u00edna; 89 frascos de lan\u00e7a perfume; 11 frascos de 500ml de &#8220;lol\u00f3&#8221; (clorof\u00f3rmio); 3 pedras brutas de subst\u00e2ncia n\u00e3o identificada; 3 inv\u00f3lucros pl\u00e1sticos com res\u00edduos de droga sint\u00e9tica; 5 ampolas de &#8220;durateston&#8221;; 7 seringas intactas; 6 comprimidos de da medica\u00e7\u00e3o &#8220;ultrogestan&#8221;; 1 frasco de &#8220;Silimarina&#8221; contendo 34 comprimidos; e R$1.567 em dinheiro.<\/p>\n<\/div>\n<\/article>\n<\/div>\n<p class=\"content-text__container \" data-track-category=\"Link no Texto\" data-track-links=\"\">\n<p class=\"content-text__container \" data-track-category=\"Link no Texto\" data-track-links=\"\"><!--more--><\/p>\n<p class=\"content-text__container \" data-track-category=\"Link no Texto\" data-track-links=\"\">\n<p class=\"content-text__container \" data-track-category=\"Link no Texto\" data-track-links=\"\">\n<div class=\"mc-article-body\">\n<article>\n<div class=\"mc-column content-media content-media--normal  content-photo\" data-block-type=\"backstage-photo\" data-block-id=\"4\">\n<div class=\"content-media__container\">\n<div class=\"content-media__image-centered\">\n<div class=\"progressive-img can-open-lightbox\" data-min-size=\"1008x631\" data-min-size-url=\"https:\/\/s2.glbimg.com\/Ea6V2DTKo7Qhdwg0L0mUWbnh9ow=\/0x0:1700x1065\/1008x0\/smart\/filters:strip_icc()\/i.s3.glbimg.com\/v1\/AUTH_59edd422c0c84a879bd37670ae4f538a\/internal_photos\/bs\/2018\/X\/i\/saiVlhQCiFluXyrTNqIw\/presos-porto-seguro.jpg\" data-max-size=\"1600x1002\" data-max-size-url=\"https:\/\/s2.glbimg.com\/NIx5vx8tAfoA6MVsQyMY5MjVogQ=\/0x0:1700x1065\/1600x0\/smart\/filters:strip_icc()\/i.s3.glbimg.com\/v1\/AUTH_59edd422c0c84a879bd37670ae4f538a\/internal_photos\/bs\/2018\/X\/i\/saiVlhQCiFluXyrTNqIw\/presos-porto-seguro.jpg\" data-media-index=\"1\"><img class=\"progressive-draft\" title=\"Junto com o sargento, outros seis homens foram presos (Foto: Divulga\u00e7\u00e3o\/Pol\u00edcia Civil)\" src=\"data:image\/jpeg;base64,\/9j\/4AAQSkZJRgABAQAAAQABAAD\/2wBDAAMCAgMCAgMDAwMEAwMEBQgFBQQEBQoHBwYIDAoMDAsKCwsNDhIQDQ4RDgsLEBYQERMUFRUVDA8XGBYUGBIUFRT\/2wBDAQMEBAUEBQkFBQkUDQsNFBQUFBQUFBQUFBQUFBQUFBQUFBQUFBQUFBQUFBQUFBQUFBQUFBQUFBQUFBQUFBQUFBT\/wgARCAAQABkDASIAAhEBAxEB\/8QAFgABAQEAAAAAAAAAAAAAAAAABgUE\/8QAFQEBAQAAAAAAAAAAAAAAAAAABAb\/2gAMAwEAAhADEAAAAUciRbLQZWIVMgv\/xAAcEAACAgIDAAAAAAAAAAAAAAACBQEEAAMSFRb\/2gAIAQEAAQUCXtTUMNbYaDCGULmfZM826uFkHZ0GR3ZFj66zn\/\/EACERAAEBBwUAAAAAAAAAAAAAAAIBAAMEERIiURQhMaHh\/9oACAEDAQE\/AQgqDlp1W3PfDPoWwJOSTbPjf\/\/EACARAAEDAgcAAAAAAAAAAAAAAAEAAgQDERITIjJRcfH\/2gAIAQIBAT8BMrGy+aN3CpSCXP1g9+r\/xAApEAABAwMCAgsAAAAAAAAAAAABAgMRAAQSITFBYSQzNEJRgZGSodHi\/9oACAEBAAY\/Anre0WbxqEhLq9EkzypZaU4gSUvJ3yJ3j5ii7aaFQVmHe6fARyrrWfT90pVj0a2UMRO8ec044lwJeUIeCtQFzwjhTjltiCVEqWo5azOxrtJ9o+q\/\/8QAHxAAAQQCAgMAAAAAAAAAAAAAAQARIUExYRCBobHx\/9oACAEBAAE\/IT1acNU8Np+uQia9xspRX2nvOLBwLvlfdLhN4JSCD0HpGa1m\/CIqC7T\/ANlONpsEvriV\/9oADAMBAAIAAwAAABDYP\/\/EABsRAQADAQADAAAAAAAAAAAAAAERITEAQVGB\/9oACAEDAQE\/EFG\/VMYyiC7iH3PGOxptLTmdn7Hjv\/\/EABsRAQACAwEBAAAAAAAAAAAAAAERQQAhMYFR\/9oACAECAQE\/EJpkwlt8EVIuTkRi87VNhzxXk3n\/xAAbEAEBAAMBAQEAAAAAAAAAAAABEQAhMRBBUf\/aAAgBAQABPxCDcgIDimrtDqa1imIkeYcgAaqLdkxAe68kDgi5N\/RJ4IUaQlEoABKJbHSYw6jFoNWkQVKo0ExrS2hap0A9R+HZPDn\/2Q==\" alt=\"Junto com o sargento, outros seis homens foram presos (Foto: Divulga\u00e7\u00e3o\/Pol\u00edcia Civil)\" \/><picture><img loading=\"lazy\" class=\"image content-media__image progressive-loaded\" title=\"Junto com o sargento, outros seis homens foram presos (Foto: Divulga\u00e7\u00e3o\/Pol\u00edcia Civil)\" src=\"https:\/\/s2.glbimg.com\/YE-P0x3Nl6slHWSeJBEQFsrgy2A=\/0x0:1700x1065\/984x0\/smart\/filters:strip_icc()\/i.s3.glbimg.com\/v1\/AUTH_59edd422c0c84a879bd37670ae4f538a\/internal_photos\/bs\/2018\/X\/i\/saiVlhQCiFluXyrTNqIw\/presos-porto-seguro.jpg\" alt=\"Junto com o sargento, outros seis homens foram presos (Foto: Divulga\u00e7\u00e3o\/Pol\u00edcia Civil)\" width=\"408\" height=\"255\" data-src=\"https:\/\/s2.glbimg.com\/YE-P0x3Nl6slHWSeJBEQFsrgy2A=\/0x0:1700x1065\/984x0\/smart\/filters:strip_icc()\/i.s3.glbimg.com\/v1\/AUTH_59edd422c0c84a879bd37670ae4f538a\/internal_photos\/bs\/2018\/X\/i\/saiVlhQCiFluXyrTNqIw\/presos-porto-seguro.jpg\" \/><\/picture><\/div>\n<\/div>\n<div class=\"content-media__description-centered \">\n<p class=\"content-media__description\"><span class=\"content-media__description__caption\">Junto com o sargento, outros seis homens foram presos (Foto: Divulga\u00e7\u00e3o\/Pol\u00edcia Civil)<\/span><\/p>\n<\/div>\n<\/div>\n<\/div>\n<div class=\"mc-column content-text active-extra-styles \" data-block-type=\"unstyled\" data-block-weight=\"51\" data-block-id=\"5\">\n<p class=\"content-text__container \" data-track-category=\"Link no Texto\" data-track-links=\"\">Junto com o sargento do Ex\u00e9rcito, identificado como Luciano Sim\u00f5es de Siqueira J\u00fanior, 32 anos, foram presos Gustavo de Santana Pelicano, 28; Leonardo de Oliveira Saraiva Lima, 34; Giuliano Loures Martins Lopes, 30; Francisco Edilson Rodrigues Souza Junior, 33; e Lucas Felipe Paschoal da Silva, 25. Todos s\u00e3o oriundos de Bras\u00edlia.<\/p>\n<\/div>\n<div class=\"mc-column content-text active-extra-styles \" data-block-type=\"unstyled\" data-block-weight=\"40\" data-block-id=\"6\">\n<p class=\"content-text__container \" data-track-category=\"Link no Texto\" data-track-links=\"\">Os homens foram autuados em flagrante pelo tipo previsto no Art. 33 da Lei 11.343\/2006, conhecida como a Lei de T\u00f3xicos. A pena prevista para este tipo de crime \u00e9 reclus\u00e3o de cinco a 15 anos e pagamento de multa.<\/p>\n<\/div>\n<div class=\"content-ads content-ads--reveal\" data-block-type=\"ads\" data-block-id=\"7\">\n<div id=\"banner_materia2\" class=\"tag-manager-publicidade-container has-reveal has-ad-lazyload tag-manager-publicidade-banner_materia2 tag-manager-publicidade-container--carregado tag-manager-publicidade-container--visivel\" data-id=\"banner_materia2\" data-google-query-id=\"CKSMmfX0otkCFVMYhgod674Atw\" data-cid=\"138224998154\" data-lid=\"4574307295\">\n<div id=\"google_ads_iframe_\/95377733\/tvg_G1\/Sua_Regiao&gt;Nordeste&gt;Bahia_2__container__\" style=\"box-sizing: inherit; margin: auto; padding: 0px; border: 0pt none; font-style: inherit; font-variant: inherit; font-weight: inherit; font-stretch: inherit; font-size: inherit; line-height: inherit; font-family: inherit; vertical-align: baseline; width: 970px; max-width: 100%; text-align: center;\"><\/div>\n<\/div>\n<\/div>\n<div class=\"mc-column content-text active-extra-styles \" data-block-type=\"unstyled\" data-block-weight=\"18\" data-block-id=\"8\">\n<p class=\"content-text__container \" data-track-category=\"Link no Texto\" data-track-links=\"\">O sargento do Ex\u00e9rcito Brasileiro, Luciano Sim\u00f5es de Siqueira J\u00fanior, ser\u00e1 encaminhado para cust\u00f3dia em Unidade do Ex\u00e9rcito.<\/p>\n<\/div>\n<div data-track-category=\"fim do conteudo\" data-track-action=\"ultimo chunk conteudo\" data-track-noninteraction=\"false\" data-track-scroll=\"entrada completa viewport\">\n<div class=\"mc-column content-media content-media--normal  content-photo\" data-block-type=\"backstage-photo\" data-block-id=\"9\">\n<div class=\"content-media__container\">\n<div class=\"content-media__image-centered\">\n<div class=\"progressive-img can-open-lightbox\" data-min-size=\"1008x631\" data-min-size-url=\"https:\/\/s2.glbimg.com\/0-BIeSeLrUb1dBP0SUMWULrKaAU=\/0x0:1700x1065\/1008x0\/smart\/filters:strip_icc()\/i.s3.glbimg.com\/v1\/AUTH_59edd422c0c84a879bd37670ae4f538a\/internal_photos\/bs\/2018\/Q\/g\/xVpo1hQBaVSiarf0z7aw\/whatsapp-image-2018-02-13-at-07.jpg\" data-max-size=\"1600x1002\" data-max-size-url=\"https:\/\/s2.glbimg.com\/sUZVn3P3Rz-YPOZjrOagJZlYbQ8=\/0x0:1700x1065\/1600x0\/smart\/filters:strip_icc()\/i.s3.glbimg.com\/v1\/AUTH_59edd422c0c84a879bd37670ae4f538a\/internal_photos\/bs\/2018\/Q\/g\/xVpo1hQBaVSiarf0z7aw\/whatsapp-image-2018-02-13-at-07.jpg\" data-media-index=\"2\"><img class=\"progressive-draft\" title=\"Material foi apreendido com o grupo (Foto: Divulga\u00e7\u00e3o\/Pol\u00edcia Civil)\" src=\"data:image\/jpeg;base64,\/9j\/4AAQSkZJRgABAQAAAQABAAD\/2wBDAAMCAgMCAgMDAwMEAwMEBQgFBQQEBQoHBwYIDAoMDAsKCwsNDhIQDQ4RDgsLEBYQERMUFRUVDA8XGBYUGBIUFRT\/2wBDAQMEBAUEBQkFBQkUDQsNFBQUFBQUFBQUFBQUFBQUFBQUFBQUFBQUFBQUFBQUFBQUFBQUFBQUFBQUFBQUFBQUFBT\/wgARCAAQABkDASIAAhEBAxEB\/8QAFwABAQEBAAAAAAAAAAAAAAAABgcEBf\/EABYBAQEBAAAAAAAAAAAAAAAAAAIDBP\/aAAwDAQACEAMQAAABTjkXUzVCV6V6UP\/EABoQAAIDAQEAAAAAAAAAAAAAAAMEAAIFFBX\/2gAIAQEAAQUCYFQtQuJZemBfv2ek0Q0FdejVDFmtR0aPtAn\/xAAXEQEBAQEAAAAAAAAAAAAAAAABMQAC\/9oACAEDAQE\/AbWZOXf\/xAAXEQADAQAAAAAAAAAAAAAAAAAAAQJB\/9oACAECAQE\/AXTwd1rP\/8QAKBAAAQMDAgMJAAAAAAAAAAAAAgEDEQAEEiFhEyIxIzVBQnGRkpPR\/9oACAEBAAY\/AnxvUzByAEC0Ad59qW2t2O2PQuHoK+MUt1dWZsN5Iso9yoQxCYxtXl+dJEOtKWUF1Fd6VhloQPq08YZCNCFpeMJcMkK3CouOPpNd7F9A\/lf\/xAAeEAEBAAICAgMAAAAAAAAAAAABEQAhMWFBURBxkf\/aAAgBAQABPyFWZklAwHbaeyYz1goA8K4T6uC63x1xIa0vjO78sJQYHFNkPDfWFGY25TYltl33leHSTnK1nTv49f\/aAAwDAQACAAMAAAAQSL\/\/xAAdEQACAgEFAAAAAAAAAAAAAAABIQARMVFhobHh\/9oACAEDAQE\/EAKAIw7WjhCwC9\/HxP\/EAB0RAAEEAgMAAAAAAAAAAAAAAAEAESExUWGx0eH\/2gAIAQIBAT8QKJEHv3PKZAUaPcL\/xAAbEAEBAQACAwAAAAAAAAAAAAABESEAMRBBUf\/aAAgBAQABPxC9Jt84MDJQPQ3lt+JmRDYcfTZunBlUGqlIYMl9qj4BmTTaqOxj1QhB4wjVv0GCsevxU46SNlBUL19Bm1PE\/wD\/2Q==\" alt=\"Material foi apreendido com o grupo (Foto: Divulga\u00e7\u00e3o\/Pol\u00edcia Civil)\" \/><picture><img loading=\"lazy\" class=\"image content-media__image progressive-loaded\" title=\"Material foi apreendido com o grupo (Foto: Divulga\u00e7\u00e3o\/Pol\u00edcia Civil)\" src=\"https:\/\/s2.glbimg.com\/qx5CfqhlGxuXrlC5Xxpgc2T0fFE=\/0x0:1700x1065\/984x0\/smart\/filters:strip_icc()\/i.s3.glbimg.com\/v1\/AUTH_59edd422c0c84a879bd37670ae4f538a\/internal_photos\/bs\/2018\/Q\/g\/xVpo1hQBaVSiarf0z7aw\/whatsapp-image-2018-02-13-at-07.jpg\" alt=\"Material foi apreendido com o grupo (Foto: Divulga\u00e7\u00e3o\/Pol\u00edcia Civil)\" width=\"422\" height=\"264\" data-src=\"https:\/\/s2.glbimg.com\/qx5CfqhlGxuXrlC5Xxpgc2T0fFE=\/0x0:1700x1065\/984x0\/smart\/filters:strip_icc()\/i.s3.glbimg.com\/v1\/AUTH_59edd422c0c84a879bd37670ae4f538a\/internal_photos\/bs\/2018\/Q\/g\/xVpo1hQBaVSiarf0z7aw\/whatsapp-image-2018-02-13-at-07.jpg\" \/><\/picture><\/div>\n<\/div>\n<div class=\"content-media__description-centered \">\n<p class=\"content-media__description\"><span class=\"content-media__description__caption\">Material foi apreendido com o grupo (Foto: Divulga\u00e7\u00e3o\/Pol\u00edcia Civil)<\/span><\/p>\n<\/div>\n<\/div>\n<\/div>\n<\/div>\n<\/article>\n<\/div>\n","protected":false},"excerpt":{"rendered":"<p>Sargento do Ex\u00e9rcito foi identificado como Luciano Sim\u00f5es de Siqueira Junior (Foto: Divulga\u00e7\u00e3o\/Pol\u00edcia Civil) Um sargento do Ex\u00e9rcito Brasileiro e outros seis homens foram presos na \u00faltima segunda-feira (12), em Porto Seguro, no sul da Bahia, suspeitos de integrar quadrilha de tr\u00e1fico de drogas. Eles estavam hospedados em um hotel situado na orla norte da [&hellip;]<\/p>\n","protected":false},"author":2,"featured_media":0,"comment_status":"open","ping_status":"open","sticky":false,"template":"","format":"standard","meta":{"_links_to":"","_links_to_target":""},"categories":[7,8,1,5],"tags":[],"_links":{"self":[{"href":"https:\/\/www.ilheusnoticias.net.br\/v1\/wp-json\/wp\/v2\/posts\/12629"}],"collection":[{"href":"https:\/\/www.ilheusnoticias.net.br\/v1\/wp-json\/wp\/v2\/posts"}],"about":[{"href":"https:\/\/www.ilheusnoticias.net.br\/v1\/wp-json\/wp\/v2\/types\/post"}],"author":[{"embeddable":true,"href":"https:\/\/www.ilheusnoticias.net.br\/v1\/wp-json\/wp\/v2\/users\/2"}],"replies":[{"embeddable":true,"href":"https:\/\/www.ilheusnoticias.net.br\/v1\/wp-json\/wp\/v2\/comments?post=12629"}],"version-history":[{"count":1,"href":"https:\/\/www.ilheusnoticias.net.br\/v1\/wp-json\/wp\/v2\/posts\/12629\/revisions"}],"predecessor-version":[{"id":12630,"href":"https:\/\/www.ilheusnoticias.net.br\/v1\/wp-json\/wp\/v2\/posts\/12629\/revisions\/12630"}],"wp:attachment":[{"href":"https:\/\/www.ilheusnoticias.net.br\/v1\/wp-json\/wp\/v2\/media?parent=12629"}],"wp:term":[{"taxonomy":"category","embeddable":true,"href":"https:\/\/www.ilheusnoticias.net.br\/v1\/wp-json\/wp\/v2\/categories?post=12629"},{"taxonomy":"post_tag","embeddable":true,"href":"https:\/\/www.ilheusnoticias.net.br\/v1\/wp-json\/wp\/v2\/tags?post=12629"}],"curies":[{"name":"wp","href":"https:\/\/api.w.org\/{rel}","templated":true}]}}