{"id":12627,"date":"2018-02-13T09:40:14","date_gmt":"2018-02-13T12:40:14","guid":{"rendered":"http:\/\/www.ilheusnoticias.net.br\/v1\/?p=12627"},"modified":"2018-02-13T09:40:14","modified_gmt":"2018-02-13T12:40:14","slug":"prefeitura-de-ilheus-abre-sindicancia-para-apurar-baixas-de-multas-dos-sistema-e-faltas-de-agentes-de-transitos-ao-trabalh","status":"publish","type":"post","link":"https:\/\/www.ilheusnoticias.net.br\/v1\/2018\/02\/13\/prefeitura-de-ilheus-abre-sindicancia-para-apurar-baixas-de-multas-dos-sistema-e-faltas-de-agentes-de-transitos-ao-trabalh\/","title":{"rendered":"Prefeitura de Ilh\u00e9us abre sindic\u00e2ncia para apurar baixas de multas dos sistema e faltas de agentes de tr\u00e2nsitos ao trabalh"},"content":{"rendered":"<h2 class=\"PostHeaderIcon-wrapper\"><a class=\"gallery_colorbox cboxElement\" href=\"http:\/\/www.agravo.blog.br\/wp-content\/uploads\/2018\/02\/greensignal.jpg\"><img loading=\"lazy\" class=\"size-full wp-image-74251\" src=\"http:\/\/www.agravo.blog.br\/wp-content\/uploads\/2018\/02\/greensignal.jpg\" sizes=\"(max-width: 400px) 100vw, 400px\" srcset=\"http:\/\/www.agravo.blog.br\/wp-content\/uploads\/2018\/02\/greensignal.jpg 400w, http:\/\/www.agravo.blog.br\/wp-content\/uploads\/2018\/02\/greensignal-300x203.jpg 300w\" alt=\"\" width=\"400\" height=\"270\" \/><\/a><\/h2>\n<div class=\"PostContent\">\n<div id=\"attachment_74251\" class=\"wp-caption aligncenter\">\n<p class=\"wp-caption-text\"><em>Sinal verde para as apura\u00e7\u00f5es.<\/em><\/p>\n<\/div>\n<p>A Superintend\u00eancia de Transportes e Tr\u00e2nsito do munic\u00edpio de Ilh\u00e9us publicou no di\u00e1rio oficial do munic\u00edpio na \u00faltima quinta-feira (08) uma abertura de sindic\u00e2ncia para apurar duas den\u00fancias grav\u00edssimas chegadas ao Diretor de Tr\u00e2nsito e Transportes, Gilson Nascimento.<\/p>\n<p>Segundo portaria n\u00b0 054, a Sindic\u00e2ncia vai apurar den\u00fancia do departamento de recursos humanos da prefeitura de Ilh\u00e9us, contra agentes de tr\u00e2nsito com diversas faltas ao servi\u00e7o de forma recorrentes sem as devidas justificativas legais.<\/p>\n<p>J\u00e1 a portaria n\u00ba 56 tenta identificar a autoria da baixa de 341 (trezentos e quarenta e uma) multas de tr\u00e2nsito no sistema, nos anos de 2011, 2012, 2013 e 2014 sem o devido processo administrativo legal.<\/p>\n<p>Os per\u00edodos das baixas das multas s\u00e3o entre os governos de Newton Lima e Jabes Ribeiro.<\/p>\n<p>Blog: Agravo<\/p>\n<\/div>\n","protected":false},"excerpt":{"rendered":"<p>Sinal verde para as apura\u00e7\u00f5es. A Superintend\u00eancia de Transportes e Tr\u00e2nsito do munic\u00edpio de Ilh\u00e9us publicou no di\u00e1rio oficial do munic\u00edpio na \u00faltima quinta-feira (08) uma abertura de sindic\u00e2ncia para apurar duas den\u00fancias grav\u00edssimas chegadas ao Diretor de Tr\u00e2nsito e Transportes, Gilson Nascimento. Segundo portaria n\u00b0 054, a Sindic\u00e2ncia vai apurar den\u00fancia do departamento de [&hellip;]<\/p>\n","protected":false},"author":2,"featured_media":0,"comment_status":"open","ping_status":"open","sticky":false,"template":"","format":"standard","meta":{"_links_to":"","_links_to_target":""},"categories":[7,9,8,1],"tags":[],"_links":{"self":[{"href":"https:\/\/www.ilheusnoticias.net.br\/v1\/wp-json\/wp\/v2\/posts\/12627"}],"collection":[{"href":"https:\/\/www.ilheusnoticias.net.br\/v1\/wp-json\/wp\/v2\/posts"}],"about":[{"href":"https:\/\/www.ilheusnoticias.net.br\/v1\/wp-json\/wp\/v2\/types\/post"}],"author":[{"embeddable":true,"href":"https:\/\/www.ilheusnoticias.net.br\/v1\/wp-json\/wp\/v2\/users\/2"}],"replies":[{"embeddable":true,"href":"https:\/\/www.ilheusnoticias.net.br\/v1\/wp-json\/wp\/v2\/comments?post=12627"}],"version-history":[{"count":1,"href":"https:\/\/www.ilheusnoticias.net.br\/v1\/wp-json\/wp\/v2\/posts\/12627\/revisions"}],"predecessor-version":[{"id":12628,"href":"https:\/\/www.ilheusnoticias.net.br\/v1\/wp-json\/wp\/v2\/posts\/12627\/revisions\/12628"}],"wp:attachment":[{"href":"https:\/\/www.ilheusnoticias.net.br\/v1\/wp-json\/wp\/v2\/media?parent=12627"}],"wp:term":[{"taxonomy":"category","embeddable":true,"href":"https:\/\/www.ilheusnoticias.net.br\/v1\/wp-json\/wp\/v2\/categories?post=12627"},{"taxonomy":"post_tag","embeddable":true,"href":"https:\/\/www.ilheusnoticias.net.br\/v1\/wp-json\/wp\/v2\/tags?post=12627"}],"curies":[{"name":"wp","href":"https:\/\/api.w.org\/{rel}","templated":true}]}}