{"id":12621,"date":"2018-02-13T09:34:56","date_gmt":"2018-02-13T12:34:56","guid":{"rendered":"http:\/\/www.ilheusnoticias.net.br\/v1\/?p=12621"},"modified":"2018-02-13T09:34:56","modified_gmt":"2018-02-13T12:34:56","slug":"pegou-mal-climao-entre-zeca-pagodinho-e-o-prefeito-de-sao-paulo","status":"publish","type":"post","link":"https:\/\/www.ilheusnoticias.net.br\/v1\/2018\/02\/13\/pegou-mal-climao-entre-zeca-pagodinho-e-o-prefeito-de-sao-paulo\/","title":{"rendered":"Pegou mal, clim\u00e3o entre Zeca Pagodinho e o prefeito de S\u00e3o Paulo"},"content":{"rendered":"<h3 class=\"post-title entry-title\"><\/h3>\n<div id=\"post-body-2615408677654627503\" class=\"post-body entry-content\">\n<div class=\"separator\"><a href=\"http:\/\/plantaoitabuna.com.br\/assets\/2018\/02\/doria-zeca-pagodinho.jpg\"><img src=\"http:\/\/plantaoitabuna.com.br\/assets\/2018\/02\/doria-zeca-pagodinho.jpg\" alt=\"\" border=\"0\" \/><\/a><\/div>\n<div><\/div>\n<div>Virou meme a saia justa entre o prefeito de S\u00e3o Paulo, Jo\u00e3o Doria Jr. (PSDB), e o cantor Zeca Pagodinho, no Samb\u00f3dromo do Anhembi, na madrugada deste domingo (11). Doria insistiu para tirar uma foto ao lado do sambista, que visivelmente n\u00e3o gostou da ideia.<\/div>\n<div><\/div>\n<div>De acordo com o \u201cG1\u201d, irritado com a presen\u00e7a do tucano, Zeca se recusou a tirar uma foto com o pol\u00edtico e s\u00f3 cedeu ap\u00f3s a interven\u00e7\u00e3o do dono do camarote em que ele estava, \u00c1lvaro Aoas.<\/div>\n<div><\/div>\n<div>Ap\u00f3s muita negocia\u00e7\u00e3o das duas assessorias, Zeca concordou com a foto, mas com uma condi\u00e7\u00e3o: a presen\u00e7a do ex-jogador Amaral, caso contr\u00e1rio, n\u00e3o posaria.<\/div>\n<div><\/div>\n<div>A tens\u00e3o do momento foi registrada por fot\u00f3grafos e gerou uma s\u00e9rie de piadas nas redes sociais.<\/div>\n<\/div>\n","protected":false},"excerpt":{"rendered":"<p>Virou meme a saia justa entre o prefeito de S\u00e3o Paulo, Jo\u00e3o Doria Jr. (PSDB), e o cantor Zeca Pagodinho, no Samb\u00f3dromo do Anhembi, na madrugada deste domingo (11). Doria insistiu para tirar uma foto ao lado do sambista, que visivelmente n\u00e3o gostou da ideia. De acordo com o \u201cG1\u201d, irritado com a presen\u00e7a do [&hellip;]<\/p>\n","protected":false},"author":2,"featured_media":0,"comment_status":"open","ping_status":"open","sticky":false,"template":"","format":"standard","meta":{"_links_to":"","_links_to_target":""},"categories":[7,9,8,1],"tags":[],"_links":{"self":[{"href":"https:\/\/www.ilheusnoticias.net.br\/v1\/wp-json\/wp\/v2\/posts\/12621"}],"collection":[{"href":"https:\/\/www.ilheusnoticias.net.br\/v1\/wp-json\/wp\/v2\/posts"}],"about":[{"href":"https:\/\/www.ilheusnoticias.net.br\/v1\/wp-json\/wp\/v2\/types\/post"}],"author":[{"embeddable":true,"href":"https:\/\/www.ilheusnoticias.net.br\/v1\/wp-json\/wp\/v2\/users\/2"}],"replies":[{"embeddable":true,"href":"https:\/\/www.ilheusnoticias.net.br\/v1\/wp-json\/wp\/v2\/comments?post=12621"}],"version-history":[{"count":1,"href":"https:\/\/www.ilheusnoticias.net.br\/v1\/wp-json\/wp\/v2\/posts\/12621\/revisions"}],"predecessor-version":[{"id":12622,"href":"https:\/\/www.ilheusnoticias.net.br\/v1\/wp-json\/wp\/v2\/posts\/12621\/revisions\/12622"}],"wp:attachment":[{"href":"https:\/\/www.ilheusnoticias.net.br\/v1\/wp-json\/wp\/v2\/media?parent=12621"}],"wp:term":[{"taxonomy":"category","embeddable":true,"href":"https:\/\/www.ilheusnoticias.net.br\/v1\/wp-json\/wp\/v2\/categories?post=12621"},{"taxonomy":"post_tag","embeddable":true,"href":"https:\/\/www.ilheusnoticias.net.br\/v1\/wp-json\/wp\/v2\/tags?post=12621"}],"curies":[{"name":"wp","href":"https:\/\/api.w.org\/{rel}","templated":true}]}}