{"id":12615,"date":"2018-02-13T09:24:48","date_gmt":"2018-02-13T12:24:48","guid":{"rendered":"http:\/\/www.ilheusnoticias.net.br\/v1\/?p=12615"},"modified":"2018-02-13T09:24:48","modified_gmt":"2018-02-13T12:24:48","slug":"rui-recebe-elogios-de-artistas-baianos","status":"publish","type":"post","link":"https:\/\/www.ilheusnoticias.net.br\/v1\/2018\/02\/13\/rui-recebe-elogios-de-artistas-baianos\/","title":{"rendered":"Rui recebe elogios de artistas baianos"},"content":{"rendered":"<p class=\"x_MsoNormal\"><img loading=\"lazy\" class=\"\" src=\"https:\/\/attachment.outlook.office.net\/owa\/laudiceacarvalho62@hotmail.com\/service.svc\/s\/GetAttachmentThumbnail?id=AQMkADAwATYwMAItY2MANTgtODQxNC0wMAItMDAKAEYAAANqOYr2uMN4Qoz6pFp%2FhFoeBwAsxvM0hWqyT6EfSeQ8%2BPgA8AAAAgEMAAAALMbzNIVqsk%2BhH0nkPPj4APAAAWfG9eUAAAABEgAQAOJRNeWmX3xNq7G5P3j5fjc%3D&amp;thumbnailType=2&amp;X-OWA-CANARY=IRwCqlbM4EaFiHLYTA41o1CIA4fcctUYC4NiXi5RikQVenMPa9itfGhJy3kNeh8a4aBr89UDUts.&amp;token=eyJ0eXAiOiJKV1QiLCJhbGciOiJSUzI1NiIsIng1dCI6ImVuaDlCSnJWUFU1aWpWMXFqWmpWLWZMMmJjbyJ9.eyJ2ZXIiOiJFeGNoYW5nZS5DYWxsYmFjay5WMSIsImFwcGN0eHNlbmRlciI6Ik93YURvd25sb2FkQDg0ZGY5ZTdmLWU5ZjYtNDBhZi1iNDM1LWFhYWFhYWFhYWFhYSIsImFwcGN0eCI6IntcIm1zZXhjaHByb3RcIjpcIm93YVwiLFwicHJpbWFyeXNpZFwiOlwiUy0xLTI4MjctMzkzMjE2LTM0MjgzNTMwNDRcIixcInB1aWRcIjpcIjE2ODg4NTMyODg2MTY5ODBcIixcIm9pZFwiOlwiMDAwNjAwMDAtY2M1OC04NDE0LTAwMDAtMDAwMDAwMDAwMDAwXCIsXCJzY29wZVwiOlwiT3dhRG93bmxvYWRcIn0iLCJpc3MiOiIwMDAwMDAwMi0wMDAwLTBmZjEtY2UwMC0wMDAwMDAwMDAwMDBAODRkZjllN2YtZTlmNi00MGFmLWI0MzUtYWFhYWFhYWFhYWFhIiwiYXVkIjoiMDAwMDAwMDItMDAwMC0wZmYxLWNlMDAtMDAwMDAwMDAwMDAwL2F0dGFjaG1lbnQub3V0bG9vay5vZmZpY2UubmV0QDg0ZGY5ZTdmLWU5ZjYtNDBhZi1iNDM1LWFhYWFhYWFhYWFhYSIsImV4cCI6MTUxODUyNDk4NiwibmJmIjoxNTE4NTI0Mzg2fQ.C5zhrPIx9hJ7YF9Syd73MyGNS5p8oT9fFHjy0m8MRhDODzQl-2G8q4xgDrzipDmx_vE3HyBgtTQLNKiLD5IS1AtxiHsQkq-JhCX3F7uTQsBXLlHRJ4kONriCEFZml2PgwMG7u5wofLo5PWtZnnDQE2VmzmLhlJ_411pWSgqQKw9dhqVSxZI0DsIUNI7AA3wROGlgzp0f8_DT1HbLUQkalGn3Rs5zpqwpDH83oMNEl5ZToMvzxhHSj-7TX_G38gGI6zWcNZJBl5Gv5Khs_cqtyRBLHXh6TWajXebolQswAGjeQh_o3FX6ghYloyU4zcvpse3QwFu6OsGbxn-jt6Lzdg&amp;owa=outlook.live.com&amp;isc=1\" alt=\"\" width=\"452\" height=\"301\" \/><\/p>\n<div>Ao acompanhar a passagem dos trios na folia baiana, o governador do estado est\u00e1 recebendo o carinho tamb\u00e9m dos artistas que se apresentam nas avenidas. Neste domingo (11), no Circuito Osmar (Campo Grande), Rui Costa foi saudado por Ricardo Chaves, puxando o Alavont\u00ea, seguido de Saulo, que justificou o apelido #correria. \u201cQuem conhece voc\u00ea de perto diz que voc\u00ea \u00e9 trabalhador\u201d.<\/p>\n<p>Outros artistas j\u00e1 tinham pedido licen\u00e7a ao p\u00fablico para incentivar e elogiar as iniciativas do governo. \u201cN\u00e3o teve nenhuma briga, governador. Carnaval da paz, sem cordas\u201d, falou a cantora Anitta, na sua passagem pela Barra. M\u00e1rcio Vitor, que tamb\u00e9m saudou o governador neste domingo, j\u00e1 tinha feito seu registro, \u201cRui, muito obrigado pelo cuidado com o povo da nossa terra. Que sejam eternas as coisas que voc\u00ea vem fazendo pelo povo. Quando a gente faz pelo povo, nada apaga., . No primeiro dia da festa, o cantor L\u00e9o Santana fez uma sauda\u00e7\u00e3o especial para o gestor p\u00fablico.<\/p><\/div>\n<div><\/div>\n<p><!--more--><\/p>\n<div>\nNo Carnaval 2018, o Governo da Bahia homenageia os 220 anos da Revolta dos B\u00fazios. Na capital, a divers\u00e3o est\u00e1 assegurada com a contrata\u00e7\u00e3o de 203 atra\u00e7\u00f5es, sendo 112 somente para o foli\u00e3o pipoca. Comemorando dez anos, o Carnaval Ouro Negro mant\u00e9m a tradi\u00e7\u00e3o dos blocos afros e afox\u00e9s, com o apoio a 91 entidades. Al\u00e9m da capital, a festa \u00e9 patrocinada pelo Governo em 22 cidades do interior baiano.<\/div>\n","protected":false},"excerpt":{"rendered":"<p>Ao acompanhar a passagem dos trios na folia baiana, o governador do estado est\u00e1 recebendo o carinho tamb\u00e9m dos artistas que se apresentam nas avenidas. Neste domingo (11), no Circuito Osmar (Campo Grande), Rui Costa foi saudado por Ricardo Chaves, puxando o Alavont\u00ea, seguido de Saulo, que justificou o apelido #correria. \u201cQuem conhece voc\u00ea de [&hellip;]<\/p>\n","protected":false},"author":2,"featured_media":0,"comment_status":"open","ping_status":"open","sticky":false,"template":"","format":"standard","meta":{"_links_to":"","_links_to_target":""},"categories":[7,9,8,1],"tags":[],"_links":{"self":[{"href":"https:\/\/www.ilheusnoticias.net.br\/v1\/wp-json\/wp\/v2\/posts\/12615"}],"collection":[{"href":"https:\/\/www.ilheusnoticias.net.br\/v1\/wp-json\/wp\/v2\/posts"}],"about":[{"href":"https:\/\/www.ilheusnoticias.net.br\/v1\/wp-json\/wp\/v2\/types\/post"}],"author":[{"embeddable":true,"href":"https:\/\/www.ilheusnoticias.net.br\/v1\/wp-json\/wp\/v2\/users\/2"}],"replies":[{"embeddable":true,"href":"https:\/\/www.ilheusnoticias.net.br\/v1\/wp-json\/wp\/v2\/comments?post=12615"}],"version-history":[{"count":1,"href":"https:\/\/www.ilheusnoticias.net.br\/v1\/wp-json\/wp\/v2\/posts\/12615\/revisions"}],"predecessor-version":[{"id":12616,"href":"https:\/\/www.ilheusnoticias.net.br\/v1\/wp-json\/wp\/v2\/posts\/12615\/revisions\/12616"}],"wp:attachment":[{"href":"https:\/\/www.ilheusnoticias.net.br\/v1\/wp-json\/wp\/v2\/media?parent=12615"}],"wp:term":[{"taxonomy":"category","embeddable":true,"href":"https:\/\/www.ilheusnoticias.net.br\/v1\/wp-json\/wp\/v2\/categories?post=12615"},{"taxonomy":"post_tag","embeddable":true,"href":"https:\/\/www.ilheusnoticias.net.br\/v1\/wp-json\/wp\/v2\/tags?post=12615"}],"curies":[{"name":"wp","href":"https:\/\/api.w.org\/{rel}","templated":true}]}}